{"id":8444,"date":"2023-05-24T16:50:37","date_gmt":"2023-05-24T20:50:37","guid":{"rendered":"http:\/\/www.ingenieriaindustrial-usach.cl\/?p=8444"},"modified":"2023-05-24T16:50:37","modified_gmt":"2023-05-24T20:50:37","slug":"yo-espero-representar-los-valores-de-la-usach-en-lo-que-hago","status":"publish","type":"post","link":"https:\/\/www.ingenieriaindustrial-usach.cl\/en\/noticias\/yo-espero-representar-los-valores-de-la-usach-en-lo-que-hago\/","title":{"rendered":"\u201cYo espero representar los valores de la Usach en lo que hago\u201d"},"content":{"rendered":"<blockquote>\n<h4><strong><i>As\u00ed lo expresa con gran convicci\u00f3n Marcela Guerra Herrera, Gerenta General de la CORFO e ingeniera civil Industrial titulada en la Universidad de Santiago de Chile.\u00a0<\/i><\/strong><\/h4>\n<h4><strong><i>\u201cLa Usach es una gran universidad. Mi padre dec\u00eda que era una universidad de barrio como la mejor del centro. Yo estoy muy contenta de haber estudiado en esta instituci\u00f3n, estoy feliz con la gente que me toc\u00f3 compartir, de quienes aprend\u00ed mucho, especialmente mis profesores\u201d, manifiesta.\u00a0<\/i><\/strong><\/h4>\n<\/blockquote>\n<p><span style=\"font-weight: 400;\">En abril de este a\u00f1o Marcela Guerra Herrera, ingeniera civil industrial por la Universidad de Santiago de Chile (Usach), fue nombrada gerente general de la Corporaci\u00f3n de Fomento de la Producci\u00f3n (CORFO), convirti\u00e9ndose as\u00ed en la primera mujer en ocupar ese cargo en esta emblem\u00e1tica agencia gubernamental creada en 1939.\u00a0<\/span><\/p>\n<p><span style=\"font-weight: 400;\">Esta destacada egresada de la Usach ven\u00eda de ocupar el cargo de subdirectora de Operaciones y Procesos, durante casi diez a\u00f1os, y otros cargos de subdirecci\u00f3n en el principal organismo de fomento productivo del pa\u00eds, al cual lleg\u00f3 siendo a\u00fan estudiante del Departamento de Ingenier\u00eda Industrial (DIIND), en el a\u00f1o 1994.\u00a0<\/span><\/p>\n<p><span style=\"font-weight: 400;\">Marcela Guerra recuerda que lleg\u00f3 a la CORFO a realizar su pr\u00e1ctica profesional y luego su memoria de t\u00edtulo. Una vez graduada se incorpor\u00f3 a la entidad, en el segundo gobierno de la transici\u00f3n, cuando reci\u00e9n se comenzaban a implementar programas de apoyo a las peque\u00f1as y medianas empresas. Seg\u00fan relata, lleg\u00f3 a un equipo de personas con gran experiencia, de quienes adquiri\u00f3 un gran aprendizaje en el dise\u00f1o y en las herramientas que el Estado pon\u00eda a disposici\u00f3n de las peque\u00f1as y medianas empresas.<\/span><\/p>\n<p><span style=\"font-weight: 400;\">Si bien cuando estudiaba la carrera de Ingenier\u00eda Civil Industrial se imaginaba trabajando en una empresa -tambi\u00e9n quiso ser psic\u00f3loga antes de decidirse por ingenier\u00eda-, hoy en la perspectiva del tiempo esta titulada de la Usach asegura que trabajar en el mundo p\u00fablico genera un importante enriquecimiento respecto del tipo de cosas que se pueden hacer, y desde d\u00f3nde puede estar hacer un aporte significativo.\u00a0<\/span><\/p>\n<p><span style=\"font-weight: 400;\">\u201cNo necesariamente un aporte para que un grupo empresarial genere mejores productos, m\u00e1s bien est\u00e1s aportando al desarrollo del pa\u00eds, y eso involucra dejar un grano de arena para tus hijos, tus nietos, para que este sea un mejor pa\u00eds\u201d, sentencia.\u00a0<\/span><\/p>\n<p><span style=\"font-weight: 400;\">La vocaci\u00f3n de servicio p\u00fablico queda en evidencia al conversar con Marcela Guerra. Esta ingeniera civil industrial sostiene que su vida laboral en la mayor\u00eda de las \u00e1reas de la CORFO le ha permitido conocer diferentes aristas del quehacer del Estado en favor de las empresas para generar mecanismos de desarrollo. Todo lo que se hace es \u201cpara que este pa\u00eds brinde oportunidades a todas las generaciones que vienen. Eso me ha marcado harto\u201d, enfatiza.\u00a0\u00a0<\/span><\/p>\n<p><b>Los inicios de una carrera ascendente<\/b><\/p>\n<p><span style=\"font-weight: 400;\">Marcela Guerra tiene buenos recuerdos del Departamento de Ingenier\u00eda Industrial y de la Universidad. Dice que decidi\u00f3 estudiar Ingenier\u00eda Civil Industrial por el conocimiento que adquiri\u00f3 acerca de esta carrera de personas que la hab\u00edan estudiado. \u201cDescubr\u00ed que era un mundo bien interesante, yo ten\u00eda ciertas habilidades para los temas matem\u00e1ticos y f\u00edsicos\u201d. puntualiza.<\/span><\/p>\n<p><span style=\"font-weight: 400;\">Una vez matriculada en la Universidad de Santiago de Chile vino lo mejor, seg\u00fan recuerda. \u201cDescubr\u00ed un mundo con tanta diversidad respecto a lo que hab\u00eda sido mi entorno, y con gente tan pro, tan aperrada, tan aut\u00e9ntica, que dije esto es lo m\u00edo\u201d.\u00a0<\/span><\/p>\n<p><span style=\"font-weight: 400;\">La gerente general de la CORFO recuerda con entusiasmo la experiencia de compartir clases con estudiantes de otras ingenier\u00edas en los primeros a\u00f1os y armar equipos de estudio, que finalmente se convirtieron en sus compa\u00f1eros de vida. \u201cLa interacci\u00f3n con los profesores y con toda la diversidad de la Universidad me encant\u00f3\u201d, asegura.\u00a0\u00a0\u00a0<\/span><\/p>\n<p><span style=\"font-weight: 400;\">Otro aspecto que destaca de proceso formativo en la Universidad fue la disponibilidad de recursos e infraestructura que hab\u00eda para enfrentar las distintas etapas de la vida universitaria. \u201cLa biblioteca era maravillosa, contar con una sala de computadores, espacios exclusivos para estudiar, las \u00e1reas verdes, todo eso es impagable. Uno ve hoy en d\u00eda otras universidades, que son solo edificios, sin \u00e1reas recreativas. Por eso es un gran valor el campus \u00fanico de la Usach\u201d, manifiesta.\u00a0\u00a0<\/span><\/p>\n<p><span style=\"font-weight: 400;\">Marcela Guerra asegura que la formaci\u00f3n en Ingenier\u00eda Civil Industrial ha sido relevante en su desarrollo profesional. En este sentido, dice que la manera de pensar que adquiri\u00f3 en ingenier\u00eda ha sido fundamental en su vida laboral. \u201cLa capacidad de hacer relaciones, pensar todo como una matriz de doble entrada, porque me ha servido para poder relacionar cosas que no son tan evidentes, y que en mi desarrollo profesional, yo dir\u00eda que eso ha sido bien importante\u201d, explica.\u00a0<\/span><\/p>\n<p><span style=\"font-weight: 400;\">Esta sobresaliente egresada del Departamento de Ingenier\u00eda Industrial de la Usach ocupa la gerencia general de la CORFO, cargo que reporta directamente a la Vicepresidencia Ejecutiva. En su labor aborda principalmente la organizaci\u00f3n y la definici\u00f3n de los temas que pasan al Consejo de la corporaci\u00f3n, lo que redunda finalmente en la implementaci\u00f3n de pol\u00edticas p\u00fablicas para el emprendimiento, la innovaci\u00f3n y la competitividad del pa\u00eds. Todo ello con el resguardo de los marcos legales, las pol\u00edticas y las estrategias que la actual administraci\u00f3n desea implementar en cuatro a\u00f1os.\u00a0<\/span><\/p>\n<p><b>\u201cTodo tiene un proceso y las cosas pasan cuando tienen que pasar\u201d<\/b><\/p>\n<p><span style=\"font-weight: 400;\">Desde su posici\u00f3n en alta direcci\u00f3n p\u00fablica, y tambi\u00e9n como ex alumna del Departamento de Ingenier\u00eda Industrial, Marcela Guerra insta a los j\u00f3venes estudiantes de esta unidad acad\u00e9mica a creer en sus capacidades y valorar el esfuerzo y la constancia, que tarde o temprano, dice, tienen su recompensa.\u00a0<\/span><\/p>\n<p><span style=\"font-weight: 400;\">En esta perspectiva, la profesional asegura que \u201cel esfuerzo, la dedicaci\u00f3n, y la seriedad con que uno se tome los trabajos que hace, o las cosas que emprende, se va a ver reflejado en los resultados, m\u00e1s tarde o m\u00e1s temprano, pero se ve reflejado\u201d, asevera.\u00a0\u00a0<\/span><\/p>\n<p><span style=\"font-weight: 400;\">Marcela Guerra tambi\u00e9n invita a los estudiantes del DIIND a ser fiel a sus convicciones, sin dejar de decir lo que uno piensa de manera respetuosa y adecuada, seg\u00fan las circunstancias, de manera tolerante, y de forma pertinente. \u201cLo que he aprendido en este per\u00edodo es que la meritocracia existe, el desempe\u00f1o si se valora y se reconoce, quiz\u00e1s no todo lo r\u00e1pido que uno quisiera. Las nuevas generaciones quieren retribuciones mucho m\u00e1s r\u00e1pido, y las cosas tienen un proceso y pasan cuando tienen que pasar\u201d, se\u00f1ala.\u00a0<\/span><\/p>\n<p><span style=\"font-weight: 400;\">Finalmente, la egresada de la Universidad de Santiago de Chile define lo que es para ella la unidad acad\u00e9mica que la form\u00f3. \u201cEl Departamento de Ingenier\u00eda Industrial me dio las herramientas para ser lo que hoy en d\u00eda soy\u201d. Y concluye diciendo: \u201cyo creo que una se trae un pedacito de su Alma Mater en la manera de actuar y de gestionar. Yo espero representar los valores de la Usach en lo que hago\u201d.\u00a0<\/span><\/p>\n","protected":false},"excerpt":{"rendered":"<p>As\u00ed lo expresa con gran convicci\u00f3n Marcela Guerra Herrera, Gerenta General de la CORFO e ingeniera civil Industrial titulada en la Universidad de Santiago de Chile.\u00a0 \u201cLa Usach es una gran universidad. Mi padre dec\u00eda que era una universidad de barrio como la mejor del centro. Yo estoy muy contenta &hellip; <a class=\"readmore\" href=\"https:\/\/www.ingenieriaindustrial-usach.cl\/en\/noticias\/yo-espero-representar-los-valores-de-la-usach-en-lo-que-hago\/\">Seguir Leyendo <span class=\"meta-nav\">&rarr;<\/span><\/a><\/p>\n","protected":false},"author":3,"featured_media":8420,"comment_status":"open","ping_status":"open","sticky":false,"template":"","format":"standard","meta":{"footnotes":"","_links_to":"","_links_to_target":""},"categories":[3,15,1],"tags":[],"tipo":[],"yoast_head":"<!-- This site is optimized with the Yoast SEO plugin v23.0 - https:\/\/yoast.com\/wordpress\/plugins\/seo\/ -->\n<title>\u201cYo espero representar los valores de la Usach en lo que hago\u201d - Departamento de Ingenier\u00eda Industrial Universidad de Santiago<\/title>\n<meta name=\"robots\" content=\"index, follow, max-snippet:-1, max-image-preview:large, max-video-preview:-1\" \/>\n<link rel=\"canonical\" href=\"https:\/\/www.ingenieriaindustrial-usach.cl\/noticias\/yo-espero-representar-los-valores-de-la-usach-en-lo-que-hago\/\" \/>\n<meta property=\"og:locale\" content=\"en_US\" \/>\n<meta property=\"og:type\" content=\"article\" \/>\n<meta property=\"og:title\" content=\"\u201cYo espero representar los valores de la Usach en lo que hago\u201d - Departamento de Ingenier\u00eda Industrial Universidad de Santiago\" \/>\n<meta property=\"og:description\" content=\"As\u00ed lo expresa con gran convicci\u00f3n Marcela Guerra Herrera, Gerenta General de la CORFO e ingeniera civil Industrial titulada en la Universidad de Santiago de Chile.\u00a0 \u201cLa Usach es una gran universidad. Mi padre dec\u00eda que era una universidad de barrio como la mejor del centro. Yo estoy muy contenta &hellip; Seguir Leyendo &rarr;\" \/>\n<meta property=\"og:url\" content=\"https:\/\/www.ingenieriaindustrial-usach.cl\/noticias\/yo-espero-representar-los-valores-de-la-usach-en-lo-que-hago\/\" \/>\n<meta property=\"og:site_name\" content=\"Departamento de Ingenier\u00eda Industrial Universidad de Santiago\" \/>\n<meta property=\"article:publisher\" content=\"https:\/\/web.facebook.com\/Depto.Ingenieria.industrial.UdeSantiagodeChile?_rdc=1&amp;_rdr\" \/>\n<meta property=\"article:published_time\" content=\"2023-05-24T20:50:37+00:00\" \/>\n<meta property=\"og:image\" content=\"https:\/\/www.ingenieriaindustrial-usach.cl\/wp-content\/uploads\/2023\/05\/marcela.jpg\" \/>\n\t<meta property=\"og:image:width\" content=\"400\" \/>\n\t<meta property=\"og:image:height\" content=\"500\" \/>\n\t<meta property=\"og:image:type\" content=\"image\/jpeg\" \/>\n<meta name=\"author\" content=\"Departamento Intenier\u00eda Industrial USACH\" \/>\n<meta name=\"twitter:card\" content=\"summary_large_image\" \/>\n<meta name=\"twitter:label1\" content=\"Written by\" \/>\n\t<meta name=\"twitter:data1\" content=\"Departamento Intenier\u00eda Industrial USACH\" \/>\n\t<meta name=\"twitter:label2\" content=\"Est. reading time\" \/>\n\t<meta name=\"twitter:data2\" content=\"6 minutes\" \/>\n<script type=\"application\/ld+json\" class=\"yoast-schema-graph\">{\"@context\":\"https:\/\/schema.org\",\"@graph\":[{\"@type\":\"Article\",\"@id\":\"https:\/\/www.ingenieriaindustrial-usach.cl\/noticias\/yo-espero-representar-los-valores-de-la-usach-en-lo-que-hago\/#article\",\"isPartOf\":{\"@id\":\"https:\/\/www.ingenieriaindustrial-usach.cl\/noticias\/yo-espero-representar-los-valores-de-la-usach-en-lo-que-hago\/\"},\"author\":{\"name\":\"Departamento Intenier\u00eda Industrial USACH\",\"@id\":\"https:\/\/www.ingenieriaindustrial-usach.cl\/#\/schema\/person\/427d4f95ef64457e2e16890ac3e62007\"},\"headline\":\"\u201cYo espero representar los valores de la Usach en lo que hago\u201d\",\"datePublished\":\"2023-05-24T20:50:37+00:00\",\"dateModified\":\"2023-05-24T20:50:37+00:00\",\"mainEntityOfPage\":{\"@id\":\"https:\/\/www.ingenieriaindustrial-usach.cl\/noticias\/yo-espero-representar-los-valores-de-la-usach-en-lo-que-hago\/\"},\"wordCount\":1210,\"commentCount\":0,\"publisher\":{\"@id\":\"https:\/\/www.ingenieriaindustrial-usach.cl\/#organization\"},\"image\":{\"@id\":\"https:\/\/www.ingenieriaindustrial-usach.cl\/noticias\/yo-espero-representar-los-valores-de-la-usach-en-lo-que-hago\/#primaryimage\"},\"thumbnailUrl\":\"https:\/\/www.ingenieriaindustrial-usach.cl\/wp-content\/uploads\/2023\/05\/marcela.jpg\",\"articleSection\":[\"Destacadas\",\"Entrevistas a Egresados\",\"Noticias\"],\"inLanguage\":\"en-US\",\"potentialAction\":[{\"@type\":\"CommentAction\",\"name\":\"Comment\",\"target\":[\"https:\/\/www.ingenieriaindustrial-usach.cl\/noticias\/yo-espero-representar-los-valores-de-la-usach-en-lo-que-hago\/#respond\"]}]},{\"@type\":\"WebPage\",\"@id\":\"https:\/\/www.ingenieriaindustrial-usach.cl\/noticias\/yo-espero-representar-los-valores-de-la-usach-en-lo-que-hago\/\",\"url\":\"https:\/\/www.ingenieriaindustrial-usach.cl\/noticias\/yo-espero-representar-los-valores-de-la-usach-en-lo-que-hago\/\",\"name\":\"\u201cYo espero representar los valores de la Usach en lo que hago\u201d - Departamento de Ingenier\u00eda Industrial Universidad de Santiago\",\"isPartOf\":{\"@id\":\"https:\/\/www.ingenieriaindustrial-usach.cl\/#website\"},\"primaryImageOfPage\":{\"@id\":\"https:\/\/www.ingenieriaindustrial-usach.cl\/noticias\/yo-espero-representar-los-valores-de-la-usach-en-lo-que-hago\/#primaryimage\"},\"image\":{\"@id\":\"https:\/\/www.ingenieriaindustrial-usach.cl\/noticias\/yo-espero-representar-los-valores-de-la-usach-en-lo-que-hago\/#primaryimage\"},\"thumbnailUrl\":\"https:\/\/www.ingenieriaindustrial-usach.cl\/wp-content\/uploads\/2023\/05\/marcela.jpg\",\"datePublished\":\"2023-05-24T20:50:37+00:00\",\"dateModified\":\"2023-05-24T20:50:37+00:00\",\"breadcrumb\":{\"@id\":\"https:\/\/www.ingenieriaindustrial-usach.cl\/noticias\/yo-espero-representar-los-valores-de-la-usach-en-lo-que-hago\/#breadcrumb\"},\"inLanguage\":\"en-US\",\"potentialAction\":[{\"@type\":\"ReadAction\",\"target\":[\"https:\/\/www.ingenieriaindustrial-usach.cl\/noticias\/yo-espero-representar-los-valores-de-la-usach-en-lo-que-hago\/\"]}]},{\"@type\":\"ImageObject\",\"inLanguage\":\"en-US\",\"@id\":\"https:\/\/www.ingenieriaindustrial-usach.cl\/noticias\/yo-espero-representar-los-valores-de-la-usach-en-lo-que-hago\/#primaryimage\",\"url\":\"https:\/\/www.ingenieriaindustrial-usach.cl\/wp-content\/uploads\/2023\/05\/marcela.jpg\",\"contentUrl\":\"https:\/\/www.ingenieriaindustrial-usach.cl\/wp-content\/uploads\/2023\/05\/marcela.jpg\",\"width\":400,\"height\":500},{\"@type\":\"BreadcrumbList\",\"@id\":\"https:\/\/www.ingenieriaindustrial-usach.cl\/noticias\/yo-espero-representar-los-valores-de-la-usach-en-lo-que-hago\/#breadcrumb\",\"itemListElement\":[{\"@type\":\"ListItem\",\"position\":1,\"name\":\"Portada\",\"item\":\"https:\/\/www.ingenieriaindustrial-usach.cl\/\"},{\"@type\":\"ListItem\",\"position\":2,\"name\":\"\u201cYo espero representar los valores de la Usach en lo que hago\u201d\"}]},{\"@type\":\"WebSite\",\"@id\":\"https:\/\/www.ingenieriaindustrial-usach.cl\/#website\",\"url\":\"https:\/\/www.ingenieriaindustrial-usach.cl\/\",\"name\":\"Departamento de Ingenier\u00eda Industrial Universidad de Santiago\",\"description\":\"Otro sitio realizado con WordPress\",\"publisher\":{\"@id\":\"https:\/\/www.ingenieriaindustrial-usach.cl\/#organization\"},\"potentialAction\":[{\"@type\":\"SearchAction\",\"target\":{\"@type\":\"EntryPoint\",\"urlTemplate\":\"https:\/\/www.ingenieriaindustrial-usach.cl\/?s={search_term_string}\"},\"query-input\":\"required name=search_term_string\"}],\"inLanguage\":\"en-US\"},{\"@type\":\"Organization\",\"@id\":\"https:\/\/www.ingenieriaindustrial-usach.cl\/#organization\",\"name\":\"Departamento de Ingenier\u00eda Industrial Universidad de Santiago\",\"url\":\"https:\/\/www.ingenieriaindustrial-usach.cl\/\",\"logo\":{\"@type\":\"ImageObject\",\"inLanguage\":\"en-US\",\"@id\":\"https:\/\/www.ingenieriaindustrial-usach.cl\/#\/schema\/logo\/image\/\",\"url\":\"https:\/\/www.ingenieriaindustrial-usach.cl\/wp-content\/uploads\/2023\/11\/cropped-favicon_usach-01.png\",\"contentUrl\":\"https:\/\/www.ingenieriaindustrial-usach.cl\/wp-content\/uploads\/2023\/11\/cropped-favicon_usach-01.png\",\"width\":512,\"height\":512,\"caption\":\"Departamento de Ingenier\u00eda Industrial Universidad de Santiago\"},\"image\":{\"@id\":\"https:\/\/www.ingenieriaindustrial-usach.cl\/#\/schema\/logo\/image\/\"},\"sameAs\":[\"https:\/\/web.facebook.com\/Depto.Ingenieria.industrial.UdeSantiagodeChile?_rdc=1&_rdr\",\"https:\/\/www.linkedin.com\/in\/departamento-ingeniera-industrial-usach-94780711b\/\",\"https:\/\/www.instagram.com\/ingenieria_industrial_usach\/\"]},{\"@type\":\"Person\",\"@id\":\"https:\/\/www.ingenieriaindustrial-usach.cl\/#\/schema\/person\/427d4f95ef64457e2e16890ac3e62007\",\"name\":\"Departamento Intenier\u00eda Industrial USACH\",\"image\":{\"@type\":\"ImageObject\",\"inLanguage\":\"en-US\",\"@id\":\"https:\/\/www.ingenieriaindustrial-usach.cl\/#\/schema\/person\/image\/\",\"url\":\"https:\/\/www.ingenieriaindustrial-usach.cl\/wp-content\/litespeed\/avatar\/c89373088fbc5a525fde67d81c2043ff.jpg?ver=1777477920\",\"contentUrl\":\"https:\/\/www.ingenieriaindustrial-usach.cl\/wp-content\/litespeed\/avatar\/c89373088fbc5a525fde67d81c2043ff.jpg?ver=1777477920\",\"caption\":\"Departamento Intenier\u00eda Industrial USACH\"},\"sameAs\":[\"http:\/\/www.usach.cl\"],\"url\":\"https:\/\/www.ingenieriaindustrial-usach.cl\/en\/author\/eduardo\/\"}]}<\/script>\n<!-- \/ Yoast SEO plugin. -->","yoast_head_json":{"title":"\u201cYo espero representar los valores de la Usach en lo que hago\u201d - Departamento de Ingenier\u00eda Industrial Universidad de Santiago","robots":{"index":"index","follow":"follow","max-snippet":"max-snippet:-1","max-image-preview":"max-image-preview:large","max-video-preview":"max-video-preview:-1"},"canonical":"https:\/\/www.ingenieriaindustrial-usach.cl\/noticias\/yo-espero-representar-los-valores-de-la-usach-en-lo-que-hago\/","og_locale":"en_US","og_type":"article","og_title":"\u201cYo espero representar los valores de la Usach en lo que hago\u201d - Departamento de Ingenier\u00eda Industrial Universidad de Santiago","og_description":"As\u00ed lo expresa con gran convicci\u00f3n Marcela Guerra Herrera, Gerenta General de la CORFO e ingeniera civil Industrial titulada en la Universidad de Santiago de Chile.\u00a0 \u201cLa Usach es una gran universidad. Mi padre dec\u00eda que era una universidad de barrio como la mejor del centro. Yo estoy muy contenta &hellip; Seguir Leyendo &rarr;","og_url":"https:\/\/www.ingenieriaindustrial-usach.cl\/noticias\/yo-espero-representar-los-valores-de-la-usach-en-lo-que-hago\/","og_site_name":"Departamento de Ingenier\u00eda Industrial Universidad de Santiago","article_publisher":"https:\/\/web.facebook.com\/Depto.Ingenieria.industrial.UdeSantiagodeChile?_rdc=1&_rdr","article_published_time":"2023-05-24T20:50:37+00:00","og_image":[{"width":400,"height":500,"url":"https:\/\/www.ingenieriaindustrial-usach.cl\/wp-content\/uploads\/2023\/05\/marcela.jpg","type":"image\/jpeg"}],"author":"Departamento Intenier\u00eda Industrial USACH","twitter_card":"summary_large_image","twitter_misc":{"Written by":"Departamento Intenier\u00eda Industrial USACH","Est. reading time":"6 minutes"},"schema":{"@context":"https:\/\/schema.org","@graph":[{"@type":"Article","@id":"https:\/\/www.ingenieriaindustrial-usach.cl\/noticias\/yo-espero-representar-los-valores-de-la-usach-en-lo-que-hago\/#article","isPartOf":{"@id":"https:\/\/www.ingenieriaindustrial-usach.cl\/noticias\/yo-espero-representar-los-valores-de-la-usach-en-lo-que-hago\/"},"author":{"name":"Departamento Intenier\u00eda Industrial USACH","@id":"https:\/\/www.ingenieriaindustrial-usach.cl\/#\/schema\/person\/427d4f95ef64457e2e16890ac3e62007"},"headline":"\u201cYo espero representar los valores de la Usach en lo que hago\u201d","datePublished":"2023-05-24T20:50:37+00:00","dateModified":"2023-05-24T20:50:37+00:00","mainEntityOfPage":{"@id":"https:\/\/www.ingenieriaindustrial-usach.cl\/noticias\/yo-espero-representar-los-valores-de-la-usach-en-lo-que-hago\/"},"wordCount":1210,"commentCount":0,"publisher":{"@id":"https:\/\/www.ingenieriaindustrial-usach.cl\/#organization"},"image":{"@id":"https:\/\/www.ingenieriaindustrial-usach.cl\/noticias\/yo-espero-representar-los-valores-de-la-usach-en-lo-que-hago\/#primaryimage"},"thumbnailUrl":"https:\/\/www.ingenieriaindustrial-usach.cl\/wp-content\/uploads\/2023\/05\/marcela.jpg","articleSection":["Destacadas","Entrevistas a Egresados","Noticias"],"inLanguage":"en-US","potentialAction":[{"@type":"CommentAction","name":"Comment","target":["https:\/\/www.ingenieriaindustrial-usach.cl\/noticias\/yo-espero-representar-los-valores-de-la-usach-en-lo-que-hago\/#respond"]}]},{"@type":"WebPage","@id":"https:\/\/www.ingenieriaindustrial-usach.cl\/noticias\/yo-espero-representar-los-valores-de-la-usach-en-lo-que-hago\/","url":"https:\/\/www.ingenieriaindustrial-usach.cl\/noticias\/yo-espero-representar-los-valores-de-la-usach-en-lo-que-hago\/","name":"\u201cYo espero representar los valores de la Usach en lo que hago\u201d - Departamento de Ingenier\u00eda Industrial Universidad de Santiago","isPartOf":{"@id":"https:\/\/www.ingenieriaindustrial-usach.cl\/#website"},"primaryImageOfPage":{"@id":"https:\/\/www.ingenieriaindustrial-usach.cl\/noticias\/yo-espero-representar-los-valores-de-la-usach-en-lo-que-hago\/#primaryimage"},"image":{"@id":"https:\/\/www.ingenieriaindustrial-usach.cl\/noticias\/yo-espero-representar-los-valores-de-la-usach-en-lo-que-hago\/#primaryimage"},"thumbnailUrl":"https:\/\/www.ingenieriaindustrial-usach.cl\/wp-content\/uploads\/2023\/05\/marcela.jpg","datePublished":"2023-05-24T20:50:37+00:00","dateModified":"2023-05-24T20:50:37+00:00","breadcrumb":{"@id":"https:\/\/www.ingenieriaindustrial-usach.cl\/noticias\/yo-espero-representar-los-valores-de-la-usach-en-lo-que-hago\/#breadcrumb"},"inLanguage":"en-US","potentialAction":[{"@type":"ReadAction","target":["https:\/\/www.ingenieriaindustrial-usach.cl\/noticias\/yo-espero-representar-los-valores-de-la-usach-en-lo-que-hago\/"]}]},{"@type":"ImageObject","inLanguage":"en-US","@id":"https:\/\/www.ingenieriaindustrial-usach.cl\/noticias\/yo-espero-representar-los-valores-de-la-usach-en-lo-que-hago\/#primaryimage","url":"https:\/\/www.ingenieriaindustrial-usach.cl\/wp-content\/uploads\/2023\/05\/marcela.jpg","contentUrl":"https:\/\/www.ingenieriaindustrial-usach.cl\/wp-content\/uploads\/2023\/05\/marcela.jpg","width":400,"height":500},{"@type":"BreadcrumbList","@id":"https:\/\/www.ingenieriaindustrial-usach.cl\/noticias\/yo-espero-representar-los-valores-de-la-usach-en-lo-que-hago\/#breadcrumb","itemListElement":[{"@type":"ListItem","position":1,"name":"Portada","item":"https:\/\/www.ingenieriaindustrial-usach.cl\/"},{"@type":"ListItem","position":2,"name":"\u201cYo espero representar los valores de la Usach en lo que hago\u201d"}]},{"@type":"WebSite","@id":"https:\/\/www.ingenieriaindustrial-usach.cl\/#website","url":"https:\/\/www.ingenieriaindustrial-usach.cl\/","name":"Departamento de Ingenier\u00eda Industrial Universidad de Santiago","description":"Otro sitio realizado con WordPress","publisher":{"@id":"https:\/\/www.ingenieriaindustrial-usach.cl\/#organization"},"potentialAction":[{"@type":"SearchAction","target":{"@type":"EntryPoint","urlTemplate":"https:\/\/www.ingenieriaindustrial-usach.cl\/?s={search_term_string}"},"query-input":"required name=search_term_string"}],"inLanguage":"en-US"},{"@type":"Organization","@id":"https:\/\/www.ingenieriaindustrial-usach.cl\/#organization","name":"Departamento de Ingenier\u00eda Industrial Universidad de Santiago","url":"https:\/\/www.ingenieriaindustrial-usach.cl\/","logo":{"@type":"ImageObject","inLanguage":"en-US","@id":"https:\/\/www.ingenieriaindustrial-usach.cl\/#\/schema\/logo\/image\/","url":"https:\/\/www.ingenieriaindustrial-usach.cl\/wp-content\/uploads\/2023\/11\/cropped-favicon_usach-01.png","contentUrl":"https:\/\/www.ingenieriaindustrial-usach.cl\/wp-content\/uploads\/2023\/11\/cropped-favicon_usach-01.png","width":512,"height":512,"caption":"Departamento de Ingenier\u00eda Industrial Universidad de Santiago"},"image":{"@id":"https:\/\/www.ingenieriaindustrial-usach.cl\/#\/schema\/logo\/image\/"},"sameAs":["https:\/\/web.facebook.com\/Depto.Ingenieria.industrial.UdeSantiagodeChile?_rdc=1&_rdr","https:\/\/www.linkedin.com\/in\/departamento-ingeniera-industrial-usach-94780711b\/","https:\/\/www.instagram.com\/ingenieria_industrial_usach\/"]},{"@type":"Person","@id":"https:\/\/www.ingenieriaindustrial-usach.cl\/#\/schema\/person\/427d4f95ef64457e2e16890ac3e62007","name":"Departamento Intenier\u00eda Industrial USACH","image":{"@type":"ImageObject","inLanguage":"en-US","@id":"https:\/\/www.ingenieriaindustrial-usach.cl\/#\/schema\/person\/image\/","url":"https:\/\/www.ingenieriaindustrial-usach.cl\/wp-content\/litespeed\/avatar\/c89373088fbc5a525fde67d81c2043ff.jpg?ver=1777477920","contentUrl":"https:\/\/www.ingenieriaindustrial-usach.cl\/wp-content\/litespeed\/avatar\/c89373088fbc5a525fde67d81c2043ff.jpg?ver=1777477920","caption":"Departamento Intenier\u00eda Industrial USACH"},"sameAs":["http:\/\/www.usach.cl"],"url":"https:\/\/www.ingenieriaindustrial-usach.cl\/en\/author\/eduardo\/"}]}},"_links":{"self":[{"href":"https:\/\/www.ingenieriaindustrial-usach.cl\/en\/wp-json\/wp\/v2\/posts\/8444"}],"collection":[{"href":"https:\/\/www.ingenieriaindustrial-usach.cl\/en\/wp-json\/wp\/v2\/posts"}],"about":[{"href":"https:\/\/www.ingenieriaindustrial-usach.cl\/en\/wp-json\/wp\/v2\/types\/post"}],"author":[{"embeddable":true,"href":"https:\/\/www.ingenieriaindustrial-usach.cl\/en\/wp-json\/wp\/v2\/users\/3"}],"replies":[{"embeddable":true,"href":"https:\/\/www.ingenieriaindustrial-usach.cl\/en\/wp-json\/wp\/v2\/comments?post=8444"}],"version-history":[{"count":1,"href":"https:\/\/www.ingenieriaindustrial-usach.cl\/en\/wp-json\/wp\/v2\/posts\/8444\/revisions"}],"predecessor-version":[{"id":8445,"href":"https:\/\/www.ingenieriaindustrial-usach.cl\/en\/wp-json\/wp\/v2\/posts\/8444\/revisions\/8445"}],"wp:featuredmedia":[{"embeddable":true,"href":"https:\/\/www.ingenieriaindustrial-usach.cl\/en\/wp-json\/wp\/v2\/media\/8420"}],"wp:attachment":[{"href":"https:\/\/www.ingenieriaindustrial-usach.cl\/en\/wp-json\/wp\/v2\/media?parent=8444"}],"wp:term":[{"taxonomy":"category","embeddable":true,"href":"https:\/\/www.ingenieriaindustrial-usach.cl\/en\/wp-json\/wp\/v2\/categories?post=8444"},{"taxonomy":"post_tag","embeddable":true,"href":"https:\/\/www.ingenieriaindustrial-usach.cl\/en\/wp-json\/wp\/v2\/tags?post=8444"},{"taxonomy":"tipo","embeddable":true,"href":"https:\/\/www.ingenieriaindustrial-usach.cl\/en\/wp-json\/wp\/v2\/tipo?post=8444"}],"curies":[{"name":"wp","href":"https:\/\/api.w.org\/{rel}","templated":true}]}}