{"id":7592,"date":"2022-08-19T10:25:14","date_gmt":"2022-08-19T14:25:14","guid":{"rendered":"http:\/\/www.ingenieriaindustrial-usach.cl\/?p=7592"},"modified":"2022-08-19T10:26:43","modified_gmt":"2022-08-19T14:26:43","slug":"rector-dr-rodrigo-vidal-presenta-a-nuevas-autoridades-que-asumiran-cargos-ejecutivos-en-nuestra-universidad","status":"publish","type":"post","link":"https:\/\/www.ingenieriaindustrial-usach.cl\/en\/noticias\/rector-dr-rodrigo-vidal-presenta-a-nuevas-autoridades-que-asumiran-cargos-ejecutivos-en-nuestra-universidad\/","title":{"rendered":"Rector Dr. Rodrigo Vidal presenta a nuevas autoridades que asumir\u00e1n cargos ejecutivos en nuestra Universidad"},"content":{"rendered":"<p><\/p>\n<blockquote><p>La m\u00e1xima autoridad del Plantel al anunciar las designaciones se\u00f1al\u00f3 que para el gobierno universitario es fundamental renovar el compromiso con la comunidad, reforzando que \u201cs\u00f3lo seremos capaces de lograr grandes cambios mediante el trabajo colaborativo y unificado, para ser una Universidad m\u00e1s humana, con equidad e inclusi\u00f3n, democr\u00e1tica, transparente y comprometida con la sociedad y el Estado\u201d.<\/p><\/blockquote>\n<p><em><strong>El rector de la Universidad de Santiago, Dr. Rodrigo Vidal dio a conocer las nuevas autoridades que asumir\u00e1n cargos ejecutivos en nuestra Casa de Estudios, correspondientes a la Prorrector\u00eda, Vicerrector\u00edas, Secretar\u00eda General y Direcci\u00f3n Ejecutiva de Rector\u00eda.<\/strong> <\/em><\/p>\n<p>El rector de la Universidad de Santiago, Dr. Rodrigo Vidal dio a conocer las nuevas autoridades que asumir\u00e1n cargos ejecutivos en nuestra Casa de Estudios, correspondientes a la Prorrector\u00eda, Vicerrector\u00edas, Secretar\u00eda General y Direcci\u00f3n Ejecutiva de Rector\u00eda.<\/p>\n<p>A trav\u00e9s de un comunicado, el Dr. Vidal, junto con saludar en su calidad de rector de la Usach, afirma que\u00a0\u00a0para el gobierno universitario es fundamental renovar el compromiso con la comunidad, reforzando que \u201c<strong>s\u00f3lo seremos capaces de lograr grandes cambios mediante el trabajo colaborativo y unificado, para ser una Universidad m\u00e1s humana, con equidad e inclusi\u00f3n, democr\u00e1tica, transparente y comprometida con la sociedad y el Estado\u201d.<\/strong><\/p>\n<p>Dicho esto, present\u00f3 a las autoridades que asumir\u00e1n en los diferentes cargos ejecutivos:<\/p>\n<p><strong>-Dr. Pedro Palominos Belmar \u2013 Prorrector:<\/strong>\u00a0Es\u00a0\u00a0Ingeniero Civil Industrial (1985) y Licenciado en Ciencias de la Ingenier\u00eda por la Universidad de Santiago Chile (1981); Ingeniero de Ejecuci\u00f3n Textil (1980) por la Universidad T\u00e9cnica del Estado; Mag\u00edster en Ciencias de la Ingenier\u00eda de la Producci\u00f3n (1991) por la Universidad Federal del Rio de Janeiro (COPPE\/UFRJ), Brasil y Doctor Ingeniero Industrial por la Universidad de Polit\u00e9cnica de Catalu\u00f1a (1996), Espa\u00f1a. Profesor Titular de la Universidad de Santiago de Chile. Fue director de la Direcci\u00f3n de Calidad y Sistemas de la Universidad de Santiago de Chile, director de la Direcci\u00f3n de Gesti\u00f3n Estrat\u00e9gica y prorrector de la misma Universidad durante el periodo agosto 2010- septiembre 2016. En la actualidad, dirige y coordina el Programa Centro de Smartcity Lab de la Facultad de Ingenier\u00eda y adem\u00e1s es el subdirector de Investigaci\u00f3n del Departamento de Ingenier\u00eda Industrial.<\/p>\n<p><strong>-Dra. Laura Almendares Calder\u00f3n &#8211; Vicerrector\u00eda Acad\u00e9mica<\/strong>: Es Ingeniera Agr\u00f3noma, mag\u00edster en producci\u00f3n agr\u00edcola y doctorada en Procesos Sociales y Pol\u00edticos en Am\u00e9rica Latina. Ha ejercido la docencia desde los a\u00f1os 80. Ha sido vicedecana de Docencia y decana de la Facultad Tecnol\u00f3gica, en ambos cargos por dos per\u00edodos. Ha dirigido equipos de profesionales para crear nuevas instituciones de ense\u00f1anza t\u00e9cnico profesional y nuevas carreras profesionales universitarias. Es evaluadora institucional oficial de instituciones de educaci\u00f3n superior nacionales e internacionales (CNA y SINAES). Dirige un equipo interdisciplinario de investigaci\u00f3n con financiamiento externo realizados en los \u00faltimos 10 a\u00f1os; producto de estos hay 3 patentes nacionales y otras internacionales, actualmente est\u00e1 en proceso de licitaci\u00f3n de una de ellas con el Hubapta de Corfo.<\/p>\n<p><strong>-Dr. Jorge Pavez &#8211; Vicerrector\u00eda de Investigaci\u00f3n, Desarrollo e Innovaci\u00f3n<\/strong>: Es profesor titular del Departamento de Qu\u00edmica de Los Materiales de la Facultad de Qu\u00edmica y Biolog\u00eda, doctor en Qu\u00edmica por la Universidad de Santiago de Chile en 2001. Acad\u00e9mico Jornada Completa desde 2005. Activo Investigador en el \u00e1rea de la Fisicoqu\u00edmica de Superficies, donde ha sido director de variados Proyectos de Investigaci\u00f3n (Fondecyt-ANID) y ha dirigido una decena de Tesis de Doctorado. Se desempe\u00f1\u00f3 como director del Departamento de Qu\u00edmica de Los Materiales en dos per\u00edodos (2017 al 2020).<\/p>\n<p><strong>-Dra. Karina Arias Yurisch &#8211; Vicerrector\u00eda de Apoyo al Estudiante:<\/strong>\u00a0Ph.D Public Administration and Policy de Florida State University, Estados Unidos; Mag\u00edster Gesti\u00f3n Cultural de la Universidad de Chile y Licenciada en Administraci\u00f3n P\u00fablica de la Universidad de Santiago de Chile. Fue Vicerrectora de Vinculaci\u00f3n con el Medio de la Universidad de Santiago de Chile en el periodo 2016-2021.<\/p>\n<p><strong>-Dr. Humberto Prado Castillo &#8211; Vicerrector\u00eda de Postgrado:<\/strong>\u00a0\u00a0Ph.D. The University of Iowa, EE.UU. 1989, director de tesis: Palle E. T. Jorgensen., M.S. in Mathematics, The University of Iowa, EE.UU. 1986, Mag\u00edster en Matem\u00e1tica, Universidad de Chile, 1983. Licenciatura en Matem\u00e1tica, Universidad de Chile, 1979. Profesor Titular Universidad de Santiago de Chile, Subdirector de investigaci\u00f3n, del Departamento de Matem\u00e1tica y Ciencia de la Computaci\u00f3n, Universidad de Santiago de Chile, 1999-2007. Evaluador de diferentes proyectos de las universidades: de Concepci\u00f3n, T\u00e9cnica Federico Santa Mar\u00eda, Universidad de Antofagasta, Cat\u00f3lica del Norte. Adem\u00e1s de proyectos de Fondecyt y Mecesup. Evaluador, de programas de Doctorado nacionales, para la Comisi\u00f3n Nacional de Acreditaci\u00f3n, desde 2018. Integrante del comit\u00e9 de estudio \u00e1rea de Matem\u00e1tica y Estad\u00edstica, Comisi\u00f3n Nacional de Acreditaci\u00f3n, CNA, desde 2019.<\/p>\n<p><strong>-Dra. Patricia Pallavicini Magnere &#8211; Vicerrector\u00eda de Vinculaci\u00f3n con el Medio<\/strong>: Doctora en Estudios Americanos, Menci\u00f3n Pensamiento y Cultura, Instituto de Estudios Avanzados, Universidad de Santiago de Chile (2005 &#8211; 2011). Acad\u00e9mica del Instituto de Estudios Avanzados (IDEA). Forma parte de la Instituci\u00f3n desde el a\u00f1o 1999, per\u00edodo en el que se ha desempe\u00f1ado en funciones de coordinaci\u00f3n y labores directivas en la Escuela de Psicolog\u00eda, en la Unidad de Innovaci\u00f3n Educativa (UNIE), el cargo de Vicerrectora Acad\u00e9mica y como directora de IDEA. Ha participado y dirigido proyectos de investigaci\u00f3n, vinculaci\u00f3n con el medio y diversos proyectos desarrollo intra e interinstitucionales, principalmente con recursos mediados por la Divisi\u00f3n de Educaci\u00f3n Superior del Ministerio de Educaci\u00f3n como Mecesup, Proyectos de Mejoramiento Institucional y Programa PACE. En ejercicio de estos roles, se ha integrado activamente en comisiones y redes de trabajo con otras instituciones de educaci\u00f3n superior. Entre el 2016 y 2018 se desempe\u00f1\u00f3 como presidenta de la Comisi\u00f3n de Vicerrectores Acad\u00e9micos del Consejo de Rectores de Universidades Chilenas. Actualmente, es directora de la C\u00e1tedra Unesco sobre Inclusi\u00f3n en Educaci\u00f3n Superior Universitaria, Universidad de Santiago de Chile.<\/p>\n<p><strong>-Francisco Zambrano Meza &#8211; Secretario General (s):<\/strong>\u00a0Abogado, licenciado en Ciencias Jur\u00eddicas y Sociales de la U. de Chile, mag\u00edster en Derecho P\u00fablico de la U. de Chile (c), post\u00edtulo en Docencia Universitaria por la U. de Santiago, acad\u00e9mico de la Facultad de Derecho de la U. de Santiago, ex profesor invitado de la Escuela de Gobierno y Gesti\u00f3n P\u00fablica de la U. de Chile, y de la Escuela de Ciencias Sociales de la U. de O\u2019Higgins (Rancagua). Consultor en distintas materias de Derecho Constitucional y Regulaci\u00f3n Administrativa.<\/p>\n<p>Junto con los anteriores anuncios,\u00a0\u00a0se inform\u00f3\u00a0\u00a0que\u00a0<strong>Noem\u00ed Quintana Duarte ser\u00e1 la directora ejecutiva de Rector\u00eda<\/strong>. Es arquitecta con Post\u00edtulo en Arquitectura y Post\u00edtulo de Especializaci\u00f3n en Dise\u00f1o Arquitect\u00f3nico. Fue Consejera Acad\u00e9mica Superior entre el a\u00f1o 2019-2021, presidenta de la Federaci\u00f3n de Estudiantes (Feusach) 2020-2021 y vocera de la Confederaci\u00f3n de Estudiantes de Chile (Confech) durante el a\u00f1o 2021. Elegida como una de las 100 j\u00f3venes l\u00edderes en Chile de la revista S\u00e1bado del a\u00f1o 2021.<\/p>\n<div class=\"creditos\">\n<div class=\"field field--name-field-autor field--type-taxonomy-term-reference field--label-above\">\n<div class=\"field__label\">Autor:<\/div>\n<div class=\"field__items\">\n<div class=\"field__item even\">Comunicaciones Rector\u00eda<\/div>\n<\/div>\n<\/div>\n<div class=\"field field--name-field-fotograf-a field--type-taxonomy-term-reference field--label-above\">\n<div class=\"field__label\">Fotograf\u00eda:<\/div>\n<div class=\"field__items\">\n<div class=\"field__item even\">Archivo Comunicaciones<\/div>\n<\/div>\n<\/div>\n<div class=\"field field--name-field-noticia-tags field--type-taxonomy-term-reference field--label-inline clearfix\">\n<div class=\"field__label\">Tags:<\/div>\n<div class=\"field__items\">\n<div class=\"field__item even\"><a href=\"https:\/\/www.usach.cl\/tags\/rectoria\">Rector\u00eda<\/a><\/div>\n<div class=\"field__item odd\"><a href=\"https:\/\/www.usach.cl\/tags\/autoridades\">autoridades<\/a><\/div>\n<\/div>\n<\/div>\n<\/div>\n<p>&nbsp;<\/p>","protected":false},"excerpt":{"rendered":"<p>La m\u00e1xima autoridad del Plantel al anunciar las designaciones se\u00f1al\u00f3 que para el gobierno universitario es fundamental renovar el compromiso con la comunidad, reforzando que \u201cs\u00f3lo seremos capaces de lograr grandes cambios mediante el trabajo colaborativo y unificado, para ser una Universidad m\u00e1s humana, con equidad e inclusi\u00f3n, democr\u00e1tica, transparente &hellip; <a class=\"readmore\" href=\"https:\/\/www.ingenieriaindustrial-usach.cl\/en\/noticias\/rector-dr-rodrigo-vidal-presenta-a-nuevas-autoridades-que-asumiran-cargos-ejecutivos-en-nuestra-universidad\/\">Seguir Leyendo <span class=\"meta-nav\">&rarr;<\/span><\/a><\/p>\n","protected":false},"author":3,"featured_media":7593,"comment_status":"open","ping_status":"open","sticky":false,"template":"","format":"standard","meta":{"footnotes":"","_links_to":"","_links_to_target":""},"categories":[3,1],"tags":[],"tipo":[],"yoast_head":"<!-- This site is optimized with the Yoast SEO plugin v23.0 - https:\/\/yoast.com\/wordpress\/plugins\/seo\/ -->\n<title>Rector Dr. Rodrigo Vidal presenta a nuevas autoridades que asumir\u00e1n cargos ejecutivos en nuestra Universidad - Departamento de Ingenier\u00eda Industrial Universidad de Santiago<\/title>\n<meta name=\"robots\" content=\"index, follow, max-snippet:-1, max-image-preview:large, max-video-preview:-1\" \/>\n<link rel=\"canonical\" href=\"https:\/\/www.ingenieriaindustrial-usach.cl\/noticias\/rector-dr-rodrigo-vidal-presenta-a-nuevas-autoridades-que-asumiran-cargos-ejecutivos-en-nuestra-universidad\/\" \/>\n<meta property=\"og:locale\" content=\"en_US\" \/>\n<meta property=\"og:type\" content=\"article\" \/>\n<meta property=\"og:title\" content=\"Rector Dr. Rodrigo Vidal presenta a nuevas autoridades que asumir\u00e1n cargos ejecutivos en nuestra Universidad - Departamento de Ingenier\u00eda Industrial Universidad de Santiago\" \/>\n<meta property=\"og:description\" content=\"La m\u00e1xima autoridad del Plantel al anunciar las designaciones se\u00f1al\u00f3 que para el gobierno universitario es fundamental renovar el compromiso con la comunidad, reforzando que \u201cs\u00f3lo seremos capaces de lograr grandes cambios mediante el trabajo colaborativo y unificado, para ser una Universidad m\u00e1s humana, con equidad e inclusi\u00f3n, democr\u00e1tica, transparente &hellip; Seguir Leyendo &rarr;\" \/>\n<meta property=\"og:url\" content=\"https:\/\/www.ingenieriaindustrial-usach.cl\/noticias\/rector-dr-rodrigo-vidal-presenta-a-nuevas-autoridades-que-asumiran-cargos-ejecutivos-en-nuestra-universidad\/\" \/>\n<meta property=\"og:site_name\" content=\"Departamento de Ingenier\u00eda Industrial Universidad de Santiago\" \/>\n<meta property=\"article:publisher\" content=\"https:\/\/web.facebook.com\/Depto.Ingenieria.industrial.UdeSantiagodeChile?_rdc=1&amp;_rdr\" \/>\n<meta property=\"article:published_time\" content=\"2022-08-19T14:25:14+00:00\" \/>\n<meta property=\"article:modified_time\" content=\"2022-08-19T14:26:43+00:00\" \/>\n<meta property=\"og:image\" content=\"https:\/\/www.ingenieriaindustrial-usach.cl\/wp-content\/uploads\/2022\/08\/298727234_5665224336842477_4144407240476486519_n.jpg\" \/>\n\t<meta property=\"og:image:width\" content=\"1080\" \/>\n\t<meta property=\"og:image:height\" content=\"1080\" \/>\n\t<meta property=\"og:image:type\" content=\"image\/jpeg\" \/>\n<meta name=\"author\" content=\"Departamento Intenier\u00eda Industrial USACH\" \/>\n<meta name=\"twitter:card\" content=\"summary_large_image\" \/>\n<meta name=\"twitter:label1\" content=\"Written by\" \/>\n\t<meta name=\"twitter:data1\" content=\"Departamento Intenier\u00eda Industrial USACH\" \/>\n\t<meta name=\"twitter:label2\" content=\"Est. reading time\" \/>\n\t<meta name=\"twitter:data2\" content=\"12 minutes\" \/>\n<script type=\"application\/ld+json\" class=\"yoast-schema-graph\">{\"@context\":\"https:\/\/schema.org\",\"@graph\":[{\"@type\":\"Article\",\"@id\":\"https:\/\/www.ingenieriaindustrial-usach.cl\/noticias\/rector-dr-rodrigo-vidal-presenta-a-nuevas-autoridades-que-asumiran-cargos-ejecutivos-en-nuestra-universidad\/#article\",\"isPartOf\":{\"@id\":\"https:\/\/www.ingenieriaindustrial-usach.cl\/noticias\/rector-dr-rodrigo-vidal-presenta-a-nuevas-autoridades-que-asumiran-cargos-ejecutivos-en-nuestra-universidad\/\"},\"author\":{\"name\":\"Departamento Intenier\u00eda Industrial USACH\",\"@id\":\"https:\/\/www.ingenieriaindustrial-usach.cl\/#\/schema\/person\/427d4f95ef64457e2e16890ac3e62007\"},\"headline\":\"Rector Dr. Rodrigo Vidal presenta a nuevas autoridades que asumir\u00e1n cargos ejecutivos en nuestra Universidad\",\"datePublished\":\"2022-08-19T14:25:14+00:00\",\"dateModified\":\"2022-08-19T14:26:43+00:00\",\"mainEntityOfPage\":{\"@id\":\"https:\/\/www.ingenieriaindustrial-usach.cl\/noticias\/rector-dr-rodrigo-vidal-presenta-a-nuevas-autoridades-que-asumiran-cargos-ejecutivos-en-nuestra-universidad\/\"},\"wordCount\":2492,\"commentCount\":0,\"publisher\":{\"@id\":\"https:\/\/www.ingenieriaindustrial-usach.cl\/#organization\"},\"image\":{\"@id\":\"https:\/\/www.ingenieriaindustrial-usach.cl\/noticias\/rector-dr-rodrigo-vidal-presenta-a-nuevas-autoridades-que-asumiran-cargos-ejecutivos-en-nuestra-universidad\/#primaryimage\"},\"thumbnailUrl\":\"https:\/\/www.ingenieriaindustrial-usach.cl\/wp-content\/uploads\/2022\/08\/298727234_5665224336842477_4144407240476486519_n.jpg\",\"articleSection\":[\"Destacadas\",\"Noticias\"],\"inLanguage\":\"en-US\",\"potentialAction\":[{\"@type\":\"CommentAction\",\"name\":\"Comment\",\"target\":[\"https:\/\/www.ingenieriaindustrial-usach.cl\/noticias\/rector-dr-rodrigo-vidal-presenta-a-nuevas-autoridades-que-asumiran-cargos-ejecutivos-en-nuestra-universidad\/#respond\"]}]},{\"@type\":\"WebPage\",\"@id\":\"https:\/\/www.ingenieriaindustrial-usach.cl\/noticias\/rector-dr-rodrigo-vidal-presenta-a-nuevas-autoridades-que-asumiran-cargos-ejecutivos-en-nuestra-universidad\/\",\"url\":\"https:\/\/www.ingenieriaindustrial-usach.cl\/noticias\/rector-dr-rodrigo-vidal-presenta-a-nuevas-autoridades-que-asumiran-cargos-ejecutivos-en-nuestra-universidad\/\",\"name\":\"Rector Dr. Rodrigo Vidal presenta a nuevas autoridades que asumir\u00e1n cargos ejecutivos en nuestra Universidad - Departamento de Ingenier\u00eda Industrial Universidad de Santiago\",\"isPartOf\":{\"@id\":\"https:\/\/www.ingenieriaindustrial-usach.cl\/#website\"},\"primaryImageOfPage\":{\"@id\":\"https:\/\/www.ingenieriaindustrial-usach.cl\/noticias\/rector-dr-rodrigo-vidal-presenta-a-nuevas-autoridades-que-asumiran-cargos-ejecutivos-en-nuestra-universidad\/#primaryimage\"},\"image\":{\"@id\":\"https:\/\/www.ingenieriaindustrial-usach.cl\/noticias\/rector-dr-rodrigo-vidal-presenta-a-nuevas-autoridades-que-asumiran-cargos-ejecutivos-en-nuestra-universidad\/#primaryimage\"},\"thumbnailUrl\":\"https:\/\/www.ingenieriaindustrial-usach.cl\/wp-content\/uploads\/2022\/08\/298727234_5665224336842477_4144407240476486519_n.jpg\",\"datePublished\":\"2022-08-19T14:25:14+00:00\",\"dateModified\":\"2022-08-19T14:26:43+00:00\",\"breadcrumb\":{\"@id\":\"https:\/\/www.ingenieriaindustrial-usach.cl\/noticias\/rector-dr-rodrigo-vidal-presenta-a-nuevas-autoridades-que-asumiran-cargos-ejecutivos-en-nuestra-universidad\/#breadcrumb\"},\"inLanguage\":\"en-US\",\"potentialAction\":[{\"@type\":\"ReadAction\",\"target\":[\"https:\/\/www.ingenieriaindustrial-usach.cl\/noticias\/rector-dr-rodrigo-vidal-presenta-a-nuevas-autoridades-que-asumiran-cargos-ejecutivos-en-nuestra-universidad\/\"]}]},{\"@type\":\"ImageObject\",\"inLanguage\":\"en-US\",\"@id\":\"https:\/\/www.ingenieriaindustrial-usach.cl\/noticias\/rector-dr-rodrigo-vidal-presenta-a-nuevas-autoridades-que-asumiran-cargos-ejecutivos-en-nuestra-universidad\/#primaryimage\",\"url\":\"https:\/\/www.ingenieriaindustrial-usach.cl\/wp-content\/uploads\/2022\/08\/298727234_5665224336842477_4144407240476486519_n.jpg\",\"contentUrl\":\"https:\/\/www.ingenieriaindustrial-usach.cl\/wp-content\/uploads\/2022\/08\/298727234_5665224336842477_4144407240476486519_n.jpg\",\"width\":1080,\"height\":1080},{\"@type\":\"BreadcrumbList\",\"@id\":\"https:\/\/www.ingenieriaindustrial-usach.cl\/noticias\/rector-dr-rodrigo-vidal-presenta-a-nuevas-autoridades-que-asumiran-cargos-ejecutivos-en-nuestra-universidad\/#breadcrumb\",\"itemListElement\":[{\"@type\":\"ListItem\",\"position\":1,\"name\":\"Portada\",\"item\":\"https:\/\/www.ingenieriaindustrial-usach.cl\/\"},{\"@type\":\"ListItem\",\"position\":2,\"name\":\"Rector Dr. Rodrigo Vidal presenta a nuevas autoridades que asumir\u00e1n cargos ejecutivos en nuestra Universidad\"}]},{\"@type\":\"WebSite\",\"@id\":\"https:\/\/www.ingenieriaindustrial-usach.cl\/#website\",\"url\":\"https:\/\/www.ingenieriaindustrial-usach.cl\/\",\"name\":\"Departamento de Ingenier\u00eda Industrial Universidad de Santiago\",\"description\":\"Otro sitio realizado con WordPress\",\"publisher\":{\"@id\":\"https:\/\/www.ingenieriaindustrial-usach.cl\/#organization\"},\"potentialAction\":[{\"@type\":\"SearchAction\",\"target\":{\"@type\":\"EntryPoint\",\"urlTemplate\":\"https:\/\/www.ingenieriaindustrial-usach.cl\/?s={search_term_string}\"},\"query-input\":\"required name=search_term_string\"}],\"inLanguage\":\"en-US\"},{\"@type\":\"Organization\",\"@id\":\"https:\/\/www.ingenieriaindustrial-usach.cl\/#organization\",\"name\":\"Departamento de Ingenier\u00eda Industrial Universidad de Santiago\",\"url\":\"https:\/\/www.ingenieriaindustrial-usach.cl\/\",\"logo\":{\"@type\":\"ImageObject\",\"inLanguage\":\"en-US\",\"@id\":\"https:\/\/www.ingenieriaindustrial-usach.cl\/#\/schema\/logo\/image\/\",\"url\":\"https:\/\/www.ingenieriaindustrial-usach.cl\/wp-content\/uploads\/2023\/11\/cropped-favicon_usach-01.png\",\"contentUrl\":\"https:\/\/www.ingenieriaindustrial-usach.cl\/wp-content\/uploads\/2023\/11\/cropped-favicon_usach-01.png\",\"width\":512,\"height\":512,\"caption\":\"Departamento de Ingenier\u00eda Industrial Universidad de Santiago\"},\"image\":{\"@id\":\"https:\/\/www.ingenieriaindustrial-usach.cl\/#\/schema\/logo\/image\/\"},\"sameAs\":[\"https:\/\/web.facebook.com\/Depto.Ingenieria.industrial.UdeSantiagodeChile?_rdc=1&_rdr\",\"https:\/\/www.linkedin.com\/in\/departamento-ingeniera-industrial-usach-94780711b\/\",\"https:\/\/www.instagram.com\/ingenieria_industrial_usach\/\"]},{\"@type\":\"Person\",\"@id\":\"https:\/\/www.ingenieriaindustrial-usach.cl\/#\/schema\/person\/427d4f95ef64457e2e16890ac3e62007\",\"name\":\"Departamento Intenier\u00eda Industrial USACH\",\"image\":{\"@type\":\"ImageObject\",\"inLanguage\":\"en-US\",\"@id\":\"https:\/\/www.ingenieriaindustrial-usach.cl\/#\/schema\/person\/image\/\",\"url\":\"https:\/\/www.ingenieriaindustrial-usach.cl\/wp-content\/litespeed\/avatar\/c89373088fbc5a525fde67d81c2043ff.jpg?ver=1777477920\",\"contentUrl\":\"https:\/\/www.ingenieriaindustrial-usach.cl\/wp-content\/litespeed\/avatar\/c89373088fbc5a525fde67d81c2043ff.jpg?ver=1777477920\",\"caption\":\"Departamento Intenier\u00eda Industrial USACH\"},\"sameAs\":[\"http:\/\/www.usach.cl\"],\"url\":\"https:\/\/www.ingenieriaindustrial-usach.cl\/en\/author\/eduardo\/\"}]}<\/script>\n<!-- \/ Yoast SEO plugin. -->","yoast_head_json":{"title":"Rector Dr. Rodrigo Vidal presenta a nuevas autoridades que asumir\u00e1n cargos ejecutivos en nuestra Universidad - Departamento de Ingenier\u00eda Industrial Universidad de Santiago","robots":{"index":"index","follow":"follow","max-snippet":"max-snippet:-1","max-image-preview":"max-image-preview:large","max-video-preview":"max-video-preview:-1"},"canonical":"https:\/\/www.ingenieriaindustrial-usach.cl\/noticias\/rector-dr-rodrigo-vidal-presenta-a-nuevas-autoridades-que-asumiran-cargos-ejecutivos-en-nuestra-universidad\/","og_locale":"en_US","og_type":"article","og_title":"Rector Dr. Rodrigo Vidal presenta a nuevas autoridades que asumir\u00e1n cargos ejecutivos en nuestra Universidad - Departamento de Ingenier\u00eda Industrial Universidad de Santiago","og_description":"La m\u00e1xima autoridad del Plantel al anunciar las designaciones se\u00f1al\u00f3 que para el gobierno universitario es fundamental renovar el compromiso con la comunidad, reforzando que \u201cs\u00f3lo seremos capaces de lograr grandes cambios mediante el trabajo colaborativo y unificado, para ser una Universidad m\u00e1s humana, con equidad e inclusi\u00f3n, democr\u00e1tica, transparente &hellip; Seguir Leyendo &rarr;","og_url":"https:\/\/www.ingenieriaindustrial-usach.cl\/noticias\/rector-dr-rodrigo-vidal-presenta-a-nuevas-autoridades-que-asumiran-cargos-ejecutivos-en-nuestra-universidad\/","og_site_name":"Departamento de Ingenier\u00eda Industrial Universidad de Santiago","article_publisher":"https:\/\/web.facebook.com\/Depto.Ingenieria.industrial.UdeSantiagodeChile?_rdc=1&_rdr","article_published_time":"2022-08-19T14:25:14+00:00","article_modified_time":"2022-08-19T14:26:43+00:00","og_image":[{"width":1080,"height":1080,"url":"https:\/\/www.ingenieriaindustrial-usach.cl\/wp-content\/uploads\/2022\/08\/298727234_5665224336842477_4144407240476486519_n.jpg","type":"image\/jpeg"}],"author":"Departamento Intenier\u00eda Industrial USACH","twitter_card":"summary_large_image","twitter_misc":{"Written by":"Departamento Intenier\u00eda Industrial USACH","Est. reading time":"12 minutes"},"schema":{"@context":"https:\/\/schema.org","@graph":[{"@type":"Article","@id":"https:\/\/www.ingenieriaindustrial-usach.cl\/noticias\/rector-dr-rodrigo-vidal-presenta-a-nuevas-autoridades-que-asumiran-cargos-ejecutivos-en-nuestra-universidad\/#article","isPartOf":{"@id":"https:\/\/www.ingenieriaindustrial-usach.cl\/noticias\/rector-dr-rodrigo-vidal-presenta-a-nuevas-autoridades-que-asumiran-cargos-ejecutivos-en-nuestra-universidad\/"},"author":{"name":"Departamento Intenier\u00eda Industrial USACH","@id":"https:\/\/www.ingenieriaindustrial-usach.cl\/#\/schema\/person\/427d4f95ef64457e2e16890ac3e62007"},"headline":"Rector Dr. Rodrigo Vidal presenta a nuevas autoridades que asumir\u00e1n cargos ejecutivos en nuestra Universidad","datePublished":"2022-08-19T14:25:14+00:00","dateModified":"2022-08-19T14:26:43+00:00","mainEntityOfPage":{"@id":"https:\/\/www.ingenieriaindustrial-usach.cl\/noticias\/rector-dr-rodrigo-vidal-presenta-a-nuevas-autoridades-que-asumiran-cargos-ejecutivos-en-nuestra-universidad\/"},"wordCount":2492,"commentCount":0,"publisher":{"@id":"https:\/\/www.ingenieriaindustrial-usach.cl\/#organization"},"image":{"@id":"https:\/\/www.ingenieriaindustrial-usach.cl\/noticias\/rector-dr-rodrigo-vidal-presenta-a-nuevas-autoridades-que-asumiran-cargos-ejecutivos-en-nuestra-universidad\/#primaryimage"},"thumbnailUrl":"https:\/\/www.ingenieriaindustrial-usach.cl\/wp-content\/uploads\/2022\/08\/298727234_5665224336842477_4144407240476486519_n.jpg","articleSection":["Destacadas","Noticias"],"inLanguage":"en-US","potentialAction":[{"@type":"CommentAction","name":"Comment","target":["https:\/\/www.ingenieriaindustrial-usach.cl\/noticias\/rector-dr-rodrigo-vidal-presenta-a-nuevas-autoridades-que-asumiran-cargos-ejecutivos-en-nuestra-universidad\/#respond"]}]},{"@type":"WebPage","@id":"https:\/\/www.ingenieriaindustrial-usach.cl\/noticias\/rector-dr-rodrigo-vidal-presenta-a-nuevas-autoridades-que-asumiran-cargos-ejecutivos-en-nuestra-universidad\/","url":"https:\/\/www.ingenieriaindustrial-usach.cl\/noticias\/rector-dr-rodrigo-vidal-presenta-a-nuevas-autoridades-que-asumiran-cargos-ejecutivos-en-nuestra-universidad\/","name":"Rector Dr. Rodrigo Vidal presenta a nuevas autoridades que asumir\u00e1n cargos ejecutivos en nuestra Universidad - Departamento de Ingenier\u00eda Industrial Universidad de Santiago","isPartOf":{"@id":"https:\/\/www.ingenieriaindustrial-usach.cl\/#website"},"primaryImageOfPage":{"@id":"https:\/\/www.ingenieriaindustrial-usach.cl\/noticias\/rector-dr-rodrigo-vidal-presenta-a-nuevas-autoridades-que-asumiran-cargos-ejecutivos-en-nuestra-universidad\/#primaryimage"},"image":{"@id":"https:\/\/www.ingenieriaindustrial-usach.cl\/noticias\/rector-dr-rodrigo-vidal-presenta-a-nuevas-autoridades-que-asumiran-cargos-ejecutivos-en-nuestra-universidad\/#primaryimage"},"thumbnailUrl":"https:\/\/www.ingenieriaindustrial-usach.cl\/wp-content\/uploads\/2022\/08\/298727234_5665224336842477_4144407240476486519_n.jpg","datePublished":"2022-08-19T14:25:14+00:00","dateModified":"2022-08-19T14:26:43+00:00","breadcrumb":{"@id":"https:\/\/www.ingenieriaindustrial-usach.cl\/noticias\/rector-dr-rodrigo-vidal-presenta-a-nuevas-autoridades-que-asumiran-cargos-ejecutivos-en-nuestra-universidad\/#breadcrumb"},"inLanguage":"en-US","potentialAction":[{"@type":"ReadAction","target":["https:\/\/www.ingenieriaindustrial-usach.cl\/noticias\/rector-dr-rodrigo-vidal-presenta-a-nuevas-autoridades-que-asumiran-cargos-ejecutivos-en-nuestra-universidad\/"]}]},{"@type":"ImageObject","inLanguage":"en-US","@id":"https:\/\/www.ingenieriaindustrial-usach.cl\/noticias\/rector-dr-rodrigo-vidal-presenta-a-nuevas-autoridades-que-asumiran-cargos-ejecutivos-en-nuestra-universidad\/#primaryimage","url":"https:\/\/www.ingenieriaindustrial-usach.cl\/wp-content\/uploads\/2022\/08\/298727234_5665224336842477_4144407240476486519_n.jpg","contentUrl":"https:\/\/www.ingenieriaindustrial-usach.cl\/wp-content\/uploads\/2022\/08\/298727234_5665224336842477_4144407240476486519_n.jpg","width":1080,"height":1080},{"@type":"BreadcrumbList","@id":"https:\/\/www.ingenieriaindustrial-usach.cl\/noticias\/rector-dr-rodrigo-vidal-presenta-a-nuevas-autoridades-que-asumiran-cargos-ejecutivos-en-nuestra-universidad\/#breadcrumb","itemListElement":[{"@type":"ListItem","position":1,"name":"Portada","item":"https:\/\/www.ingenieriaindustrial-usach.cl\/"},{"@type":"ListItem","position":2,"name":"Rector Dr. Rodrigo Vidal presenta a nuevas autoridades que asumir\u00e1n cargos ejecutivos en nuestra Universidad"}]},{"@type":"WebSite","@id":"https:\/\/www.ingenieriaindustrial-usach.cl\/#website","url":"https:\/\/www.ingenieriaindustrial-usach.cl\/","name":"Departamento de Ingenier\u00eda Industrial Universidad de Santiago","description":"Otro sitio realizado con WordPress","publisher":{"@id":"https:\/\/www.ingenieriaindustrial-usach.cl\/#organization"},"potentialAction":[{"@type":"SearchAction","target":{"@type":"EntryPoint","urlTemplate":"https:\/\/www.ingenieriaindustrial-usach.cl\/?s={search_term_string}"},"query-input":"required name=search_term_string"}],"inLanguage":"en-US"},{"@type":"Organization","@id":"https:\/\/www.ingenieriaindustrial-usach.cl\/#organization","name":"Departamento de Ingenier\u00eda Industrial Universidad de Santiago","url":"https:\/\/www.ingenieriaindustrial-usach.cl\/","logo":{"@type":"ImageObject","inLanguage":"en-US","@id":"https:\/\/www.ingenieriaindustrial-usach.cl\/#\/schema\/logo\/image\/","url":"https:\/\/www.ingenieriaindustrial-usach.cl\/wp-content\/uploads\/2023\/11\/cropped-favicon_usach-01.png","contentUrl":"https:\/\/www.ingenieriaindustrial-usach.cl\/wp-content\/uploads\/2023\/11\/cropped-favicon_usach-01.png","width":512,"height":512,"caption":"Departamento de Ingenier\u00eda Industrial Universidad de Santiago"},"image":{"@id":"https:\/\/www.ingenieriaindustrial-usach.cl\/#\/schema\/logo\/image\/"},"sameAs":["https:\/\/web.facebook.com\/Depto.Ingenieria.industrial.UdeSantiagodeChile?_rdc=1&_rdr","https:\/\/www.linkedin.com\/in\/departamento-ingeniera-industrial-usach-94780711b\/","https:\/\/www.instagram.com\/ingenieria_industrial_usach\/"]},{"@type":"Person","@id":"https:\/\/www.ingenieriaindustrial-usach.cl\/#\/schema\/person\/427d4f95ef64457e2e16890ac3e62007","name":"Departamento Intenier\u00eda Industrial USACH","image":{"@type":"ImageObject","inLanguage":"en-US","@id":"https:\/\/www.ingenieriaindustrial-usach.cl\/#\/schema\/person\/image\/","url":"https:\/\/www.ingenieriaindustrial-usach.cl\/wp-content\/litespeed\/avatar\/c89373088fbc5a525fde67d81c2043ff.jpg?ver=1777477920","contentUrl":"https:\/\/www.ingenieriaindustrial-usach.cl\/wp-content\/litespeed\/avatar\/c89373088fbc5a525fde67d81c2043ff.jpg?ver=1777477920","caption":"Departamento Intenier\u00eda Industrial USACH"},"sameAs":["http:\/\/www.usach.cl"],"url":"https:\/\/www.ingenieriaindustrial-usach.cl\/en\/author\/eduardo\/"}]}},"_links":{"self":[{"href":"https:\/\/www.ingenieriaindustrial-usach.cl\/en\/wp-json\/wp\/v2\/posts\/7592"}],"collection":[{"href":"https:\/\/www.ingenieriaindustrial-usach.cl\/en\/wp-json\/wp\/v2\/posts"}],"about":[{"href":"https:\/\/www.ingenieriaindustrial-usach.cl\/en\/wp-json\/wp\/v2\/types\/post"}],"author":[{"embeddable":true,"href":"https:\/\/www.ingenieriaindustrial-usach.cl\/en\/wp-json\/wp\/v2\/users\/3"}],"replies":[{"embeddable":true,"href":"https:\/\/www.ingenieriaindustrial-usach.cl\/en\/wp-json\/wp\/v2\/comments?post=7592"}],"version-history":[{"count":1,"href":"https:\/\/www.ingenieriaindustrial-usach.cl\/en\/wp-json\/wp\/v2\/posts\/7592\/revisions"}],"predecessor-version":[{"id":7594,"href":"https:\/\/www.ingenieriaindustrial-usach.cl\/en\/wp-json\/wp\/v2\/posts\/7592\/revisions\/7594"}],"wp:featuredmedia":[{"embeddable":true,"href":"https:\/\/www.ingenieriaindustrial-usach.cl\/en\/wp-json\/wp\/v2\/media\/7593"}],"wp:attachment":[{"href":"https:\/\/www.ingenieriaindustrial-usach.cl\/en\/wp-json\/wp\/v2\/media?parent=7592"}],"wp:term":[{"taxonomy":"category","embeddable":true,"href":"https:\/\/www.ingenieriaindustrial-usach.cl\/en\/wp-json\/wp\/v2\/categories?post=7592"},{"taxonomy":"post_tag","embeddable":true,"href":"https:\/\/www.ingenieriaindustrial-usach.cl\/en\/wp-json\/wp\/v2\/tags?post=7592"},{"taxonomy":"tipo","embeddable":true,"href":"https:\/\/www.ingenieriaindustrial-usach.cl\/en\/wp-json\/wp\/v2\/tipo?post=7592"}],"curies":[{"name":"wp","href":"https:\/\/api.w.org\/{rel}","templated":true}]}}