{"id":4292,"date":"2019-12-04T16:22:41","date_gmt":"2019-12-04T19:22:41","guid":{"rendered":"http:\/\/www.ingenieriaindustrial-usach.cl\/?p=4292"},"modified":"2019-12-04T17:14:29","modified_gmt":"2019-12-04T20:14:29","slug":"mi-vision-es-exportar-planes-de-capacitacion-laboral-a-toda-america-latina-2","status":"publish","type":"post","link":"https:\/\/www.ingenieriaindustrial-usach.cl\/en\/noticias\/mi-vision-es-exportar-planes-de-capacitacion-laboral-a-toda-america-latina-2\/","title":{"rendered":"\u201cMi visi\u00f3n es exportar planes de capacitaci\u00f3n laboral a toda Am\u00e9rica Latina\u201d"},"content":{"rendered":"<blockquote><p><b><i>As\u00ed lo sostiene Sandra Figueroa Neira, fundadora de la OTEC M\u00e1s T\u00fa Capacitaciones e integrante de la Red de Emprendedores del Departamento de Ingenier\u00eda Industrial de la Universidad de Santiago de Chile.\u00a0<\/i><\/b><\/p><\/blockquote>\n<p><span style=\"font-weight: 400;\">Entusiasta y optimista. As\u00ed es la emprendedora Sandra Figueroa Neira, gerente propietaria del organismo t\u00e9cnico de capacitaci\u00f3n M\u00c1S T\u00da, e integrante de la Red de Emprendedores del Departamento de Ingenier\u00eda Industrial de la Universidad de Santiago de Chile. La profesional tambi\u00e9n forma parte del Comit\u00e9 de Pymes de la C\u00e1mara de Comercio de Santiago.\u00a0<\/span><\/p>\n<p><span style=\"font-weight: 400;\">Titulada como Ingeniera de Ejecuci\u00f3n en Inform\u00e1tica y egresada del programa de prosecuci\u00f3n de estudios de Ingenier\u00eda Civil Industrial de la Universidad de Santiago de Chile, en gran parte de su carrera ocup\u00f3 cargos como jefa de proyectos inform\u00e1ticos.\u00a0<\/span><\/p>\n<p><span style=\"font-weight: 400;\">Fue as\u00ed como se desempe\u00f1\u00f3 en el Grupo de Empresas Ultramar, ligado fuertemente al transporte mar\u00edtimo y a los servicios de apoyo al comercio exterior; y en una consultora de servicios tecnol\u00f3gicos dedicada al desarrollo de software y transformaci\u00f3n digital.\u00a0<\/span><\/p>\n<p><span style=\"font-weight: 400;\">Sandra Figueroa confiesa que estando en la consultora decidi\u00f3 cambiarse al \u00e1rea comercial, una vez concluidos sus estudios de Ingenier\u00eda Civil Industrial. \u201cNo es que estuviese aburrida del \u00e1rea inform\u00e1tica. Sucede que estaba demasiado encasillada en un \u00e1rea sin poder ver qu\u00e9 hab\u00eda m\u00e1s arriba. Yo quer\u00eda trabajar en otras cosas, de manera m\u00e1s transversal\u201d, reconoce.\u00a0<\/span><\/p>\n<p><span style=\"font-weight: 400;\">Ya dedicada completamente a la gesti\u00f3n comercial, Sandra Figueroa logr\u00f3 desempe\u00f1arse en una empresa que estaba ejecutando un programa del Gobierno dirigido a peque\u00f1as y medianas empresas. Gracias a su gran capacidad de comunicaci\u00f3n y sus deseos de realizar aportes sociales, comenz\u00f3 a trabajar en un programa para emprendedores con los municipios de Conchal\u00ed, San Joaqu\u00edn y \u00d1u\u00f1oa. A partir de ello decidi\u00f3 iniciar su propio negocio en el rubro de la capacitaci\u00f3n laboral.<\/span><\/p>\n<p>&nbsp;<\/p>\n<p><b><i>\u00bfPor qu\u00e9 eligi\u00f3 estudiar Ingenier\u00eda Civil Industrial en la U. de Santiago de Chile?<\/i><\/b><\/p>\n<p><span style=\"font-weight: 400;\">Siempre quise estudiar Ingenier\u00eda Civil Industrial en la universidad. En una primera instancia no lo pude hacer, no obstante apenas me consolid\u00e9 en lo laboral decid\u00ed estudiar la carrera en la U. de Santiago de Chile. Opt\u00e9 por esta instituci\u00f3n por el perfil riguroso y t\u00e9cnico de las Ingenier\u00edas.\u00a0<\/span><\/p>\n<p><b><i>\u00bfC\u00f3mo fue su experiencia como estudiante del Departamento de Ingenier\u00eda Industrial?<\/i><\/b><\/p>\n<p><span style=\"font-weight: 400;\">Ha sido una de las mejores experiencias que he vivido. Hice muy buenos amigos y esas amistades perduran hasta el d\u00eda de hoy. Cursando la asignatura de Teor\u00eda de Sistemas comenz\u00f3 mi inter\u00e9s por emprender. Los contenidos de esa asignatura me dieron la claridad sobre formas de vivir, de actuar y de pensar.\u00a0<\/span><\/p>\n<p><b><i>\u00bfEn qu\u00e9 momento y por qu\u00e9 decide realizar un emprendimiento?\u00a0<\/i><\/b><\/p>\n<p><span style=\"font-weight: 400;\">Siempre he sido super creativa, me gusta hacer proyectos. Mi facilidad de comunicaci\u00f3n y de relaciones interpersonales me abri\u00f3 las puertas en una empresa de capacitaci\u00f3n laboral. Mi desempe\u00f1o fue bueno por lo que decid\u00ed formar mi propio organismo t\u00e9cnico de capacitaci\u00f3n. El inicio de mi empresa no fue f\u00e1cil, comenc\u00e9 a aplicar todo lo que aprend\u00ed en la carrera de Ingenier\u00eda Civil Industrial.\u00a0<\/span><\/p>\n<p><b><i>\u00bfQu\u00e9 dificultades iniciales tuvo que sortear?<\/i><\/b><\/p>\n<p><span style=\"font-weight: 400;\">Creo que me falt\u00f3 contar con un ecosistema de emprendimiento.\u00a0 En Chile no es f\u00e1cil ser emprendedor, es importante tener un entorno que est\u00e9 es la misma parada. Si hubiese tenido a la Red de Emprendedores en el momento que decid\u00ed tener mi empresa, quiz\u00e1s hubiese sido, para mejor. Hoy con mi empresa ya consolidada mi visi\u00f3n es exportar planes de capacitaci\u00f3n laboral a toda Am\u00e9rica Latina<\/span><\/p>\n<p><b><i>\u00bfEn qu\u00e9 medida su formaci\u00f3n de pregrado en el Departamento de Ingenier\u00eda Industrial contribuy\u00f3 en su desarrollo profesional?<\/i><\/b><\/p>\n<p><span style=\"font-weight: 400;\">En una buena medida. Hay elementos importantes de la carrera, como fue la asignatura de Administraci\u00f3n de la Producci\u00f3n, que han sido un aporte valioso a mi rol de emprendedora. Hubo otra asignatura en que aprend\u00ed la estrategia competitiva de Michael Porter, la cual uso d\u00eda a d\u00eda con mi empresa y la que me ha permitido dar a la OTEC un sello distintivo, que se traduce en un compromiso con el aprendizaje efectivo de los trabajadores y estar alineados con la Agenda 2030 para el Desarrollo Sostenible. De esta forma espero ser parte de Empresas B y obtener la Certificaci\u00f3n del Sello para la Igualdad de G\u00e9nero.\u00a0<\/span><\/p>\n<p><b><i>\u00bfC\u00f3mo definir\u00eda en una sola frase o concepto al Departamento de Ingenier\u00eda Industrial de la Universidad de Santiago de Chile?<\/i><\/b><\/p>\n<p><span style=\"font-weight: 400;\">Como estudiante fue mi sue\u00f1o cumplido y mi futuro. Hoy en d\u00eda es un apoyo a mi trabajo, y algo que rescato del Departamento de Ingenier\u00eda Industrial son las herramientas y t\u00e9cnicas metodol\u00f3gicas que me entregaron para potenciar mis habilidades, las cuales han sido parte importante de los cimientos de mi emprendimiento.<\/span><\/p>\n<p>&nbsp;<\/p>\n","protected":false},"excerpt":{"rendered":"<p>As\u00ed lo sostiene Sandra Figueroa Neira, fundadora de la OTEC M\u00e1s T\u00fa Capacitaciones e integrante de la Red de Emprendedores del Departamento de Ingenier\u00eda Industrial de la Universidad de Santiago de Chile.\u00a0 Entusiasta y optimista. As\u00ed es la emprendedora Sandra Figueroa Neira, gerente propietaria del organismo t\u00e9cnico de capacitaci\u00f3n M\u00c1S &hellip; <a class=\"readmore\" href=\"https:\/\/www.ingenieriaindustrial-usach.cl\/en\/noticias\/mi-vision-es-exportar-planes-de-capacitacion-laboral-a-toda-america-latina-2\/\">Seguir Leyendo <span class=\"meta-nav\">&rarr;<\/span><\/a><\/p>\n","protected":false},"author":3,"featured_media":4293,"comment_status":"open","ping_status":"open","sticky":false,"template":"","format":"standard","meta":{"footnotes":"","_links_to":"","_links_to_target":""},"categories":[3,1],"tags":[],"tipo":[],"yoast_head":"<!-- This site is optimized with the Yoast SEO plugin v23.0 - https:\/\/yoast.com\/wordpress\/plugins\/seo\/ -->\n<title>\u201cMi visi\u00f3n es exportar planes de capacitaci\u00f3n laboral a toda Am\u00e9rica Latina\u201d - Departamento de Ingenier\u00eda Industrial Universidad de Santiago<\/title>\n<meta name=\"robots\" content=\"index, follow, max-snippet:-1, max-image-preview:large, max-video-preview:-1\" \/>\n<link rel=\"canonical\" href=\"https:\/\/www.ingenieriaindustrial-usach.cl\/noticias\/mi-vision-es-exportar-planes-de-capacitacion-laboral-a-toda-america-latina-2\/\" \/>\n<meta property=\"og:locale\" content=\"en_US\" \/>\n<meta property=\"og:type\" content=\"article\" \/>\n<meta property=\"og:title\" content=\"\u201cMi visi\u00f3n es exportar planes de capacitaci\u00f3n laboral a toda Am\u00e9rica Latina\u201d - Departamento de Ingenier\u00eda Industrial Universidad de Santiago\" \/>\n<meta property=\"og:description\" content=\"As\u00ed lo sostiene Sandra Figueroa Neira, fundadora de la OTEC M\u00e1s T\u00fa Capacitaciones e integrante de la Red de Emprendedores del Departamento de Ingenier\u00eda Industrial de la Universidad de Santiago de Chile.\u00a0 Entusiasta y optimista. As\u00ed es la emprendedora Sandra Figueroa Neira, gerente propietaria del organismo t\u00e9cnico de capacitaci\u00f3n M\u00c1S &hellip; Seguir Leyendo &rarr;\" \/>\n<meta property=\"og:url\" content=\"https:\/\/www.ingenieriaindustrial-usach.cl\/noticias\/mi-vision-es-exportar-planes-de-capacitacion-laboral-a-toda-america-latina-2\/\" \/>\n<meta property=\"og:site_name\" content=\"Departamento de Ingenier\u00eda Industrial Universidad de Santiago\" \/>\n<meta property=\"article:publisher\" content=\"https:\/\/web.facebook.com\/Depto.Ingenieria.industrial.UdeSantiagodeChile?_rdc=1&amp;_rdr\" \/>\n<meta property=\"article:published_time\" content=\"2019-12-04T19:22:41+00:00\" \/>\n<meta property=\"article:modified_time\" content=\"2019-12-04T20:14:29+00:00\" \/>\n<meta property=\"og:image\" content=\"https:\/\/www.ingenieriaindustrial-usach.cl\/wp-content\/uploads\/2019\/12\/figueroa.jpg\" \/>\n\t<meta property=\"og:image:width\" content=\"440\" \/>\n\t<meta property=\"og:image:height\" content=\"502\" \/>\n\t<meta property=\"og:image:type\" content=\"image\/jpeg\" \/>\n<meta name=\"author\" content=\"Departamento Intenier\u00eda Industrial USACH\" \/>\n<meta name=\"twitter:card\" content=\"summary_large_image\" \/>\n<meta name=\"twitter:label1\" content=\"Written by\" \/>\n\t<meta name=\"twitter:data1\" content=\"Departamento Intenier\u00eda Industrial USACH\" \/>\n\t<meta name=\"twitter:label2\" content=\"Est. reading time\" \/>\n\t<meta name=\"twitter:data2\" content=\"4 minutes\" \/>\n<script type=\"application\/ld+json\" class=\"yoast-schema-graph\">{\"@context\":\"https:\/\/schema.org\",\"@graph\":[{\"@type\":\"Article\",\"@id\":\"https:\/\/www.ingenieriaindustrial-usach.cl\/noticias\/mi-vision-es-exportar-planes-de-capacitacion-laboral-a-toda-america-latina-2\/#article\",\"isPartOf\":{\"@id\":\"https:\/\/www.ingenieriaindustrial-usach.cl\/noticias\/mi-vision-es-exportar-planes-de-capacitacion-laboral-a-toda-america-latina-2\/\"},\"author\":{\"name\":\"Departamento Intenier\u00eda Industrial USACH\",\"@id\":\"https:\/\/www.ingenieriaindustrial-usach.cl\/#\/schema\/person\/427d4f95ef64457e2e16890ac3e62007\"},\"headline\":\"\u201cMi visi\u00f3n es exportar planes de capacitaci\u00f3n laboral a toda Am\u00e9rica Latina\u201d\",\"datePublished\":\"2019-12-04T19:22:41+00:00\",\"dateModified\":\"2019-12-04T20:14:29+00:00\",\"mainEntityOfPage\":{\"@id\":\"https:\/\/www.ingenieriaindustrial-usach.cl\/noticias\/mi-vision-es-exportar-planes-de-capacitacion-laboral-a-toda-america-latina-2\/\"},\"wordCount\":850,\"commentCount\":0,\"publisher\":{\"@id\":\"https:\/\/www.ingenieriaindustrial-usach.cl\/#organization\"},\"image\":{\"@id\":\"https:\/\/www.ingenieriaindustrial-usach.cl\/noticias\/mi-vision-es-exportar-planes-de-capacitacion-laboral-a-toda-america-latina-2\/#primaryimage\"},\"thumbnailUrl\":\"https:\/\/www.ingenieriaindustrial-usach.cl\/wp-content\/uploads\/2019\/12\/figueroa.jpg\",\"articleSection\":[\"Destacadas\",\"Noticias\"],\"inLanguage\":\"en-US\",\"potentialAction\":[{\"@type\":\"CommentAction\",\"name\":\"Comment\",\"target\":[\"https:\/\/www.ingenieriaindustrial-usach.cl\/noticias\/mi-vision-es-exportar-planes-de-capacitacion-laboral-a-toda-america-latina-2\/#respond\"]}]},{\"@type\":\"WebPage\",\"@id\":\"https:\/\/www.ingenieriaindustrial-usach.cl\/noticias\/mi-vision-es-exportar-planes-de-capacitacion-laboral-a-toda-america-latina-2\/\",\"url\":\"https:\/\/www.ingenieriaindustrial-usach.cl\/noticias\/mi-vision-es-exportar-planes-de-capacitacion-laboral-a-toda-america-latina-2\/\",\"name\":\"\u201cMi visi\u00f3n es exportar planes de capacitaci\u00f3n laboral a toda Am\u00e9rica Latina\u201d - Departamento de Ingenier\u00eda Industrial Universidad de Santiago\",\"isPartOf\":{\"@id\":\"https:\/\/www.ingenieriaindustrial-usach.cl\/#website\"},\"primaryImageOfPage\":{\"@id\":\"https:\/\/www.ingenieriaindustrial-usach.cl\/noticias\/mi-vision-es-exportar-planes-de-capacitacion-laboral-a-toda-america-latina-2\/#primaryimage\"},\"image\":{\"@id\":\"https:\/\/www.ingenieriaindustrial-usach.cl\/noticias\/mi-vision-es-exportar-planes-de-capacitacion-laboral-a-toda-america-latina-2\/#primaryimage\"},\"thumbnailUrl\":\"https:\/\/www.ingenieriaindustrial-usach.cl\/wp-content\/uploads\/2019\/12\/figueroa.jpg\",\"datePublished\":\"2019-12-04T19:22:41+00:00\",\"dateModified\":\"2019-12-04T20:14:29+00:00\",\"breadcrumb\":{\"@id\":\"https:\/\/www.ingenieriaindustrial-usach.cl\/noticias\/mi-vision-es-exportar-planes-de-capacitacion-laboral-a-toda-america-latina-2\/#breadcrumb\"},\"inLanguage\":\"en-US\",\"potentialAction\":[{\"@type\":\"ReadAction\",\"target\":[\"https:\/\/www.ingenieriaindustrial-usach.cl\/noticias\/mi-vision-es-exportar-planes-de-capacitacion-laboral-a-toda-america-latina-2\/\"]}]},{\"@type\":\"ImageObject\",\"inLanguage\":\"en-US\",\"@id\":\"https:\/\/www.ingenieriaindustrial-usach.cl\/noticias\/mi-vision-es-exportar-planes-de-capacitacion-laboral-a-toda-america-latina-2\/#primaryimage\",\"url\":\"https:\/\/www.ingenieriaindustrial-usach.cl\/wp-content\/uploads\/2019\/12\/figueroa.jpg\",\"contentUrl\":\"https:\/\/www.ingenieriaindustrial-usach.cl\/wp-content\/uploads\/2019\/12\/figueroa.jpg\",\"width\":440,\"height\":502},{\"@type\":\"BreadcrumbList\",\"@id\":\"https:\/\/www.ingenieriaindustrial-usach.cl\/noticias\/mi-vision-es-exportar-planes-de-capacitacion-laboral-a-toda-america-latina-2\/#breadcrumb\",\"itemListElement\":[{\"@type\":\"ListItem\",\"position\":1,\"name\":\"Portada\",\"item\":\"https:\/\/www.ingenieriaindustrial-usach.cl\/\"},{\"@type\":\"ListItem\",\"position\":2,\"name\":\"\u201cMi visi\u00f3n es exportar planes de capacitaci\u00f3n laboral a toda Am\u00e9rica Latina\u201d\"}]},{\"@type\":\"WebSite\",\"@id\":\"https:\/\/www.ingenieriaindustrial-usach.cl\/#website\",\"url\":\"https:\/\/www.ingenieriaindustrial-usach.cl\/\",\"name\":\"Departamento de Ingenier\u00eda Industrial Universidad de Santiago\",\"description\":\"Otro sitio realizado con WordPress\",\"publisher\":{\"@id\":\"https:\/\/www.ingenieriaindustrial-usach.cl\/#organization\"},\"potentialAction\":[{\"@type\":\"SearchAction\",\"target\":{\"@type\":\"EntryPoint\",\"urlTemplate\":\"https:\/\/www.ingenieriaindustrial-usach.cl\/?s={search_term_string}\"},\"query-input\":\"required name=search_term_string\"}],\"inLanguage\":\"en-US\"},{\"@type\":\"Organization\",\"@id\":\"https:\/\/www.ingenieriaindustrial-usach.cl\/#organization\",\"name\":\"Departamento de Ingenier\u00eda Industrial Universidad de Santiago\",\"url\":\"https:\/\/www.ingenieriaindustrial-usach.cl\/\",\"logo\":{\"@type\":\"ImageObject\",\"inLanguage\":\"en-US\",\"@id\":\"https:\/\/www.ingenieriaindustrial-usach.cl\/#\/schema\/logo\/image\/\",\"url\":\"https:\/\/www.ingenieriaindustrial-usach.cl\/wp-content\/uploads\/2023\/11\/cropped-favicon_usach-01.png\",\"contentUrl\":\"https:\/\/www.ingenieriaindustrial-usach.cl\/wp-content\/uploads\/2023\/11\/cropped-favicon_usach-01.png\",\"width\":512,\"height\":512,\"caption\":\"Departamento de Ingenier\u00eda Industrial Universidad de Santiago\"},\"image\":{\"@id\":\"https:\/\/www.ingenieriaindustrial-usach.cl\/#\/schema\/logo\/image\/\"},\"sameAs\":[\"https:\/\/web.facebook.com\/Depto.Ingenieria.industrial.UdeSantiagodeChile?_rdc=1&_rdr\",\"https:\/\/www.linkedin.com\/in\/departamento-ingeniera-industrial-usach-94780711b\/\",\"https:\/\/www.instagram.com\/ingenieria_industrial_usach\/\"]},{\"@type\":\"Person\",\"@id\":\"https:\/\/www.ingenieriaindustrial-usach.cl\/#\/schema\/person\/427d4f95ef64457e2e16890ac3e62007\",\"name\":\"Departamento Intenier\u00eda Industrial USACH\",\"image\":{\"@type\":\"ImageObject\",\"inLanguage\":\"en-US\",\"@id\":\"https:\/\/www.ingenieriaindustrial-usach.cl\/#\/schema\/person\/image\/\",\"url\":\"https:\/\/www.ingenieriaindustrial-usach.cl\/wp-content\/litespeed\/avatar\/c89373088fbc5a525fde67d81c2043ff.jpg?ver=1777477920\",\"contentUrl\":\"https:\/\/www.ingenieriaindustrial-usach.cl\/wp-content\/litespeed\/avatar\/c89373088fbc5a525fde67d81c2043ff.jpg?ver=1777477920\",\"caption\":\"Departamento Intenier\u00eda Industrial USACH\"},\"sameAs\":[\"http:\/\/www.usach.cl\"],\"url\":\"https:\/\/www.ingenieriaindustrial-usach.cl\/en\/author\/eduardo\/\"}]}<\/script>\n<!-- \/ Yoast SEO plugin. -->","yoast_head_json":{"title":"\u201cMi visi\u00f3n es exportar planes de capacitaci\u00f3n laboral a toda Am\u00e9rica Latina\u201d - Departamento de Ingenier\u00eda Industrial Universidad de Santiago","robots":{"index":"index","follow":"follow","max-snippet":"max-snippet:-1","max-image-preview":"max-image-preview:large","max-video-preview":"max-video-preview:-1"},"canonical":"https:\/\/www.ingenieriaindustrial-usach.cl\/noticias\/mi-vision-es-exportar-planes-de-capacitacion-laboral-a-toda-america-latina-2\/","og_locale":"en_US","og_type":"article","og_title":"\u201cMi visi\u00f3n es exportar planes de capacitaci\u00f3n laboral a toda Am\u00e9rica Latina\u201d - Departamento de Ingenier\u00eda Industrial Universidad de Santiago","og_description":"As\u00ed lo sostiene Sandra Figueroa Neira, fundadora de la OTEC M\u00e1s T\u00fa Capacitaciones e integrante de la Red de Emprendedores del Departamento de Ingenier\u00eda Industrial de la Universidad de Santiago de Chile.\u00a0 Entusiasta y optimista. As\u00ed es la emprendedora Sandra Figueroa Neira, gerente propietaria del organismo t\u00e9cnico de capacitaci\u00f3n M\u00c1S &hellip; Seguir Leyendo &rarr;","og_url":"https:\/\/www.ingenieriaindustrial-usach.cl\/noticias\/mi-vision-es-exportar-planes-de-capacitacion-laboral-a-toda-america-latina-2\/","og_site_name":"Departamento de Ingenier\u00eda Industrial Universidad de Santiago","article_publisher":"https:\/\/web.facebook.com\/Depto.Ingenieria.industrial.UdeSantiagodeChile?_rdc=1&_rdr","article_published_time":"2019-12-04T19:22:41+00:00","article_modified_time":"2019-12-04T20:14:29+00:00","og_image":[{"width":440,"height":502,"url":"https:\/\/www.ingenieriaindustrial-usach.cl\/wp-content\/uploads\/2019\/12\/figueroa.jpg","type":"image\/jpeg"}],"author":"Departamento Intenier\u00eda Industrial USACH","twitter_card":"summary_large_image","twitter_misc":{"Written by":"Departamento Intenier\u00eda Industrial USACH","Est. reading time":"4 minutes"},"schema":{"@context":"https:\/\/schema.org","@graph":[{"@type":"Article","@id":"https:\/\/www.ingenieriaindustrial-usach.cl\/noticias\/mi-vision-es-exportar-planes-de-capacitacion-laboral-a-toda-america-latina-2\/#article","isPartOf":{"@id":"https:\/\/www.ingenieriaindustrial-usach.cl\/noticias\/mi-vision-es-exportar-planes-de-capacitacion-laboral-a-toda-america-latina-2\/"},"author":{"name":"Departamento Intenier\u00eda Industrial USACH","@id":"https:\/\/www.ingenieriaindustrial-usach.cl\/#\/schema\/person\/427d4f95ef64457e2e16890ac3e62007"},"headline":"\u201cMi visi\u00f3n es exportar planes de capacitaci\u00f3n laboral a toda Am\u00e9rica Latina\u201d","datePublished":"2019-12-04T19:22:41+00:00","dateModified":"2019-12-04T20:14:29+00:00","mainEntityOfPage":{"@id":"https:\/\/www.ingenieriaindustrial-usach.cl\/noticias\/mi-vision-es-exportar-planes-de-capacitacion-laboral-a-toda-america-latina-2\/"},"wordCount":850,"commentCount":0,"publisher":{"@id":"https:\/\/www.ingenieriaindustrial-usach.cl\/#organization"},"image":{"@id":"https:\/\/www.ingenieriaindustrial-usach.cl\/noticias\/mi-vision-es-exportar-planes-de-capacitacion-laboral-a-toda-america-latina-2\/#primaryimage"},"thumbnailUrl":"https:\/\/www.ingenieriaindustrial-usach.cl\/wp-content\/uploads\/2019\/12\/figueroa.jpg","articleSection":["Destacadas","Noticias"],"inLanguage":"en-US","potentialAction":[{"@type":"CommentAction","name":"Comment","target":["https:\/\/www.ingenieriaindustrial-usach.cl\/noticias\/mi-vision-es-exportar-planes-de-capacitacion-laboral-a-toda-america-latina-2\/#respond"]}]},{"@type":"WebPage","@id":"https:\/\/www.ingenieriaindustrial-usach.cl\/noticias\/mi-vision-es-exportar-planes-de-capacitacion-laboral-a-toda-america-latina-2\/","url":"https:\/\/www.ingenieriaindustrial-usach.cl\/noticias\/mi-vision-es-exportar-planes-de-capacitacion-laboral-a-toda-america-latina-2\/","name":"\u201cMi visi\u00f3n es exportar planes de capacitaci\u00f3n laboral a toda Am\u00e9rica Latina\u201d - Departamento de Ingenier\u00eda Industrial Universidad de Santiago","isPartOf":{"@id":"https:\/\/www.ingenieriaindustrial-usach.cl\/#website"},"primaryImageOfPage":{"@id":"https:\/\/www.ingenieriaindustrial-usach.cl\/noticias\/mi-vision-es-exportar-planes-de-capacitacion-laboral-a-toda-america-latina-2\/#primaryimage"},"image":{"@id":"https:\/\/www.ingenieriaindustrial-usach.cl\/noticias\/mi-vision-es-exportar-planes-de-capacitacion-laboral-a-toda-america-latina-2\/#primaryimage"},"thumbnailUrl":"https:\/\/www.ingenieriaindustrial-usach.cl\/wp-content\/uploads\/2019\/12\/figueroa.jpg","datePublished":"2019-12-04T19:22:41+00:00","dateModified":"2019-12-04T20:14:29+00:00","breadcrumb":{"@id":"https:\/\/www.ingenieriaindustrial-usach.cl\/noticias\/mi-vision-es-exportar-planes-de-capacitacion-laboral-a-toda-america-latina-2\/#breadcrumb"},"inLanguage":"en-US","potentialAction":[{"@type":"ReadAction","target":["https:\/\/www.ingenieriaindustrial-usach.cl\/noticias\/mi-vision-es-exportar-planes-de-capacitacion-laboral-a-toda-america-latina-2\/"]}]},{"@type":"ImageObject","inLanguage":"en-US","@id":"https:\/\/www.ingenieriaindustrial-usach.cl\/noticias\/mi-vision-es-exportar-planes-de-capacitacion-laboral-a-toda-america-latina-2\/#primaryimage","url":"https:\/\/www.ingenieriaindustrial-usach.cl\/wp-content\/uploads\/2019\/12\/figueroa.jpg","contentUrl":"https:\/\/www.ingenieriaindustrial-usach.cl\/wp-content\/uploads\/2019\/12\/figueroa.jpg","width":440,"height":502},{"@type":"BreadcrumbList","@id":"https:\/\/www.ingenieriaindustrial-usach.cl\/noticias\/mi-vision-es-exportar-planes-de-capacitacion-laboral-a-toda-america-latina-2\/#breadcrumb","itemListElement":[{"@type":"ListItem","position":1,"name":"Portada","item":"https:\/\/www.ingenieriaindustrial-usach.cl\/"},{"@type":"ListItem","position":2,"name":"\u201cMi visi\u00f3n es exportar planes de capacitaci\u00f3n laboral a toda Am\u00e9rica Latina\u201d"}]},{"@type":"WebSite","@id":"https:\/\/www.ingenieriaindustrial-usach.cl\/#website","url":"https:\/\/www.ingenieriaindustrial-usach.cl\/","name":"Departamento de Ingenier\u00eda Industrial Universidad de Santiago","description":"Otro sitio realizado con WordPress","publisher":{"@id":"https:\/\/www.ingenieriaindustrial-usach.cl\/#organization"},"potentialAction":[{"@type":"SearchAction","target":{"@type":"EntryPoint","urlTemplate":"https:\/\/www.ingenieriaindustrial-usach.cl\/?s={search_term_string}"},"query-input":"required name=search_term_string"}],"inLanguage":"en-US"},{"@type":"Organization","@id":"https:\/\/www.ingenieriaindustrial-usach.cl\/#organization","name":"Departamento de Ingenier\u00eda Industrial Universidad de Santiago","url":"https:\/\/www.ingenieriaindustrial-usach.cl\/","logo":{"@type":"ImageObject","inLanguage":"en-US","@id":"https:\/\/www.ingenieriaindustrial-usach.cl\/#\/schema\/logo\/image\/","url":"https:\/\/www.ingenieriaindustrial-usach.cl\/wp-content\/uploads\/2023\/11\/cropped-favicon_usach-01.png","contentUrl":"https:\/\/www.ingenieriaindustrial-usach.cl\/wp-content\/uploads\/2023\/11\/cropped-favicon_usach-01.png","width":512,"height":512,"caption":"Departamento de Ingenier\u00eda Industrial Universidad de Santiago"},"image":{"@id":"https:\/\/www.ingenieriaindustrial-usach.cl\/#\/schema\/logo\/image\/"},"sameAs":["https:\/\/web.facebook.com\/Depto.Ingenieria.industrial.UdeSantiagodeChile?_rdc=1&_rdr","https:\/\/www.linkedin.com\/in\/departamento-ingeniera-industrial-usach-94780711b\/","https:\/\/www.instagram.com\/ingenieria_industrial_usach\/"]},{"@type":"Person","@id":"https:\/\/www.ingenieriaindustrial-usach.cl\/#\/schema\/person\/427d4f95ef64457e2e16890ac3e62007","name":"Departamento Intenier\u00eda Industrial USACH","image":{"@type":"ImageObject","inLanguage":"en-US","@id":"https:\/\/www.ingenieriaindustrial-usach.cl\/#\/schema\/person\/image\/","url":"https:\/\/www.ingenieriaindustrial-usach.cl\/wp-content\/litespeed\/avatar\/c89373088fbc5a525fde67d81c2043ff.jpg?ver=1777477920","contentUrl":"https:\/\/www.ingenieriaindustrial-usach.cl\/wp-content\/litespeed\/avatar\/c89373088fbc5a525fde67d81c2043ff.jpg?ver=1777477920","caption":"Departamento Intenier\u00eda Industrial USACH"},"sameAs":["http:\/\/www.usach.cl"],"url":"https:\/\/www.ingenieriaindustrial-usach.cl\/en\/author\/eduardo\/"}]}},"_links":{"self":[{"href":"https:\/\/www.ingenieriaindustrial-usach.cl\/en\/wp-json\/wp\/v2\/posts\/4292"}],"collection":[{"href":"https:\/\/www.ingenieriaindustrial-usach.cl\/en\/wp-json\/wp\/v2\/posts"}],"about":[{"href":"https:\/\/www.ingenieriaindustrial-usach.cl\/en\/wp-json\/wp\/v2\/types\/post"}],"author":[{"embeddable":true,"href":"https:\/\/www.ingenieriaindustrial-usach.cl\/en\/wp-json\/wp\/v2\/users\/3"}],"replies":[{"embeddable":true,"href":"https:\/\/www.ingenieriaindustrial-usach.cl\/en\/wp-json\/wp\/v2\/comments?post=4292"}],"version-history":[{"count":2,"href":"https:\/\/www.ingenieriaindustrial-usach.cl\/en\/wp-json\/wp\/v2\/posts\/4292\/revisions"}],"predecessor-version":[{"id":4299,"href":"https:\/\/www.ingenieriaindustrial-usach.cl\/en\/wp-json\/wp\/v2\/posts\/4292\/revisions\/4299"}],"wp:featuredmedia":[{"embeddable":true,"href":"https:\/\/www.ingenieriaindustrial-usach.cl\/en\/wp-json\/wp\/v2\/media\/4293"}],"wp:attachment":[{"href":"https:\/\/www.ingenieriaindustrial-usach.cl\/en\/wp-json\/wp\/v2\/media?parent=4292"}],"wp:term":[{"taxonomy":"category","embeddable":true,"href":"https:\/\/www.ingenieriaindustrial-usach.cl\/en\/wp-json\/wp\/v2\/categories?post=4292"},{"taxonomy":"post_tag","embeddable":true,"href":"https:\/\/www.ingenieriaindustrial-usach.cl\/en\/wp-json\/wp\/v2\/tags?post=4292"},{"taxonomy":"tipo","embeddable":true,"href":"https:\/\/www.ingenieriaindustrial-usach.cl\/en\/wp-json\/wp\/v2\/tipo?post=4292"}],"curies":[{"name":"wp","href":"https:\/\/api.w.org\/{rel}","templated":true}]}}