{"id":25680,"date":"2026-09-04T12:00:30","date_gmt":"2026-09-04T16:00:30","guid":{"rendered":"https:\/\/www.ingenieriaindustrial-usach.cl\/?p=25680"},"modified":"2026-09-04T12:00:30","modified_gmt":"2026-09-04T16:00:30","slug":"academico-dr-oscar-c-vasquez-realizo-pasantia-de-investigacion-en-la-universidad-de-la-republica-de-uruguay","status":"publish","type":"post","link":"https:\/\/www.ingenieriaindustrial-usach.cl\/en\/noticias\/academico-dr-oscar-c-vasquez-realizo-pasantia-de-investigacion-en-la-universidad-de-la-republica-de-uruguay\/","title":{"rendered":"Acad\u00e9mico Dr. \u00d3scar C. V\u00e1squez realiz\u00f3 pasant\u00eda de investigaci\u00f3n en la Universidad de la Rep\u00fablica de Uruguay"},"content":{"rendered":"<p style=\"text-align: justify;\"><span style=\"font-family: helvetica; font-size: 17px; color: #000000;\">Durante agosto, el Subdirector Docente y acad\u00e9mico del Departamento Dr. \u00d3scar C. V\u00e1squez, realiz\u00f3 una pasant\u00eda de investigaci\u00f3n en la Universidad de la Rep\u00fablica (Udelar) en Uruguay, en el marco del programa Escala Docente de la Asociaci\u00f3n de Universidades Grupo Montevideo (AUGM).<\/span><\/p>\n<p style=\"text-align: justify;\"><span style=\"font-family: helvetica; font-size: 17px; color: #000000;\">La estad\u00eda tuvo como principal prop\u00f3sito fortalecer una relaci\u00f3n de colaboraci\u00f3n que se ha desarrollado durante a\u00f1os entre ambas instituciones y que ha permitido impulsar distintas iniciativas acad\u00e9micas y de investigaci\u00f3n. En este contexto, acad\u00e9micos de la Universidad de la Rep\u00fablica han participado activamente en programas de postgrado del Departamento, adem\u00e1s de colaborar en investigaciones y proyectos internacionales conjuntos, \u201cesta es una relaci\u00f3n que lleva bastante tiempo y que queremos seguir fortaleciendo. La interacci\u00f3n con acad\u00e9micos de otras universidades nos permite ampliar nuestras capacidades y generar nuevas oportunidades de colaboraci\u00f3n\u201d, se\u00f1al\u00f3 el Dr. V\u00e1squez.<\/span><\/p>\n<p style=\"text-align: justify;\"><span style=\"font-family: helvetica; font-size: 17px; color: #000000;\">La pasant\u00eda se desarroll\u00f3 en el marco del proyecto ANID FONDECYT Regular N.\u00b0 1250538, The knapsack problem with scheduled items: Complexity, Resolution Methods, Extensions and Applications, dirigido por el Dr. V\u00e1squez y ejecutado durante el per\u00edodo 2025-2028, y del proyecto STIC-AmSud N.\u00b0 24-STIC-16. A ello se suma el apoyo del Programa ESCALA Docente de AUGM, iniciativa que favorece la movilidad y el intercambio entre acad\u00e9micos de las universidades integrantes de la asociaci\u00f3n.<\/span><\/p>\n<p style=\"text-align: justify;\"><span style=\"font-family: helvetica; font-size: 17px; color: #000000;\">Durante su estad\u00eda, el acad\u00e9mico trabaj\u00f3 junto al Dr. Pedro Pi\u00f1eyro acad\u00e9mico de la Udelar, en el desarrollo de l\u00edneas de investigaci\u00f3n vinculadas con la aplicaci\u00f3n de herramientas de investigaci\u00f3n de operaciones a la gesti\u00f3n de la educaci\u00f3n superior. En particular, abordaron problem\u00e1ticas asociadas a distintos niveles de toma de decisiones, desde una perspectiva estrat\u00e9gica, t\u00e1ctica y operativa.<\/span><\/p>\n<p style=\"text-align: justify;\"><span style=\"font-family: helvetica; font-size: 17px; color: #000000;\">\u201cEsperamos que esta visita permita incentivar la investigaci\u00f3n de operaciones al servicio de la gesti\u00f3n educativa, con el objeto de contribuir a proporcionar una educaci\u00f3n de calidad a toda nuestra comunidad\u201d, destac\u00f3.<\/span><\/p>\n<p style=\"text-align: justify;\"><span style=\"font-family: helvetica; font-size: 17px; color: #000000;\">La pasant\u00eda tambi\u00e9n permiti\u00f3 proyectar nuevas acciones conjuntas entre ambas universidades. Entre ellas, se encuentra la participaci\u00f3n de un acad\u00e9mico de la Universidad de la Rep\u00fablica en la tesis de Mag\u00edster de un estudiante de postgrado de nuestro Departamento, adem\u00e1s de una visita a nuestra casa de estudios prevista para septiembre, que permitir\u00e1 continuar profundizando el trabajo acad\u00e9mico y de investigaci\u00f3n.<\/span><\/p>\n<p style=\"text-align: justify;\"><span style=\"font-family: helvetica; font-size: 17px; color: #000000;\">Para el Dr. V\u00e1squez, estas instancias tienen un impacto que trasciende el desarrollo de proyectos espec\u00edficos, ya que la vinculaci\u00f3n internacional permite fortalecer la formaci\u00f3n y la generaci\u00f3n de conocimiento, al mismo tiempo que acerca a estudiantes y acad\u00e9micos a otras realidades universitarias de la regi\u00f3n.<\/span><\/p>\n<p style=\"text-align: justify;\"><span style=\"font-family: helvetica; font-size: 17px; color: #000000;\">\u201cUno podr\u00eda distinguir tres aspectos: uno acad\u00e9mico, porque permite incrementar las capacidades de investigaci\u00f3n y de generaci\u00f3n de conocimiento; un aspecto cultural, porque permite conocer otras formas de interactuar y diferentes realidades; y un tercero que, a partir de la investigaci\u00f3n y la cultura, nos permite contribuir a un \u00e1rea tan noble como la educaci\u00f3n\u201d, explic\u00f3.<\/span><\/p>\n<p style=\"text-align: justify;\"><span style=\"font-family: helvetica; font-size: 17px; color: #000000;\">En este contexto, el acad\u00e9mico destac\u00f3 tambi\u00e9n las oportunidades que ofrecen las redes universitarias regionales para ampliar la participaci\u00f3n de la comunidad del Departamento en experiencias de intercambio y colaboraci\u00f3n, especialmente a trav\u00e9s de los acuerdos institucionales y programas de movilidad disponibles.<\/span><\/p>\n<p style=\"text-align: justify;\"><span style=\"font-family: helvetica; font-size: 17px; color: #000000;\">\u201cEsperamos motivar a m\u00e1s estudiantes y acad\u00e9micos a vincularse con la comunidad latinoamericana, aprovechando las distintas oportunidades de internacionalizaci\u00f3n que ofrece la Universidad de Santiago de Chile, tanto a trav\u00e9s de sus convenios con otras instituciones como de redes y programas de cooperaci\u00f3n acad\u00e9mica\u201d, sostuvo el Dr. V\u00e1squez.<\/span><\/p>\n<p style=\"text-align: justify;\"><span style=\"font-family: helvetica; font-size: 17px; color: #000000;\">La pasant\u00eda del Dr. V\u00e1squez contribuye as\u00ed a fortalecer la vinculaci\u00f3n internacional del Departamento de Ingenier\u00eda Industrial, dando continuidad a redes de colaboraci\u00f3n acad\u00e9mica y cient\u00edfica que favorecen el desarrollo de investigaciones conjuntas, la formaci\u00f3n de estudiantes de postgrado y la generaci\u00f3n de nuevas oportunidades de intercambio con instituciones de la regi\u00f3n.<\/span><\/p>\n","protected":false},"excerpt":{"rendered":"<p>Durante agosto, el Subdirector Docente y acad\u00e9mico del Departamento Dr. \u00d3scar C. V\u00e1squez, realiz\u00f3 una pasant\u00eda de investigaci\u00f3n en la Universidad de la Rep\u00fablica (Udelar) en Uruguay, en el marco del programa Escala Docente de la Asociaci\u00f3n de Universidades Grupo Montevideo (AUGM). La estad\u00eda tuvo como principal prop\u00f3sito fortalecer una &hellip; <a class=\"readmore\" href=\"https:\/\/www.ingenieriaindustrial-usach.cl\/en\/noticias\/academico-dr-oscar-c-vasquez-realizo-pasantia-de-investigacion-en-la-universidad-de-la-republica-de-uruguay\/\">Seguir Leyendo <span class=\"meta-nav\">&rarr;<\/span><\/a><\/p>\n","protected":false},"author":5881,"featured_media":25681,"comment_status":"open","ping_status":"open","sticky":false,"template":"","format":"standard","meta":{"footnotes":"","_links_to":"","_links_to_target":""},"categories":[3,1],"tags":[],"tipo":[],"class_list":["post-25680","post","type-post","status-publish","format-standard","has-post-thumbnail","hentry","category-destacadas","category-noticias"],"yoast_head":"<!-- This site is optimized with the Yoast SEO plugin v28.4 - https:\/\/yoast.com\/product\/yoast-seo-wordpress\/ -->\n<title>Acad\u00e9mico Dr. \u00d3scar C. V\u00e1squez realiz\u00f3 pasant\u00eda de investigaci\u00f3n en la Universidad de la Rep\u00fablica de Uruguay - Departamento de Ingenier\u00eda Industrial Universidad de Santiago<\/title>\n<meta name=\"robots\" content=\"index, follow, max-snippet:-1, max-image-preview:large, max-video-preview:-1\" \/>\n<link rel=\"canonical\" href=\"https:\/\/www.ingenieriaindustrial-usach.cl\/noticias\/academico-dr-oscar-c-vasquez-realizo-pasantia-de-investigacion-en-la-universidad-de-la-republica-de-uruguay\/\" \/>\n<meta property=\"og:locale\" content=\"en_US\" \/>\n<meta property=\"og:type\" content=\"article\" \/>\n<meta property=\"og:title\" content=\"Acad\u00e9mico Dr. \u00d3scar C. V\u00e1squez realiz\u00f3 pasant\u00eda de investigaci\u00f3n en la Universidad de la Rep\u00fablica de Uruguay - Departamento de Ingenier\u00eda Industrial Universidad de Santiago\" \/>\n<meta property=\"og:description\" content=\"Durante agosto, el Subdirector Docente y acad\u00e9mico del Departamento Dr. \u00d3scar C. V\u00e1squez, realiz\u00f3 una pasant\u00eda de investigaci\u00f3n en la Universidad de la Rep\u00fablica (Udelar) en Uruguay, en el marco del programa Escala Docente de la Asociaci\u00f3n de Universidades Grupo Montevideo (AUGM). La estad\u00eda tuvo como principal prop\u00f3sito fortalecer una &hellip; Seguir Leyendo &rarr;\" \/>\n<meta property=\"og:url\" content=\"https:\/\/www.ingenieriaindustrial-usach.cl\/noticias\/academico-dr-oscar-c-vasquez-realizo-pasantia-de-investigacion-en-la-universidad-de-la-republica-de-uruguay\/\" \/>\n<meta property=\"og:site_name\" content=\"Departamento de Ingenier\u00eda Industrial Universidad de Santiago\" \/>\n<meta property=\"article:publisher\" content=\"https:\/\/web.facebook.com\/Depto.Ingenieria.industrial.UdeSantiagodeChile?_rdc=1&amp;_rdr\" \/>\n<meta property=\"article:published_time\" content=\"2026-09-04T16:00:30+00:00\" \/>\n<meta property=\"og:image\" content=\"https:\/\/www.ingenieriaindustrial-usach.cl\/wp-content\/uploads\/2026\/09\/fotos-diego-norte-web-.jpg\" \/>\n\t<meta property=\"og:image:width\" content=\"1600\" \/>\n\t<meta property=\"og:image:height\" content=\"1200\" \/>\n\t<meta property=\"og:image:type\" content=\"image\/jpeg\" \/>\n<meta name=\"author\" content=\"antonia\" \/>\n<meta name=\"twitter:card\" content=\"summary_large_image\" \/>\n<meta name=\"twitter:label1\" content=\"Written by\" \/>\n\t<meta name=\"twitter:data1\" content=\"antonia\" \/>\n\t<meta name=\"twitter:label2\" content=\"Est. reading time\" \/>\n\t<meta name=\"twitter:data2\" content=\"3 minutes\" \/>\n<script type=\"application\/ld+json\" class=\"yoast-schema-graph\">{\"@context\":\"https:\\\/\\\/schema.org\",\"@graph\":[{\"@type\":\"Article\",\"@id\":\"https:\\\/\\\/www.ingenieriaindustrial-usach.cl\\\/noticias\\\/academico-dr-oscar-c-vasquez-realizo-pasantia-de-investigacion-en-la-universidad-de-la-republica-de-uruguay\\\/#article\",\"isPartOf\":{\"@id\":\"https:\\\/\\\/www.ingenieriaindustrial-usach.cl\\\/noticias\\\/academico-dr-oscar-c-vasquez-realizo-pasantia-de-investigacion-en-la-universidad-de-la-republica-de-uruguay\\\/\"},\"author\":{\"name\":\"antonia\",\"@id\":\"https:\\\/\\\/www.ingenieriaindustrial-usach.cl\\\/#\\\/schema\\\/person\\\/2c3b5a1e7f7c844415eb926003bec7f0\"},\"headline\":\"Acad\u00e9mico Dr. \u00d3scar C. V\u00e1squez realiz\u00f3 pasant\u00eda de investigaci\u00f3n en la Universidad de la Rep\u00fablica de Uruguay\",\"datePublished\":\"2026-09-04T16:00:30+00:00\",\"mainEntityOfPage\":{\"@id\":\"https:\\\/\\\/www.ingenieriaindustrial-usach.cl\\\/noticias\\\/academico-dr-oscar-c-vasquez-realizo-pasantia-de-investigacion-en-la-universidad-de-la-republica-de-uruguay\\\/\"},\"wordCount\":711,\"commentCount\":0,\"publisher\":{\"@id\":\"https:\\\/\\\/www.ingenieriaindustrial-usach.cl\\\/#organization\"},\"image\":{\"@id\":\"https:\\\/\\\/www.ingenieriaindustrial-usach.cl\\\/noticias\\\/academico-dr-oscar-c-vasquez-realizo-pasantia-de-investigacion-en-la-universidad-de-la-republica-de-uruguay\\\/#primaryimage\"},\"thumbnailUrl\":\"https:\\\/\\\/www.ingenieriaindustrial-usach.cl\\\/wp-content\\\/uploads\\\/2026\\\/09\\\/fotos-diego-norte-web-.jpg\",\"articleSection\":[\"Destacadas\",\"Noticias\"],\"inLanguage\":\"en-US\",\"potentialAction\":[{\"@type\":\"CommentAction\",\"name\":\"Comment\",\"target\":[\"https:\\\/\\\/www.ingenieriaindustrial-usach.cl\\\/noticias\\\/academico-dr-oscar-c-vasquez-realizo-pasantia-de-investigacion-en-la-universidad-de-la-republica-de-uruguay\\\/#respond\"]}]},{\"@type\":\"WebPage\",\"@id\":\"https:\\\/\\\/www.ingenieriaindustrial-usach.cl\\\/noticias\\\/academico-dr-oscar-c-vasquez-realizo-pasantia-de-investigacion-en-la-universidad-de-la-republica-de-uruguay\\\/\",\"url\":\"https:\\\/\\\/www.ingenieriaindustrial-usach.cl\\\/noticias\\\/academico-dr-oscar-c-vasquez-realizo-pasantia-de-investigacion-en-la-universidad-de-la-republica-de-uruguay\\\/\",\"name\":\"Acad\u00e9mico Dr. \u00d3scar C. V\u00e1squez realiz\u00f3 pasant\u00eda de investigaci\u00f3n en la Universidad de la Rep\u00fablica de Uruguay - Departamento de Ingenier\u00eda Industrial Universidad de Santiago\",\"isPartOf\":{\"@id\":\"https:\\\/\\\/www.ingenieriaindustrial-usach.cl\\\/#website\"},\"primaryImageOfPage\":{\"@id\":\"https:\\\/\\\/www.ingenieriaindustrial-usach.cl\\\/noticias\\\/academico-dr-oscar-c-vasquez-realizo-pasantia-de-investigacion-en-la-universidad-de-la-republica-de-uruguay\\\/#primaryimage\"},\"image\":{\"@id\":\"https:\\\/\\\/www.ingenieriaindustrial-usach.cl\\\/noticias\\\/academico-dr-oscar-c-vasquez-realizo-pasantia-de-investigacion-en-la-universidad-de-la-republica-de-uruguay\\\/#primaryimage\"},\"thumbnailUrl\":\"https:\\\/\\\/www.ingenieriaindustrial-usach.cl\\\/wp-content\\\/uploads\\\/2026\\\/09\\\/fotos-diego-norte-web-.jpg\",\"datePublished\":\"2026-09-04T16:00:30+00:00\",\"breadcrumb\":{\"@id\":\"https:\\\/\\\/www.ingenieriaindustrial-usach.cl\\\/noticias\\\/academico-dr-oscar-c-vasquez-realizo-pasantia-de-investigacion-en-la-universidad-de-la-republica-de-uruguay\\\/#breadcrumb\"},\"inLanguage\":\"en-US\",\"potentialAction\":[{\"@type\":\"ReadAction\",\"target\":[\"https:\\\/\\\/www.ingenieriaindustrial-usach.cl\\\/noticias\\\/academico-dr-oscar-c-vasquez-realizo-pasantia-de-investigacion-en-la-universidad-de-la-republica-de-uruguay\\\/\"]}]},{\"@type\":\"ImageObject\",\"inLanguage\":\"en-US\",\"@id\":\"https:\\\/\\\/www.ingenieriaindustrial-usach.cl\\\/noticias\\\/academico-dr-oscar-c-vasquez-realizo-pasantia-de-investigacion-en-la-universidad-de-la-republica-de-uruguay\\\/#primaryimage\",\"url\":\"https:\\\/\\\/www.ingenieriaindustrial-usach.cl\\\/wp-content\\\/uploads\\\/2026\\\/09\\\/fotos-diego-norte-web-.jpg\",\"contentUrl\":\"https:\\\/\\\/www.ingenieriaindustrial-usach.cl\\\/wp-content\\\/uploads\\\/2026\\\/09\\\/fotos-diego-norte-web-.jpg\",\"width\":1600,\"height\":1200},{\"@type\":\"BreadcrumbList\",\"@id\":\"https:\\\/\\\/www.ingenieriaindustrial-usach.cl\\\/noticias\\\/academico-dr-oscar-c-vasquez-realizo-pasantia-de-investigacion-en-la-universidad-de-la-republica-de-uruguay\\\/#breadcrumb\",\"itemListElement\":[{\"@type\":\"ListItem\",\"position\":1,\"name\":\"Portada\",\"item\":\"https:\\\/\\\/www.ingenieriaindustrial-usach.cl\\\/\"},{\"@type\":\"ListItem\",\"position\":2,\"name\":\"Acad\u00e9mico Dr. \u00d3scar C. V\u00e1squez realiz\u00f3 pasant\u00eda de investigaci\u00f3n en la Universidad de la Rep\u00fablica de Uruguay\"}]},{\"@type\":\"WebSite\",\"@id\":\"https:\\\/\\\/www.ingenieriaindustrial-usach.cl\\\/#website\",\"url\":\"https:\\\/\\\/www.ingenieriaindustrial-usach.cl\\\/\",\"name\":\"Departamento de Ingenier\u00eda Industrial Universidad de Santiago\",\"description\":\"Otro sitio realizado con WordPress\",\"publisher\":{\"@id\":\"https:\\\/\\\/www.ingenieriaindustrial-usach.cl\\\/#organization\"},\"potentialAction\":[{\"@type\":\"SearchAction\",\"target\":{\"@type\":\"EntryPoint\",\"urlTemplate\":\"https:\\\/\\\/www.ingenieriaindustrial-usach.cl\\\/?s={search_term_string}\"},\"query-input\":{\"@type\":\"PropertyValueSpecification\",\"valueRequired\":true,\"valueName\":\"search_term_string\"}}],\"inLanguage\":\"en-US\"},{\"@type\":\"Organization\",\"@id\":\"https:\\\/\\\/www.ingenieriaindustrial-usach.cl\\\/#organization\",\"name\":\"Departamento de Ingenier\u00eda Industrial Universidad de Santiago\",\"url\":\"https:\\\/\\\/www.ingenieriaindustrial-usach.cl\\\/\",\"logo\":{\"@type\":\"ImageObject\",\"inLanguage\":\"en-US\",\"@id\":\"https:\\\/\\\/www.ingenieriaindustrial-usach.cl\\\/#\\\/schema\\\/logo\\\/image\\\/\",\"url\":\"https:\\\/\\\/www.ingenieriaindustrial-usach.cl\\\/wp-content\\\/uploads\\\/2023\\\/11\\\/cropped-favicon_usach-01.png\",\"contentUrl\":\"https:\\\/\\\/www.ingenieriaindustrial-usach.cl\\\/wp-content\\\/uploads\\\/2023\\\/11\\\/cropped-favicon_usach-01.png\",\"width\":512,\"height\":512,\"caption\":\"Departamento de Ingenier\u00eda Industrial Universidad de Santiago\"},\"image\":{\"@id\":\"https:\\\/\\\/www.ingenieriaindustrial-usach.cl\\\/#\\\/schema\\\/logo\\\/image\\\/\"},\"sameAs\":[\"https:\\\/\\\/web.facebook.com\\\/Depto.Ingenieria.industrial.UdeSantiagodeChile?_rdc=1&_rdr\",\"https:\\\/\\\/www.linkedin.com\\\/in\\\/departamento-ingeniera-industrial-usach-94780711b\\\/\",\"https:\\\/\\\/www.instagram.com\\\/ingenieria_industrial_usach\\\/\"]},{\"@type\":\"Person\",\"@id\":\"https:\\\/\\\/www.ingenieriaindustrial-usach.cl\\\/#\\\/schema\\\/person\\\/2c3b5a1e7f7c844415eb926003bec7f0\",\"name\":\"antonia\",\"image\":{\"@type\":\"ImageObject\",\"inLanguage\":\"en-US\",\"@id\":\"https:\\\/\\\/www.ingenieriaindustrial-usach.cl\\\/wp-content\\\/litespeed\\\/avatar\\\/9ea6f38bbb594f99a05d0060494a517c.jpg?ver=1788453281\",\"url\":\"https:\\\/\\\/www.ingenieriaindustrial-usach.cl\\\/wp-content\\\/litespeed\\\/avatar\\\/9ea6f38bbb594f99a05d0060494a517c.jpg?ver=1788453281\",\"contentUrl\":\"https:\\\/\\\/www.ingenieriaindustrial-usach.cl\\\/wp-content\\\/litespeed\\\/avatar\\\/9ea6f38bbb594f99a05d0060494a517c.jpg?ver=1788453281\",\"caption\":\"antonia\"},\"url\":\"https:\\\/\\\/www.ingenieriaindustrial-usach.cl\\\/en\\\/author\\\/antonia\\\/\"}]}<\/script>\n<!-- \/ Yoast SEO plugin. -->","yoast_head_json":{"title":"Acad\u00e9mico Dr. \u00d3scar C. V\u00e1squez realiz\u00f3 pasant\u00eda de investigaci\u00f3n en la Universidad de la Rep\u00fablica de Uruguay - Departamento de Ingenier\u00eda Industrial Universidad de Santiago","robots":{"index":"index","follow":"follow","max-snippet":"max-snippet:-1","max-image-preview":"max-image-preview:large","max-video-preview":"max-video-preview:-1"},"canonical":"https:\/\/www.ingenieriaindustrial-usach.cl\/noticias\/academico-dr-oscar-c-vasquez-realizo-pasantia-de-investigacion-en-la-universidad-de-la-republica-de-uruguay\/","og_locale":"en_US","og_type":"article","og_title":"Acad\u00e9mico Dr. \u00d3scar C. V\u00e1squez realiz\u00f3 pasant\u00eda de investigaci\u00f3n en la Universidad de la Rep\u00fablica de Uruguay - Departamento de Ingenier\u00eda Industrial Universidad de Santiago","og_description":"Durante agosto, el Subdirector Docente y acad\u00e9mico del Departamento Dr. \u00d3scar C. V\u00e1squez, realiz\u00f3 una pasant\u00eda de investigaci\u00f3n en la Universidad de la Rep\u00fablica (Udelar) en Uruguay, en el marco del programa Escala Docente de la Asociaci\u00f3n de Universidades Grupo Montevideo (AUGM). La estad\u00eda tuvo como principal prop\u00f3sito fortalecer una &hellip; Seguir Leyendo &rarr;","og_url":"https:\/\/www.ingenieriaindustrial-usach.cl\/noticias\/academico-dr-oscar-c-vasquez-realizo-pasantia-de-investigacion-en-la-universidad-de-la-republica-de-uruguay\/","og_site_name":"Departamento de Ingenier\u00eda Industrial Universidad de Santiago","article_publisher":"https:\/\/web.facebook.com\/Depto.Ingenieria.industrial.UdeSantiagodeChile?_rdc=1&_rdr","article_published_time":"2026-09-04T16:00:30+00:00","og_image":[{"width":1600,"height":1200,"url":"https:\/\/www.ingenieriaindustrial-usach.cl\/wp-content\/uploads\/2026\/09\/fotos-diego-norte-web-.jpg","type":"image\/jpeg"}],"author":"antonia","twitter_card":"summary_large_image","twitter_misc":{"Written by":"antonia","Est. reading time":"3 minutes"},"schema":{"@context":"https:\/\/schema.org","@graph":[{"@type":"Article","@id":"https:\/\/www.ingenieriaindustrial-usach.cl\/noticias\/academico-dr-oscar-c-vasquez-realizo-pasantia-de-investigacion-en-la-universidad-de-la-republica-de-uruguay\/#article","isPartOf":{"@id":"https:\/\/www.ingenieriaindustrial-usach.cl\/noticias\/academico-dr-oscar-c-vasquez-realizo-pasantia-de-investigacion-en-la-universidad-de-la-republica-de-uruguay\/"},"author":{"name":"antonia","@id":"https:\/\/www.ingenieriaindustrial-usach.cl\/#\/schema\/person\/2c3b5a1e7f7c844415eb926003bec7f0"},"headline":"Acad\u00e9mico Dr. \u00d3scar C. V\u00e1squez realiz\u00f3 pasant\u00eda de investigaci\u00f3n en la Universidad de la Rep\u00fablica de Uruguay","datePublished":"2026-09-04T16:00:30+00:00","mainEntityOfPage":{"@id":"https:\/\/www.ingenieriaindustrial-usach.cl\/noticias\/academico-dr-oscar-c-vasquez-realizo-pasantia-de-investigacion-en-la-universidad-de-la-republica-de-uruguay\/"},"wordCount":711,"commentCount":0,"publisher":{"@id":"https:\/\/www.ingenieriaindustrial-usach.cl\/#organization"},"image":{"@id":"https:\/\/www.ingenieriaindustrial-usach.cl\/noticias\/academico-dr-oscar-c-vasquez-realizo-pasantia-de-investigacion-en-la-universidad-de-la-republica-de-uruguay\/#primaryimage"},"thumbnailUrl":"https:\/\/www.ingenieriaindustrial-usach.cl\/wp-content\/uploads\/2026\/09\/fotos-diego-norte-web-.jpg","articleSection":["Destacadas","Noticias"],"inLanguage":"en-US","potentialAction":[{"@type":"CommentAction","name":"Comment","target":["https:\/\/www.ingenieriaindustrial-usach.cl\/noticias\/academico-dr-oscar-c-vasquez-realizo-pasantia-de-investigacion-en-la-universidad-de-la-republica-de-uruguay\/#respond"]}]},{"@type":"WebPage","@id":"https:\/\/www.ingenieriaindustrial-usach.cl\/noticias\/academico-dr-oscar-c-vasquez-realizo-pasantia-de-investigacion-en-la-universidad-de-la-republica-de-uruguay\/","url":"https:\/\/www.ingenieriaindustrial-usach.cl\/noticias\/academico-dr-oscar-c-vasquez-realizo-pasantia-de-investigacion-en-la-universidad-de-la-republica-de-uruguay\/","name":"Acad\u00e9mico Dr. \u00d3scar C. V\u00e1squez realiz\u00f3 pasant\u00eda de investigaci\u00f3n en la Universidad de la Rep\u00fablica de Uruguay - Departamento de Ingenier\u00eda Industrial Universidad de Santiago","isPartOf":{"@id":"https:\/\/www.ingenieriaindustrial-usach.cl\/#website"},"primaryImageOfPage":{"@id":"https:\/\/www.ingenieriaindustrial-usach.cl\/noticias\/academico-dr-oscar-c-vasquez-realizo-pasantia-de-investigacion-en-la-universidad-de-la-republica-de-uruguay\/#primaryimage"},"image":{"@id":"https:\/\/www.ingenieriaindustrial-usach.cl\/noticias\/academico-dr-oscar-c-vasquez-realizo-pasantia-de-investigacion-en-la-universidad-de-la-republica-de-uruguay\/#primaryimage"},"thumbnailUrl":"https:\/\/www.ingenieriaindustrial-usach.cl\/wp-content\/uploads\/2026\/09\/fotos-diego-norte-web-.jpg","datePublished":"2026-09-04T16:00:30+00:00","breadcrumb":{"@id":"https:\/\/www.ingenieriaindustrial-usach.cl\/noticias\/academico-dr-oscar-c-vasquez-realizo-pasantia-de-investigacion-en-la-universidad-de-la-republica-de-uruguay\/#breadcrumb"},"inLanguage":"en-US","potentialAction":[{"@type":"ReadAction","target":["https:\/\/www.ingenieriaindustrial-usach.cl\/noticias\/academico-dr-oscar-c-vasquez-realizo-pasantia-de-investigacion-en-la-universidad-de-la-republica-de-uruguay\/"]}]},{"@type":"ImageObject","inLanguage":"en-US","@id":"https:\/\/www.ingenieriaindustrial-usach.cl\/noticias\/academico-dr-oscar-c-vasquez-realizo-pasantia-de-investigacion-en-la-universidad-de-la-republica-de-uruguay\/#primaryimage","url":"https:\/\/www.ingenieriaindustrial-usach.cl\/wp-content\/uploads\/2026\/09\/fotos-diego-norte-web-.jpg","contentUrl":"https:\/\/www.ingenieriaindustrial-usach.cl\/wp-content\/uploads\/2026\/09\/fotos-diego-norte-web-.jpg","width":1600,"height":1200},{"@type":"BreadcrumbList","@id":"https:\/\/www.ingenieriaindustrial-usach.cl\/noticias\/academico-dr-oscar-c-vasquez-realizo-pasantia-de-investigacion-en-la-universidad-de-la-republica-de-uruguay\/#breadcrumb","itemListElement":[{"@type":"ListItem","position":1,"name":"Portada","item":"https:\/\/www.ingenieriaindustrial-usach.cl\/"},{"@type":"ListItem","position":2,"name":"Acad\u00e9mico Dr. \u00d3scar C. V\u00e1squez realiz\u00f3 pasant\u00eda de investigaci\u00f3n en la Universidad de la Rep\u00fablica de Uruguay"}]},{"@type":"WebSite","@id":"https:\/\/www.ingenieriaindustrial-usach.cl\/#website","url":"https:\/\/www.ingenieriaindustrial-usach.cl\/","name":"Departamento de Ingenier\u00eda Industrial Universidad de Santiago","description":"Otro sitio realizado con WordPress","publisher":{"@id":"https:\/\/www.ingenieriaindustrial-usach.cl\/#organization"},"potentialAction":[{"@type":"SearchAction","target":{"@type":"EntryPoint","urlTemplate":"https:\/\/www.ingenieriaindustrial-usach.cl\/?s={search_term_string}"},"query-input":{"@type":"PropertyValueSpecification","valueRequired":true,"valueName":"search_term_string"}}],"inLanguage":"en-US"},{"@type":"Organization","@id":"https:\/\/www.ingenieriaindustrial-usach.cl\/#organization","name":"Departamento de Ingenier\u00eda Industrial Universidad de Santiago","url":"https:\/\/www.ingenieriaindustrial-usach.cl\/","logo":{"@type":"ImageObject","inLanguage":"en-US","@id":"https:\/\/www.ingenieriaindustrial-usach.cl\/#\/schema\/logo\/image\/","url":"https:\/\/www.ingenieriaindustrial-usach.cl\/wp-content\/uploads\/2023\/11\/cropped-favicon_usach-01.png","contentUrl":"https:\/\/www.ingenieriaindustrial-usach.cl\/wp-content\/uploads\/2023\/11\/cropped-favicon_usach-01.png","width":512,"height":512,"caption":"Departamento de Ingenier\u00eda Industrial Universidad de Santiago"},"image":{"@id":"https:\/\/www.ingenieriaindustrial-usach.cl\/#\/schema\/logo\/image\/"},"sameAs":["https:\/\/web.facebook.com\/Depto.Ingenieria.industrial.UdeSantiagodeChile?_rdc=1&_rdr","https:\/\/www.linkedin.com\/in\/departamento-ingeniera-industrial-usach-94780711b\/","https:\/\/www.instagram.com\/ingenieria_industrial_usach\/"]},{"@type":"Person","@id":"https:\/\/www.ingenieriaindustrial-usach.cl\/#\/schema\/person\/2c3b5a1e7f7c844415eb926003bec7f0","name":"antonia","image":{"@type":"ImageObject","inLanguage":"en-US","@id":"https:\/\/www.ingenieriaindustrial-usach.cl\/wp-content\/litespeed\/avatar\/9ea6f38bbb594f99a05d0060494a517c.jpg?ver=1788453281","url":"https:\/\/www.ingenieriaindustrial-usach.cl\/wp-content\/litespeed\/avatar\/9ea6f38bbb594f99a05d0060494a517c.jpg?ver=1788453281","contentUrl":"https:\/\/www.ingenieriaindustrial-usach.cl\/wp-content\/litespeed\/avatar\/9ea6f38bbb594f99a05d0060494a517c.jpg?ver=1788453281","caption":"antonia"},"url":"https:\/\/www.ingenieriaindustrial-usach.cl\/en\/author\/antonia\/"}]}},"_links":{"self":[{"href":"https:\/\/www.ingenieriaindustrial-usach.cl\/en\/wp-json\/wp\/v2\/posts\/25680","targetHints":{"allow":["GET"]}}],"collection":[{"href":"https:\/\/www.ingenieriaindustrial-usach.cl\/en\/wp-json\/wp\/v2\/posts"}],"about":[{"href":"https:\/\/www.ingenieriaindustrial-usach.cl\/en\/wp-json\/wp\/v2\/types\/post"}],"author":[{"embeddable":true,"href":"https:\/\/www.ingenieriaindustrial-usach.cl\/en\/wp-json\/wp\/v2\/users\/5881"}],"replies":[{"embeddable":true,"href":"https:\/\/www.ingenieriaindustrial-usach.cl\/en\/wp-json\/wp\/v2\/comments?post=25680"}],"version-history":[{"count":1,"href":"https:\/\/www.ingenieriaindustrial-usach.cl\/en\/wp-json\/wp\/v2\/posts\/25680\/revisions"}],"predecessor-version":[{"id":25682,"href":"https:\/\/www.ingenieriaindustrial-usach.cl\/en\/wp-json\/wp\/v2\/posts\/25680\/revisions\/25682"}],"wp:featuredmedia":[{"embeddable":true,"href":"https:\/\/www.ingenieriaindustrial-usach.cl\/en\/wp-json\/wp\/v2\/media\/25681"}],"wp:attachment":[{"href":"https:\/\/www.ingenieriaindustrial-usach.cl\/en\/wp-json\/wp\/v2\/media?parent=25680"}],"wp:term":[{"taxonomy":"category","embeddable":true,"href":"https:\/\/www.ingenieriaindustrial-usach.cl\/en\/wp-json\/wp\/v2\/categories?post=25680"},{"taxonomy":"post_tag","embeddable":true,"href":"https:\/\/www.ingenieriaindustrial-usach.cl\/en\/wp-json\/wp\/v2\/tags?post=25680"},{"taxonomy":"tipo","embeddable":true,"href":"https:\/\/www.ingenieriaindustrial-usach.cl\/en\/wp-json\/wp\/v2\/tipo?post=25680"}],"curies":[{"name":"wp","href":"https:\/\/api.w.org\/{rel}","templated":true}]}}