{"id":25673,"date":"2026-09-04T09:49:07","date_gmt":"2026-09-04T13:49:07","guid":{"rendered":"https:\/\/www.ingenieriaindustrial-usach.cl\/?p=25673"},"modified":"2026-09-04T11:12:37","modified_gmt":"2026-09-04T15:12:37","slug":"egresado-del-departamento-de-ingenieria-industrial-es-electo-consejero-nacional-del-colegio-de-ingenieros-de-chile","status":"publish","type":"post","link":"https:\/\/www.ingenieriaindustrial-usach.cl\/en\/noticias\/egresado-del-departamento-de-ingenieria-industrial-es-electo-consejero-nacional-del-colegio-de-ingenieros-de-chile\/","title":{"rendered":"Egresado del Departamento de Ingenier\u00eda Industrial es electo consejero nacional del Colegio de Ingenieros de Chile"},"content":{"rendered":"<p style=\"text-align: justify;\"><span style=\"font-family: helvetica; font-size: 17px; color: #000000;\">Juan Pablo de la Torre Morales, ingeniero civil industrial y Mag\u00edster en Ciencias de la Ingenier\u00eda menci\u00f3n Ingenier\u00eda Industrial, fue electo Consejero Nacional del Colegio de Ingenieros de Chile A.G, para el periodo 2026-2028.<\/span><\/p>\n<p style=\"text-align: justify;\"><span style=\"font-family: helvetica; font-size: 17px; color: #000000;\">El egresado obtuvo 41 preferencias, alcanzando la tercera mayor\u00eda de su lista y posicion\u00e1ndose entre las diez candidaturas de libre elecci\u00f3n con mayor votaci\u00f3n a nivel nacional. Desde este nuevo espacio, espera contribuir a la incorporaci\u00f3n de nuevas generaciones al Colegio, fortalecer la participaci\u00f3n gremial y aportar a las discusiones del pa\u00eds desde una perspectiva t\u00e9cnica.<\/span><\/p>\n<p style=\"text-align: justify;\"><span style=\"font-family: helvetica; font-size: 17px; color: #000000;\">Su elecci\u00f3n representa un nuevo hito en una trayectoria estrechamente vinculada con el Departamento de Ingenier\u00eda Industrial. Durante su etapa estudiantil, De la Torre tuvo una activa participaci\u00f3n en distintos espacios de representaci\u00f3n, integr\u00f3 el Centro de Estudiantes, fue consejero del Departamento y, posteriormente, consejero acad\u00e9mico de la Universidad. En 2018 asumi\u00f3 como presidente de la Federaci\u00f3n de Estudiantes de la Universidad de Santiago de Chile (FEUSACH).<\/span><\/p>\n<p style=\"text-align: justify;\"><span style=\"font-family: helvetica; font-size: 17px; color: #000000;\">Como representante estudiantil ante el Consejo del Departamento, tuvo la oportunidad de conocer de cerca sus procesos y participar en las conversaciones sobre su desarrollo, llevando a esta instancia las inquietudes y perspectivas del estudiantado. Esta experiencia, seg\u00fan explica, le permiti\u00f3 comprender el funcionamiento de los cuerpos colegiados y la importancia de ejercer la representaci\u00f3n con responsabilidad,transparencia y capacidad de di\u00e1logo.<\/span><\/p>\n<p style=\"text-align: justify;\"><span style=\"font-family: helvetica; font-size: 17px; color: #000000;\">\u201cLa Universidad me hizo profundizar mi vocaci\u00f3n p\u00fablica y el Departamento me entreg\u00f3 las herramientas para poder llevarla adelante desde una visi\u00f3n m\u00e1s t\u00e9cnica y profesional, que me acompa\u00f1a hasta el d\u00eda de hoy\u201d, destac\u00f3.<\/span><\/p>\n<p style=\"text-align: justify;\"><span style=\"font-family: helvetica; font-size: 17px; color: #000000;\">Su formaci\u00f3n en sistemas, gesti\u00f3n organizacional y procesos ha orientado una trayectoria desarrollada tanto en el sector p\u00fablico, en municipalidades y hospitales, como en el \u00e1mbito privado, en \u00e1reas de producci\u00f3n, consultor\u00eda y transformaci\u00f3n digital. Actualmente, adem\u00e1s, ejerce como docente de Gesti\u00f3n por Procesos en la Facultad de Administraci\u00f3n y Econom\u00eda de la Universidad de Santiago de Chile.<\/span><\/p>\n<p style=\"text-align: justify;\"><span style=\"font-family: helvetica; font-size: 17px; color: #000000;\">De la Torre ingres\u00f3 hace tres a\u00f1os al Colegio de Ingenieros y posteriormente integr\u00f3 el Consejo de Especialidad Industrial. Esta experiencia impuls\u00f3 su candidatura al Consejo Nacional, desde donde espera fortalecer la participaci\u00f3n de nuevas generaciones, el v\u00ednculo con las universidades y la incidencia del gremio en temas como la transformaci\u00f3n digital y la inteligencia artificial.<\/span><\/p>\n<p style=\"text-align: justify;\"><span style=\"font-family: helvetica; font-size: 17px; color: #000000;\">\u201cLa ingenier\u00eda es clave para que las discusiones a nivel pa\u00eds sean s\u00f3lidas, serias y tengan un buen nivel t\u00e9cnico. Se trata de entregar mejores herramientas para la toma de decisiones\u201d, explic\u00f3.<\/span><\/p>\n<p style=\"text-align: justify;\"><span style=\"font-family: helvetica; font-size: 17px; color: #000000;\">Finalmente, invit\u00f3 a estudiantes y egresados del Departamento a fortalecer sus redes y participar en el Colegio de Ingenieros como un espacio para desarrollar proyectos y aportar al pa\u00eds. Su incorporaci\u00f3n al Consejo Nacional refleja la proyecci\u00f3n de una formaci\u00f3n que integra conocimientos t\u00e9cnicos, compromiso p\u00fablico y participaci\u00f3n activa.<\/span><\/p>\n","protected":false},"excerpt":{"rendered":"<p>Juan Pablo de la Torre Morales, ingeniero civil industrial y Mag\u00edster en Ciencias de la Ingenier\u00eda menci\u00f3n Ingenier\u00eda Industrial, fue electo Consejero Nacional del Colegio de Ingenieros de Chile A.G, para el periodo 2026-2028. El egresado obtuvo 41 preferencias, alcanzando la tercera mayor\u00eda de su lista y posicion\u00e1ndose entre las &hellip; <a class=\"readmore\" href=\"https:\/\/www.ingenieriaindustrial-usach.cl\/en\/noticias\/egresado-del-departamento-de-ingenieria-industrial-es-electo-consejero-nacional-del-colegio-de-ingenieros-de-chile\/\">Seguir Leyendo <span class=\"meta-nav\">&rarr;<\/span><\/a><\/p>\n","protected":false},"author":5881,"featured_media":25678,"comment_status":"open","ping_status":"open","sticky":false,"template":"","format":"standard","meta":{"footnotes":"","_links_to":"","_links_to_target":""},"categories":[3,1],"tags":[],"tipo":[],"class_list":["post-25673","post","type-post","status-publish","format-standard","has-post-thumbnail","hentry","category-destacadas","category-noticias"],"yoast_head":"<!-- This site is optimized with the Yoast SEO plugin v28.4 - https:\/\/yoast.com\/product\/yoast-seo-wordpress\/ -->\n<title>Egresado del Departamento de Ingenier\u00eda Industrial es electo consejero nacional del Colegio de Ingenieros de Chile - Departamento de Ingenier\u00eda Industrial Universidad de Santiago<\/title>\n<meta name=\"robots\" content=\"index, follow, max-snippet:-1, max-image-preview:large, max-video-preview:-1\" \/>\n<link rel=\"canonical\" href=\"https:\/\/www.ingenieriaindustrial-usach.cl\/noticias\/egresado-del-departamento-de-ingenieria-industrial-es-electo-consejero-nacional-del-colegio-de-ingenieros-de-chile\/\" \/>\n<meta property=\"og:locale\" content=\"en_US\" \/>\n<meta property=\"og:type\" content=\"article\" \/>\n<meta property=\"og:title\" content=\"Egresado del Departamento de Ingenier\u00eda Industrial es electo consejero nacional del Colegio de Ingenieros de Chile - Departamento de Ingenier\u00eda Industrial Universidad de Santiago\" \/>\n<meta property=\"og:description\" content=\"Juan Pablo de la Torre Morales, ingeniero civil industrial y Mag\u00edster en Ciencias de la Ingenier\u00eda menci\u00f3n Ingenier\u00eda Industrial, fue electo Consejero Nacional del Colegio de Ingenieros de Chile A.G, para el periodo 2026-2028. El egresado obtuvo 41 preferencias, alcanzando la tercera mayor\u00eda de su lista y posicion\u00e1ndose entre las &hellip; Seguir Leyendo &rarr;\" \/>\n<meta property=\"og:url\" content=\"https:\/\/www.ingenieriaindustrial-usach.cl\/noticias\/egresado-del-departamento-de-ingenieria-industrial-es-electo-consejero-nacional-del-colegio-de-ingenieros-de-chile\/\" \/>\n<meta property=\"og:site_name\" content=\"Departamento de Ingenier\u00eda Industrial Universidad de Santiago\" \/>\n<meta property=\"article:publisher\" content=\"https:\/\/web.facebook.com\/Depto.Ingenieria.industrial.UdeSantiagodeChile?_rdc=1&amp;_rdr\" \/>\n<meta property=\"article:published_time\" content=\"2026-09-04T13:49:07+00:00\" \/>\n<meta property=\"article:modified_time\" content=\"2026-09-04T15:12:37+00:00\" \/>\n<meta property=\"og:image\" content=\"https:\/\/www.ingenieriaindustrial-usach.cl\/wp-content\/uploads\/2026\/09\/2-3.jpg\" \/>\n\t<meta property=\"og:image:width\" content=\"1600\" \/>\n\t<meta property=\"og:image:height\" content=\"1200\" \/>\n\t<meta property=\"og:image:type\" content=\"image\/jpeg\" \/>\n<meta name=\"author\" content=\"antonia\" \/>\n<meta name=\"twitter:card\" content=\"summary_large_image\" \/>\n<meta name=\"twitter:label1\" content=\"Written by\" \/>\n\t<meta name=\"twitter:data1\" content=\"antonia\" \/>\n\t<meta name=\"twitter:label2\" content=\"Est. reading time\" \/>\n\t<meta name=\"twitter:data2\" content=\"3 minutes\" \/>\n<script type=\"application\/ld+json\" class=\"yoast-schema-graph\">{\"@context\":\"https:\\\/\\\/schema.org\",\"@graph\":[{\"@type\":\"Article\",\"@id\":\"https:\\\/\\\/www.ingenieriaindustrial-usach.cl\\\/noticias\\\/egresado-del-departamento-de-ingenieria-industrial-es-electo-consejero-nacional-del-colegio-de-ingenieros-de-chile\\\/#article\",\"isPartOf\":{\"@id\":\"https:\\\/\\\/www.ingenieriaindustrial-usach.cl\\\/noticias\\\/egresado-del-departamento-de-ingenieria-industrial-es-electo-consejero-nacional-del-colegio-de-ingenieros-de-chile\\\/\"},\"author\":{\"name\":\"antonia\",\"@id\":\"https:\\\/\\\/www.ingenieriaindustrial-usach.cl\\\/#\\\/schema\\\/person\\\/2c3b5a1e7f7c844415eb926003bec7f0\"},\"headline\":\"Egresado del Departamento de Ingenier\u00eda Industrial es electo consejero nacional del Colegio de Ingenieros de Chile\",\"datePublished\":\"2026-09-04T13:49:07+00:00\",\"dateModified\":\"2026-09-04T15:12:37+00:00\",\"mainEntityOfPage\":{\"@id\":\"https:\\\/\\\/www.ingenieriaindustrial-usach.cl\\\/noticias\\\/egresado-del-departamento-de-ingenieria-industrial-es-electo-consejero-nacional-del-colegio-de-ingenieros-de-chile\\\/\"},\"wordCount\":518,\"commentCount\":0,\"publisher\":{\"@id\":\"https:\\\/\\\/www.ingenieriaindustrial-usach.cl\\\/#organization\"},\"image\":{\"@id\":\"https:\\\/\\\/www.ingenieriaindustrial-usach.cl\\\/noticias\\\/egresado-del-departamento-de-ingenieria-industrial-es-electo-consejero-nacional-del-colegio-de-ingenieros-de-chile\\\/#primaryimage\"},\"thumbnailUrl\":\"https:\\\/\\\/www.ingenieriaindustrial-usach.cl\\\/wp-content\\\/uploads\\\/2026\\\/09\\\/2-3.jpg\",\"articleSection\":[\"Destacadas\",\"Noticias\"],\"inLanguage\":\"en-US\",\"potentialAction\":[{\"@type\":\"CommentAction\",\"name\":\"Comment\",\"target\":[\"https:\\\/\\\/www.ingenieriaindustrial-usach.cl\\\/noticias\\\/egresado-del-departamento-de-ingenieria-industrial-es-electo-consejero-nacional-del-colegio-de-ingenieros-de-chile\\\/#respond\"]}]},{\"@type\":\"WebPage\",\"@id\":\"https:\\\/\\\/www.ingenieriaindustrial-usach.cl\\\/noticias\\\/egresado-del-departamento-de-ingenieria-industrial-es-electo-consejero-nacional-del-colegio-de-ingenieros-de-chile\\\/\",\"url\":\"https:\\\/\\\/www.ingenieriaindustrial-usach.cl\\\/noticias\\\/egresado-del-departamento-de-ingenieria-industrial-es-electo-consejero-nacional-del-colegio-de-ingenieros-de-chile\\\/\",\"name\":\"Egresado del Departamento de Ingenier\u00eda Industrial es electo consejero nacional del Colegio de Ingenieros de Chile - Departamento de Ingenier\u00eda Industrial Universidad de Santiago\",\"isPartOf\":{\"@id\":\"https:\\\/\\\/www.ingenieriaindustrial-usach.cl\\\/#website\"},\"primaryImageOfPage\":{\"@id\":\"https:\\\/\\\/www.ingenieriaindustrial-usach.cl\\\/noticias\\\/egresado-del-departamento-de-ingenieria-industrial-es-electo-consejero-nacional-del-colegio-de-ingenieros-de-chile\\\/#primaryimage\"},\"image\":{\"@id\":\"https:\\\/\\\/www.ingenieriaindustrial-usach.cl\\\/noticias\\\/egresado-del-departamento-de-ingenieria-industrial-es-electo-consejero-nacional-del-colegio-de-ingenieros-de-chile\\\/#primaryimage\"},\"thumbnailUrl\":\"https:\\\/\\\/www.ingenieriaindustrial-usach.cl\\\/wp-content\\\/uploads\\\/2026\\\/09\\\/2-3.jpg\",\"datePublished\":\"2026-09-04T13:49:07+00:00\",\"dateModified\":\"2026-09-04T15:12:37+00:00\",\"breadcrumb\":{\"@id\":\"https:\\\/\\\/www.ingenieriaindustrial-usach.cl\\\/noticias\\\/egresado-del-departamento-de-ingenieria-industrial-es-electo-consejero-nacional-del-colegio-de-ingenieros-de-chile\\\/#breadcrumb\"},\"inLanguage\":\"en-US\",\"potentialAction\":[{\"@type\":\"ReadAction\",\"target\":[\"https:\\\/\\\/www.ingenieriaindustrial-usach.cl\\\/noticias\\\/egresado-del-departamento-de-ingenieria-industrial-es-electo-consejero-nacional-del-colegio-de-ingenieros-de-chile\\\/\"]}]},{\"@type\":\"ImageObject\",\"inLanguage\":\"en-US\",\"@id\":\"https:\\\/\\\/www.ingenieriaindustrial-usach.cl\\\/noticias\\\/egresado-del-departamento-de-ingenieria-industrial-es-electo-consejero-nacional-del-colegio-de-ingenieros-de-chile\\\/#primaryimage\",\"url\":\"https:\\\/\\\/www.ingenieriaindustrial-usach.cl\\\/wp-content\\\/uploads\\\/2026\\\/09\\\/2-3.jpg\",\"contentUrl\":\"https:\\\/\\\/www.ingenieriaindustrial-usach.cl\\\/wp-content\\\/uploads\\\/2026\\\/09\\\/2-3.jpg\",\"width\":1600,\"height\":1200},{\"@type\":\"BreadcrumbList\",\"@id\":\"https:\\\/\\\/www.ingenieriaindustrial-usach.cl\\\/noticias\\\/egresado-del-departamento-de-ingenieria-industrial-es-electo-consejero-nacional-del-colegio-de-ingenieros-de-chile\\\/#breadcrumb\",\"itemListElement\":[{\"@type\":\"ListItem\",\"position\":1,\"name\":\"Portada\",\"item\":\"https:\\\/\\\/www.ingenieriaindustrial-usach.cl\\\/\"},{\"@type\":\"ListItem\",\"position\":2,\"name\":\"Egresado del Departamento de Ingenier\u00eda Industrial es electo consejero nacional del Colegio de Ingenieros de Chile\"}]},{\"@type\":\"WebSite\",\"@id\":\"https:\\\/\\\/www.ingenieriaindustrial-usach.cl\\\/#website\",\"url\":\"https:\\\/\\\/www.ingenieriaindustrial-usach.cl\\\/\",\"name\":\"Departamento de Ingenier\u00eda Industrial Universidad de Santiago\",\"description\":\"Otro sitio realizado con WordPress\",\"publisher\":{\"@id\":\"https:\\\/\\\/www.ingenieriaindustrial-usach.cl\\\/#organization\"},\"potentialAction\":[{\"@type\":\"SearchAction\",\"target\":{\"@type\":\"EntryPoint\",\"urlTemplate\":\"https:\\\/\\\/www.ingenieriaindustrial-usach.cl\\\/?s={search_term_string}\"},\"query-input\":{\"@type\":\"PropertyValueSpecification\",\"valueRequired\":true,\"valueName\":\"search_term_string\"}}],\"inLanguage\":\"en-US\"},{\"@type\":\"Organization\",\"@id\":\"https:\\\/\\\/www.ingenieriaindustrial-usach.cl\\\/#organization\",\"name\":\"Departamento de Ingenier\u00eda Industrial Universidad de Santiago\",\"url\":\"https:\\\/\\\/www.ingenieriaindustrial-usach.cl\\\/\",\"logo\":{\"@type\":\"ImageObject\",\"inLanguage\":\"en-US\",\"@id\":\"https:\\\/\\\/www.ingenieriaindustrial-usach.cl\\\/#\\\/schema\\\/logo\\\/image\\\/\",\"url\":\"https:\\\/\\\/www.ingenieriaindustrial-usach.cl\\\/wp-content\\\/uploads\\\/2023\\\/11\\\/cropped-favicon_usach-01.png\",\"contentUrl\":\"https:\\\/\\\/www.ingenieriaindustrial-usach.cl\\\/wp-content\\\/uploads\\\/2023\\\/11\\\/cropped-favicon_usach-01.png\",\"width\":512,\"height\":512,\"caption\":\"Departamento de Ingenier\u00eda Industrial Universidad de Santiago\"},\"image\":{\"@id\":\"https:\\\/\\\/www.ingenieriaindustrial-usach.cl\\\/#\\\/schema\\\/logo\\\/image\\\/\"},\"sameAs\":[\"https:\\\/\\\/web.facebook.com\\\/Depto.Ingenieria.industrial.UdeSantiagodeChile?_rdc=1&_rdr\",\"https:\\\/\\\/www.linkedin.com\\\/in\\\/departamento-ingeniera-industrial-usach-94780711b\\\/\",\"https:\\\/\\\/www.instagram.com\\\/ingenieria_industrial_usach\\\/\"]},{\"@type\":\"Person\",\"@id\":\"https:\\\/\\\/www.ingenieriaindustrial-usach.cl\\\/#\\\/schema\\\/person\\\/2c3b5a1e7f7c844415eb926003bec7f0\",\"name\":\"antonia\",\"image\":{\"@type\":\"ImageObject\",\"inLanguage\":\"en-US\",\"@id\":\"https:\\\/\\\/www.ingenieriaindustrial-usach.cl\\\/wp-content\\\/litespeed\\\/avatar\\\/9ea6f38bbb594f99a05d0060494a517c.jpg?ver=1788453281\",\"url\":\"https:\\\/\\\/www.ingenieriaindustrial-usach.cl\\\/wp-content\\\/litespeed\\\/avatar\\\/9ea6f38bbb594f99a05d0060494a517c.jpg?ver=1788453281\",\"contentUrl\":\"https:\\\/\\\/www.ingenieriaindustrial-usach.cl\\\/wp-content\\\/litespeed\\\/avatar\\\/9ea6f38bbb594f99a05d0060494a517c.jpg?ver=1788453281\",\"caption\":\"antonia\"},\"url\":\"https:\\\/\\\/www.ingenieriaindustrial-usach.cl\\\/en\\\/author\\\/antonia\\\/\"}]}<\/script>\n<!-- \/ Yoast SEO plugin. -->","yoast_head_json":{"title":"Egresado del Departamento de Ingenier\u00eda Industrial es electo consejero nacional del Colegio de Ingenieros de Chile - Departamento de Ingenier\u00eda Industrial Universidad de Santiago","robots":{"index":"index","follow":"follow","max-snippet":"max-snippet:-1","max-image-preview":"max-image-preview:large","max-video-preview":"max-video-preview:-1"},"canonical":"https:\/\/www.ingenieriaindustrial-usach.cl\/noticias\/egresado-del-departamento-de-ingenieria-industrial-es-electo-consejero-nacional-del-colegio-de-ingenieros-de-chile\/","og_locale":"en_US","og_type":"article","og_title":"Egresado del Departamento de Ingenier\u00eda Industrial es electo consejero nacional del Colegio de Ingenieros de Chile - Departamento de Ingenier\u00eda Industrial Universidad de Santiago","og_description":"Juan Pablo de la Torre Morales, ingeniero civil industrial y Mag\u00edster en Ciencias de la Ingenier\u00eda menci\u00f3n Ingenier\u00eda Industrial, fue electo Consejero Nacional del Colegio de Ingenieros de Chile A.G, para el periodo 2026-2028. El egresado obtuvo 41 preferencias, alcanzando la tercera mayor\u00eda de su lista y posicion\u00e1ndose entre las &hellip; Seguir Leyendo &rarr;","og_url":"https:\/\/www.ingenieriaindustrial-usach.cl\/noticias\/egresado-del-departamento-de-ingenieria-industrial-es-electo-consejero-nacional-del-colegio-de-ingenieros-de-chile\/","og_site_name":"Departamento de Ingenier\u00eda Industrial Universidad de Santiago","article_publisher":"https:\/\/web.facebook.com\/Depto.Ingenieria.industrial.UdeSantiagodeChile?_rdc=1&_rdr","article_published_time":"2026-09-04T13:49:07+00:00","article_modified_time":"2026-09-04T15:12:37+00:00","og_image":[{"width":1600,"height":1200,"url":"https:\/\/www.ingenieriaindustrial-usach.cl\/wp-content\/uploads\/2026\/09\/2-3.jpg","type":"image\/jpeg"}],"author":"antonia","twitter_card":"summary_large_image","twitter_misc":{"Written by":"antonia","Est. reading time":"3 minutes"},"schema":{"@context":"https:\/\/schema.org","@graph":[{"@type":"Article","@id":"https:\/\/www.ingenieriaindustrial-usach.cl\/noticias\/egresado-del-departamento-de-ingenieria-industrial-es-electo-consejero-nacional-del-colegio-de-ingenieros-de-chile\/#article","isPartOf":{"@id":"https:\/\/www.ingenieriaindustrial-usach.cl\/noticias\/egresado-del-departamento-de-ingenieria-industrial-es-electo-consejero-nacional-del-colegio-de-ingenieros-de-chile\/"},"author":{"name":"antonia","@id":"https:\/\/www.ingenieriaindustrial-usach.cl\/#\/schema\/person\/2c3b5a1e7f7c844415eb926003bec7f0"},"headline":"Egresado del Departamento de Ingenier\u00eda Industrial es electo consejero nacional del Colegio de Ingenieros de Chile","datePublished":"2026-09-04T13:49:07+00:00","dateModified":"2026-09-04T15:12:37+00:00","mainEntityOfPage":{"@id":"https:\/\/www.ingenieriaindustrial-usach.cl\/noticias\/egresado-del-departamento-de-ingenieria-industrial-es-electo-consejero-nacional-del-colegio-de-ingenieros-de-chile\/"},"wordCount":518,"commentCount":0,"publisher":{"@id":"https:\/\/www.ingenieriaindustrial-usach.cl\/#organization"},"image":{"@id":"https:\/\/www.ingenieriaindustrial-usach.cl\/noticias\/egresado-del-departamento-de-ingenieria-industrial-es-electo-consejero-nacional-del-colegio-de-ingenieros-de-chile\/#primaryimage"},"thumbnailUrl":"https:\/\/www.ingenieriaindustrial-usach.cl\/wp-content\/uploads\/2026\/09\/2-3.jpg","articleSection":["Destacadas","Noticias"],"inLanguage":"en-US","potentialAction":[{"@type":"CommentAction","name":"Comment","target":["https:\/\/www.ingenieriaindustrial-usach.cl\/noticias\/egresado-del-departamento-de-ingenieria-industrial-es-electo-consejero-nacional-del-colegio-de-ingenieros-de-chile\/#respond"]}]},{"@type":"WebPage","@id":"https:\/\/www.ingenieriaindustrial-usach.cl\/noticias\/egresado-del-departamento-de-ingenieria-industrial-es-electo-consejero-nacional-del-colegio-de-ingenieros-de-chile\/","url":"https:\/\/www.ingenieriaindustrial-usach.cl\/noticias\/egresado-del-departamento-de-ingenieria-industrial-es-electo-consejero-nacional-del-colegio-de-ingenieros-de-chile\/","name":"Egresado del Departamento de Ingenier\u00eda Industrial es electo consejero nacional del Colegio de Ingenieros de Chile - Departamento de Ingenier\u00eda Industrial Universidad de Santiago","isPartOf":{"@id":"https:\/\/www.ingenieriaindustrial-usach.cl\/#website"},"primaryImageOfPage":{"@id":"https:\/\/www.ingenieriaindustrial-usach.cl\/noticias\/egresado-del-departamento-de-ingenieria-industrial-es-electo-consejero-nacional-del-colegio-de-ingenieros-de-chile\/#primaryimage"},"image":{"@id":"https:\/\/www.ingenieriaindustrial-usach.cl\/noticias\/egresado-del-departamento-de-ingenieria-industrial-es-electo-consejero-nacional-del-colegio-de-ingenieros-de-chile\/#primaryimage"},"thumbnailUrl":"https:\/\/www.ingenieriaindustrial-usach.cl\/wp-content\/uploads\/2026\/09\/2-3.jpg","datePublished":"2026-09-04T13:49:07+00:00","dateModified":"2026-09-04T15:12:37+00:00","breadcrumb":{"@id":"https:\/\/www.ingenieriaindustrial-usach.cl\/noticias\/egresado-del-departamento-de-ingenieria-industrial-es-electo-consejero-nacional-del-colegio-de-ingenieros-de-chile\/#breadcrumb"},"inLanguage":"en-US","potentialAction":[{"@type":"ReadAction","target":["https:\/\/www.ingenieriaindustrial-usach.cl\/noticias\/egresado-del-departamento-de-ingenieria-industrial-es-electo-consejero-nacional-del-colegio-de-ingenieros-de-chile\/"]}]},{"@type":"ImageObject","inLanguage":"en-US","@id":"https:\/\/www.ingenieriaindustrial-usach.cl\/noticias\/egresado-del-departamento-de-ingenieria-industrial-es-electo-consejero-nacional-del-colegio-de-ingenieros-de-chile\/#primaryimage","url":"https:\/\/www.ingenieriaindustrial-usach.cl\/wp-content\/uploads\/2026\/09\/2-3.jpg","contentUrl":"https:\/\/www.ingenieriaindustrial-usach.cl\/wp-content\/uploads\/2026\/09\/2-3.jpg","width":1600,"height":1200},{"@type":"BreadcrumbList","@id":"https:\/\/www.ingenieriaindustrial-usach.cl\/noticias\/egresado-del-departamento-de-ingenieria-industrial-es-electo-consejero-nacional-del-colegio-de-ingenieros-de-chile\/#breadcrumb","itemListElement":[{"@type":"ListItem","position":1,"name":"Portada","item":"https:\/\/www.ingenieriaindustrial-usach.cl\/"},{"@type":"ListItem","position":2,"name":"Egresado del Departamento de Ingenier\u00eda Industrial es electo consejero nacional del Colegio de Ingenieros de Chile"}]},{"@type":"WebSite","@id":"https:\/\/www.ingenieriaindustrial-usach.cl\/#website","url":"https:\/\/www.ingenieriaindustrial-usach.cl\/","name":"Departamento de Ingenier\u00eda Industrial Universidad de Santiago","description":"Otro sitio realizado con WordPress","publisher":{"@id":"https:\/\/www.ingenieriaindustrial-usach.cl\/#organization"},"potentialAction":[{"@type":"SearchAction","target":{"@type":"EntryPoint","urlTemplate":"https:\/\/www.ingenieriaindustrial-usach.cl\/?s={search_term_string}"},"query-input":{"@type":"PropertyValueSpecification","valueRequired":true,"valueName":"search_term_string"}}],"inLanguage":"en-US"},{"@type":"Organization","@id":"https:\/\/www.ingenieriaindustrial-usach.cl\/#organization","name":"Departamento de Ingenier\u00eda Industrial Universidad de Santiago","url":"https:\/\/www.ingenieriaindustrial-usach.cl\/","logo":{"@type":"ImageObject","inLanguage":"en-US","@id":"https:\/\/www.ingenieriaindustrial-usach.cl\/#\/schema\/logo\/image\/","url":"https:\/\/www.ingenieriaindustrial-usach.cl\/wp-content\/uploads\/2023\/11\/cropped-favicon_usach-01.png","contentUrl":"https:\/\/www.ingenieriaindustrial-usach.cl\/wp-content\/uploads\/2023\/11\/cropped-favicon_usach-01.png","width":512,"height":512,"caption":"Departamento de Ingenier\u00eda Industrial Universidad de Santiago"},"image":{"@id":"https:\/\/www.ingenieriaindustrial-usach.cl\/#\/schema\/logo\/image\/"},"sameAs":["https:\/\/web.facebook.com\/Depto.Ingenieria.industrial.UdeSantiagodeChile?_rdc=1&_rdr","https:\/\/www.linkedin.com\/in\/departamento-ingeniera-industrial-usach-94780711b\/","https:\/\/www.instagram.com\/ingenieria_industrial_usach\/"]},{"@type":"Person","@id":"https:\/\/www.ingenieriaindustrial-usach.cl\/#\/schema\/person\/2c3b5a1e7f7c844415eb926003bec7f0","name":"antonia","image":{"@type":"ImageObject","inLanguage":"en-US","@id":"https:\/\/www.ingenieriaindustrial-usach.cl\/wp-content\/litespeed\/avatar\/9ea6f38bbb594f99a05d0060494a517c.jpg?ver=1788453281","url":"https:\/\/www.ingenieriaindustrial-usach.cl\/wp-content\/litespeed\/avatar\/9ea6f38bbb594f99a05d0060494a517c.jpg?ver=1788453281","contentUrl":"https:\/\/www.ingenieriaindustrial-usach.cl\/wp-content\/litespeed\/avatar\/9ea6f38bbb594f99a05d0060494a517c.jpg?ver=1788453281","caption":"antonia"},"url":"https:\/\/www.ingenieriaindustrial-usach.cl\/en\/author\/antonia\/"}]}},"_links":{"self":[{"href":"https:\/\/www.ingenieriaindustrial-usach.cl\/en\/wp-json\/wp\/v2\/posts\/25673","targetHints":{"allow":["GET"]}}],"collection":[{"href":"https:\/\/www.ingenieriaindustrial-usach.cl\/en\/wp-json\/wp\/v2\/posts"}],"about":[{"href":"https:\/\/www.ingenieriaindustrial-usach.cl\/en\/wp-json\/wp\/v2\/types\/post"}],"author":[{"embeddable":true,"href":"https:\/\/www.ingenieriaindustrial-usach.cl\/en\/wp-json\/wp\/v2\/users\/5881"}],"replies":[{"embeddable":true,"href":"https:\/\/www.ingenieriaindustrial-usach.cl\/en\/wp-json\/wp\/v2\/comments?post=25673"}],"version-history":[{"count":2,"href":"https:\/\/www.ingenieriaindustrial-usach.cl\/en\/wp-json\/wp\/v2\/posts\/25673\/revisions"}],"predecessor-version":[{"id":25679,"href":"https:\/\/www.ingenieriaindustrial-usach.cl\/en\/wp-json\/wp\/v2\/posts\/25673\/revisions\/25679"}],"wp:featuredmedia":[{"embeddable":true,"href":"https:\/\/www.ingenieriaindustrial-usach.cl\/en\/wp-json\/wp\/v2\/media\/25678"}],"wp:attachment":[{"href":"https:\/\/www.ingenieriaindustrial-usach.cl\/en\/wp-json\/wp\/v2\/media?parent=25673"}],"wp:term":[{"taxonomy":"category","embeddable":true,"href":"https:\/\/www.ingenieriaindustrial-usach.cl\/en\/wp-json\/wp\/v2\/categories?post=25673"},{"taxonomy":"post_tag","embeddable":true,"href":"https:\/\/www.ingenieriaindustrial-usach.cl\/en\/wp-json\/wp\/v2\/tags?post=25673"},{"taxonomy":"tipo","embeddable":true,"href":"https:\/\/www.ingenieriaindustrial-usach.cl\/en\/wp-json\/wp\/v2\/tipo?post=25673"}],"curies":[{"name":"wp","href":"https:\/\/api.w.org\/{rel}","templated":true}]}}