{"id":25658,"date":"2026-09-03T10:57:17","date_gmt":"2026-09-03T14:57:17","guid":{"rendered":"https:\/\/www.ingenieriaindustrial-usach.cl\/?p=25658"},"modified":"2026-09-03T17:28:02","modified_gmt":"2026-09-03T21:28:02","slug":"presidente-de-opko-health-iberoamerica-hans-berner-compartio-su-experiencia-en-alta-direccion-y-llamo-a-liderar-con-empatia-en-seminario-indconexion","status":"publish","type":"post","link":"https:\/\/www.ingenieriaindustrial-usach.cl\/en\/noticias\/presidente-de-opko-health-iberoamerica-hans-berner-compartio-su-experiencia-en-alta-direccion-y-llamo-a-liderar-con-empatia-en-seminario-indconexion\/","title":{"rendered":"Presidente de OPKO Health Iberoam\u00e9rica, Hans Berner comparti\u00f3 su experiencia en alta direcci\u00f3n y llam\u00f3 a liderar con empat\u00eda en seminario INDConexi\u00f3n"},"content":{"rendered":"<p><\/p>\n<p style=\"text-align: justify;\"><span style=\"font-family: helvetica; font-size: 17px; color: #000000;\">Este mi\u00e9rcoles 2 de septiembre, el Auditorio de Ingenier\u00eda Industrial recibi\u00f3 a Hans Berner al ingeniero comercial de la Universidad de Santiago de Chile y actual presidente de OPKO Health Iberoam\u00e9rica, quien dict\u00f3 el seminario \u201cEstrategia y toma de decisiones en mercados complejos: una mirada desde la alta direcci\u00f3n\u201d, en el marco de los seminarios INDConexi\u00f3n.<\/span><\/p>\n<p style=\"text-align: justify;\"><span style=\"font-family: helvetica; font-size: 17px; color: #000000;\">El expositor estuvo acompa\u00f1ado por una comitiva de OPKO integrada por Pedro Su\u00e1rez, Chief Commercial and Marketing Officer Latam\/Chile; Ra\u00fal P\u00e9rez, gerente de Log\u00edstica para Chile, Ecuador y Uruguay; Esteban P\u00e9rez, IT Manager Latam; Paula Vargas, gerenta de Auditor\u00eda Interna; Dina V\u00e1squez, Business Development Manager Latam; Sof\u00eda Serrano, l\u00edder de Gesti\u00f3n y Finanzas; Camila Mugli; Juan Pablo Caster y David V\u00e1zquez. En el marco de su visita al Departamento, la delegaci\u00f3n tambi\u00e9n recorri\u00f3 las instalaciones del Laboratorio de Emprendimiento e Innovaci\u00f3n (LEIND), donde conoci\u00f3 los distintos proyectos e iniciativas desarrolladas en este espacio y su contribuci\u00f3n a la formaci\u00f3n, la innovaci\u00f3n y el emprendimiento con impacto social.<\/span><\/p>\n<p style=\"text-align: justify;\"><span style=\"font-family: helvetica; font-size: 17px; color: #000000;\">Luego, durante su exposici\u00f3n, el egresado comparti\u00f3 aprendizajes obtenidos a lo largo de su trayectoria profesional y abord\u00f3, desde su propia experiencia, los desaf\u00edos que enfrentan las organizaciones al tomar decisiones, evaluar oportunidades de crecimiento y desenvolverse en escenarios marcados por la incertidumbre y la alta competencia.<\/span><\/p>\n<p style=\"text-align: justify;\"><span style=\"font-family: helvetica; font-size: 17px; color: #000000;\">Actualmente, Berner dirige siente compa\u00f1\u00edas de la empresa farmac\u00e9utica en Europa y Latinoam\u00e9rica. Desde esa experiencia, entreg\u00f3 a las y los asistentes una mirada cercana sobre el liderazgo y la gesti\u00f3n de equipos, enfatizando que las decisiones organizacionales no solo deben considerar los resultados, sino tambi\u00e9n a las personas que forman parte de cada instituci\u00f3n.<\/span><\/p>\n<p style=\"text-align: justify;\"><span style=\"font-family: helvetica; font-size: 17px; color: #000000;\">Comparti\u00f3 la gesti\u00f3n de compa\u00f1\u00edas que operan en mercados internacionales con realidades diversas. A partir de experiencias en Europa, Latinoam\u00e9rica y otros mercados como China e India, explic\u00f3 c\u00f3mo las organizaciones deben adaptar sus estrategias considerando variables econ\u00f3micas, culturales y propias de cada entorno de negocios.<\/span><\/p>\n<p style=\"text-align: justify;\"><span style=\"font-family: helvetica; font-size: 17px; color: #000000;\">En este contexto, abord\u00f3 tambi\u00e9n las diferencias en las formas de relacionarse, negociar y tomar decisiones seg\u00fan el pa\u00eds y las caracter\u00edsticas de cada contraparte, mostrando c\u00f3mo una estrategia que resulta efectiva en un determinado mercado no necesariamente puede aplicarse de la misma manera en otro. Desde la alta direcci\u00f3n, destac\u00f3 as\u00ed la importancia de comprender el entorno, analizar sus particularidades y desarrollar capacidad de adaptaci\u00f3n antes de definir una estrategia o enfrentar una negociaci\u00f3n.<\/span><\/p>\n<p style=\"text-align: justify;\"><span style=\"font-family: helvetica; font-size: 17px; color: #000000;\">Su intervenci\u00f3n tambi\u00e9n estuvo marcada por su v\u00ednculo con la Universidad de Santiago de Chile, donde estudi\u00f3 Ingenier\u00eda Comercial. Al recordar sus or\u00edgenes como estudiante, Hans explic\u00f3 que el sello de la USACH, trasciende los conocimientos profesionales y se refleja en la forma de relacionarse con otras personas, ejercer el liderazgo y mantener la humildad y la empat\u00eda, incluso al asumir cargos de alta responsabilidad.<\/span><\/p>\n<p style=\"text-align: justify;\"><span style=\"font-family: helvetica; font-size: 17px; color: #000000;\">Desde esa experiencia, invit\u00f3 a las y los estudiantes a conservar esta identidad durante su trayectoria profesional y a confiar en la formaci\u00f3n recibida por la Instituci\u00f3n. \u201cQue mantengan el sello de la Universidad y lo potencien, y que vean que no est\u00e1 equivocado: ese sello es real, se palpa y se toca\u201d, expres\u00f3.<\/span><\/p>\n<p style=\"text-align: justify;\"><span style=\"font-family: helvetica; font-size: 17px; color: #000000;\">En ese contexto, sintetiz\u00f3 parte de su mensaje en tres conceptos: aprender, ganar y devolver. A trav\u00e9s de ellos, invit\u00f3 a las y los estudiantes a mantenerse abiertos al aprendizaje, avanzar en sus objetivos y retribuir lo recibido mediante sus acciones y su aporte a otras personas, \u201csomos personas, se trabaja con personas y la humanidad que tenemos que tener hacia los otros debe ser un sello fundamental\u201d se\u00f1al\u00f3.<\/span><\/p>\n<p style=\"text-align: justify;\"><span style=\"font-family: helvetica; font-size: 17px; color: #000000;\">Asimismo, destac\u00f3 que quienes ocupan posiciones de liderazgo deben preocuparse por generar condiciones que permitan a sus equipos desarrollarse tanto en el \u00e1mbito laboral como personal. \u201cLos buenos l\u00edderes se preocupan y se centran en las necesidades de sus trabajadores, en qu\u00e9 necesitan para estar mejor en la compa\u00f1\u00eda, para ser mejores personas y ayudarlos\u201d, afirm\u00f3.<\/span><br \/>\n<span style=\"font-family: helvetica; font-size: 17px; color: #000000;\">Con esta nueva jornada de INDConexi\u00f3n, el Departamento de Ingenier\u00eda Industrial reafirma su compromiso con la generaci\u00f3n de espacios que vinculen a la comunidad universitaria con el mundo profesional, promoviendo una formaci\u00f3n que integre conocimientos, experiencia y una mirada humana del liderazgo.<\/span><\/p>\n<p><\/p>","protected":false},"excerpt":{"rendered":"<p>Este mi\u00e9rcoles 2 de septiembre, el Auditorio de Ingenier\u00eda Industrial recibi\u00f3 a Hans Berner al ingeniero comercial de la Universidad de Santiago de Chile y actual presidente de OPKO Health Iberoam\u00e9rica, quien dict\u00f3 el seminario \u201cEstrategia y toma de decisiones en mercados complejos: una mirada desde la alta direcci\u00f3n\u201d, en &hellip; <a class=\"readmore\" href=\"https:\/\/www.ingenieriaindustrial-usach.cl\/en\/noticias\/presidente-de-opko-health-iberoamerica-hans-berner-compartio-su-experiencia-en-alta-direccion-y-llamo-a-liderar-con-empatia-en-seminario-indconexion\/\">Seguir Leyendo <span class=\"meta-nav\">&rarr;<\/span><\/a><\/p>\n","protected":false},"author":5881,"featured_media":25655,"comment_status":"open","ping_status":"open","sticky":false,"template":"","format":"standard","meta":{"footnotes":"","_links_to":"","_links_to_target":""},"categories":[3,1],"tags":[],"tipo":[],"class_list":["post-25658","post","type-post","status-publish","format-standard","has-post-thumbnail","hentry","category-destacadas","category-noticias"],"yoast_head":"<!-- This site is optimized with the Yoast SEO plugin v28.4 - https:\/\/yoast.com\/product\/yoast-seo-wordpress\/ -->\n<title>Presidente de OPKO Health Iberoam\u00e9rica, Hans Berner comparti\u00f3 su experiencia en alta direcci\u00f3n y llam\u00f3 a liderar con empat\u00eda en seminario INDConexi\u00f3n - Departamento de Ingenier\u00eda Industrial Universidad de Santiago<\/title>\n<meta name=\"robots\" content=\"index, follow, max-snippet:-1, max-image-preview:large, max-video-preview:-1\" \/>\n<link rel=\"canonical\" href=\"https:\/\/www.ingenieriaindustrial-usach.cl\/noticias\/presidente-de-opko-health-iberoamerica-hans-berner-compartio-su-experiencia-en-alta-direccion-y-llamo-a-liderar-con-empatia-en-seminario-indconexion\/\" \/>\n<meta property=\"og:locale\" content=\"en_US\" \/>\n<meta property=\"og:type\" content=\"article\" \/>\n<meta property=\"og:title\" content=\"Presidente de OPKO Health Iberoam\u00e9rica, Hans Berner comparti\u00f3 su experiencia en alta direcci\u00f3n y llam\u00f3 a liderar con empat\u00eda en seminario INDConexi\u00f3n - Departamento de Ingenier\u00eda Industrial Universidad de Santiago\" \/>\n<meta property=\"og:description\" content=\"Este mi\u00e9rcoles 2 de septiembre, el Auditorio de Ingenier\u00eda Industrial recibi\u00f3 a Hans Berner al ingeniero comercial de la Universidad de Santiago de Chile y actual presidente de OPKO Health Iberoam\u00e9rica, quien dict\u00f3 el seminario \u201cEstrategia y toma de decisiones en mercados complejos: una mirada desde la alta direcci\u00f3n\u201d, en &hellip; Seguir Leyendo &rarr;\" \/>\n<meta property=\"og:url\" content=\"https:\/\/www.ingenieriaindustrial-usach.cl\/noticias\/presidente-de-opko-health-iberoamerica-hans-berner-compartio-su-experiencia-en-alta-direccion-y-llamo-a-liderar-con-empatia-en-seminario-indconexion\/\" \/>\n<meta property=\"og:site_name\" content=\"Departamento de Ingenier\u00eda Industrial Universidad de Santiago\" \/>\n<meta property=\"article:publisher\" content=\"https:\/\/web.facebook.com\/Depto.Ingenieria.industrial.UdeSantiagodeChile?_rdc=1&amp;_rdr\" \/>\n<meta property=\"article:published_time\" content=\"2026-09-03T14:57:17+00:00\" \/>\n<meta property=\"article:modified_time\" content=\"2026-09-03T21:28:02+00:00\" \/>\n<meta property=\"og:image\" content=\"https:\/\/www.ingenieriaindustrial-usach.cl\/wp-content\/uploads\/2026\/09\/1.jpg\" \/>\n\t<meta property=\"og:image:width\" content=\"1600\" \/>\n\t<meta property=\"og:image:height\" content=\"1200\" \/>\n\t<meta property=\"og:image:type\" content=\"image\/jpeg\" \/>\n<meta name=\"author\" content=\"antonia\" \/>\n<meta name=\"twitter:card\" content=\"summary_large_image\" \/>\n<meta name=\"twitter:label1\" content=\"Written by\" \/>\n\t<meta name=\"twitter:data1\" content=\"antonia\" \/>\n\t<meta name=\"twitter:label2\" content=\"Est. reading time\" \/>\n\t<meta name=\"twitter:data2\" content=\"4 minutes\" \/>\n<script type=\"application\/ld+json\" class=\"yoast-schema-graph\">{\"@context\":\"https:\\\/\\\/schema.org\",\"@graph\":[{\"@type\":\"Article\",\"@id\":\"https:\\\/\\\/www.ingenieriaindustrial-usach.cl\\\/noticias\\\/presidente-de-opko-health-iberoamerica-hans-berner-compartio-su-experiencia-en-alta-direccion-y-llamo-a-liderar-con-empatia-en-seminario-indconexion\\\/#article\",\"isPartOf\":{\"@id\":\"https:\\\/\\\/www.ingenieriaindustrial-usach.cl\\\/noticias\\\/presidente-de-opko-health-iberoamerica-hans-berner-compartio-su-experiencia-en-alta-direccion-y-llamo-a-liderar-con-empatia-en-seminario-indconexion\\\/\"},\"author\":{\"name\":\"antonia\",\"@id\":\"https:\\\/\\\/www.ingenieriaindustrial-usach.cl\\\/#\\\/schema\\\/person\\\/2c3b5a1e7f7c844415eb926003bec7f0\"},\"headline\":\"Presidente de OPKO Health Iberoam\u00e9rica, Hans Berner comparti\u00f3 su experiencia en alta direcci\u00f3n y llam\u00f3 a liderar con empat\u00eda en seminario INDConexi\u00f3n\",\"datePublished\":\"2026-09-03T14:57:17+00:00\",\"dateModified\":\"2026-09-03T21:28:02+00:00\",\"mainEntityOfPage\":{\"@id\":\"https:\\\/\\\/www.ingenieriaindustrial-usach.cl\\\/noticias\\\/presidente-de-opko-health-iberoamerica-hans-berner-compartio-su-experiencia-en-alta-direccion-y-llamo-a-liderar-con-empatia-en-seminario-indconexion\\\/\"},\"wordCount\":1594,\"commentCount\":0,\"publisher\":{\"@id\":\"https:\\\/\\\/www.ingenieriaindustrial-usach.cl\\\/#organization\"},\"image\":{\"@id\":\"https:\\\/\\\/www.ingenieriaindustrial-usach.cl\\\/noticias\\\/presidente-de-opko-health-iberoamerica-hans-berner-compartio-su-experiencia-en-alta-direccion-y-llamo-a-liderar-con-empatia-en-seminario-indconexion\\\/#primaryimage\"},\"thumbnailUrl\":\"https:\\\/\\\/www.ingenieriaindustrial-usach.cl\\\/wp-content\\\/uploads\\\/2026\\\/09\\\/1.jpg\",\"articleSection\":[\"Destacadas\",\"Noticias\"],\"inLanguage\":\"en-US\",\"potentialAction\":[{\"@type\":\"CommentAction\",\"name\":\"Comment\",\"target\":[\"https:\\\/\\\/www.ingenieriaindustrial-usach.cl\\\/noticias\\\/presidente-de-opko-health-iberoamerica-hans-berner-compartio-su-experiencia-en-alta-direccion-y-llamo-a-liderar-con-empatia-en-seminario-indconexion\\\/#respond\"]}]},{\"@type\":\"WebPage\",\"@id\":\"https:\\\/\\\/www.ingenieriaindustrial-usach.cl\\\/noticias\\\/presidente-de-opko-health-iberoamerica-hans-berner-compartio-su-experiencia-en-alta-direccion-y-llamo-a-liderar-con-empatia-en-seminario-indconexion\\\/\",\"url\":\"https:\\\/\\\/www.ingenieriaindustrial-usach.cl\\\/noticias\\\/presidente-de-opko-health-iberoamerica-hans-berner-compartio-su-experiencia-en-alta-direccion-y-llamo-a-liderar-con-empatia-en-seminario-indconexion\\\/\",\"name\":\"Presidente de OPKO Health Iberoam\u00e9rica, Hans Berner comparti\u00f3 su experiencia en alta direcci\u00f3n y llam\u00f3 a liderar con empat\u00eda en seminario INDConexi\u00f3n - Departamento de Ingenier\u00eda Industrial Universidad de Santiago\",\"isPartOf\":{\"@id\":\"https:\\\/\\\/www.ingenieriaindustrial-usach.cl\\\/#website\"},\"primaryImageOfPage\":{\"@id\":\"https:\\\/\\\/www.ingenieriaindustrial-usach.cl\\\/noticias\\\/presidente-de-opko-health-iberoamerica-hans-berner-compartio-su-experiencia-en-alta-direccion-y-llamo-a-liderar-con-empatia-en-seminario-indconexion\\\/#primaryimage\"},\"image\":{\"@id\":\"https:\\\/\\\/www.ingenieriaindustrial-usach.cl\\\/noticias\\\/presidente-de-opko-health-iberoamerica-hans-berner-compartio-su-experiencia-en-alta-direccion-y-llamo-a-liderar-con-empatia-en-seminario-indconexion\\\/#primaryimage\"},\"thumbnailUrl\":\"https:\\\/\\\/www.ingenieriaindustrial-usach.cl\\\/wp-content\\\/uploads\\\/2026\\\/09\\\/1.jpg\",\"datePublished\":\"2026-09-03T14:57:17+00:00\",\"dateModified\":\"2026-09-03T21:28:02+00:00\",\"breadcrumb\":{\"@id\":\"https:\\\/\\\/www.ingenieriaindustrial-usach.cl\\\/noticias\\\/presidente-de-opko-health-iberoamerica-hans-berner-compartio-su-experiencia-en-alta-direccion-y-llamo-a-liderar-con-empatia-en-seminario-indconexion\\\/#breadcrumb\"},\"inLanguage\":\"en-US\",\"potentialAction\":[{\"@type\":\"ReadAction\",\"target\":[\"https:\\\/\\\/www.ingenieriaindustrial-usach.cl\\\/noticias\\\/presidente-de-opko-health-iberoamerica-hans-berner-compartio-su-experiencia-en-alta-direccion-y-llamo-a-liderar-con-empatia-en-seminario-indconexion\\\/\"]}]},{\"@type\":\"ImageObject\",\"inLanguage\":\"en-US\",\"@id\":\"https:\\\/\\\/www.ingenieriaindustrial-usach.cl\\\/noticias\\\/presidente-de-opko-health-iberoamerica-hans-berner-compartio-su-experiencia-en-alta-direccion-y-llamo-a-liderar-con-empatia-en-seminario-indconexion\\\/#primaryimage\",\"url\":\"https:\\\/\\\/www.ingenieriaindustrial-usach.cl\\\/wp-content\\\/uploads\\\/2026\\\/09\\\/1.jpg\",\"contentUrl\":\"https:\\\/\\\/www.ingenieriaindustrial-usach.cl\\\/wp-content\\\/uploads\\\/2026\\\/09\\\/1.jpg\",\"width\":1600,\"height\":1200},{\"@type\":\"BreadcrumbList\",\"@id\":\"https:\\\/\\\/www.ingenieriaindustrial-usach.cl\\\/noticias\\\/presidente-de-opko-health-iberoamerica-hans-berner-compartio-su-experiencia-en-alta-direccion-y-llamo-a-liderar-con-empatia-en-seminario-indconexion\\\/#breadcrumb\",\"itemListElement\":[{\"@type\":\"ListItem\",\"position\":1,\"name\":\"Portada\",\"item\":\"https:\\\/\\\/www.ingenieriaindustrial-usach.cl\\\/\"},{\"@type\":\"ListItem\",\"position\":2,\"name\":\"Presidente de OPKO Health Iberoam\u00e9rica, Hans Berner comparti\u00f3 su experiencia en alta direcci\u00f3n y llam\u00f3 a liderar con empat\u00eda en seminario INDConexi\u00f3n\"}]},{\"@type\":\"WebSite\",\"@id\":\"https:\\\/\\\/www.ingenieriaindustrial-usach.cl\\\/#website\",\"url\":\"https:\\\/\\\/www.ingenieriaindustrial-usach.cl\\\/\",\"name\":\"Departamento de Ingenier\u00eda Industrial Universidad de Santiago\",\"description\":\"Otro sitio realizado con WordPress\",\"publisher\":{\"@id\":\"https:\\\/\\\/www.ingenieriaindustrial-usach.cl\\\/#organization\"},\"potentialAction\":[{\"@type\":\"SearchAction\",\"target\":{\"@type\":\"EntryPoint\",\"urlTemplate\":\"https:\\\/\\\/www.ingenieriaindustrial-usach.cl\\\/?s={search_term_string}\"},\"query-input\":{\"@type\":\"PropertyValueSpecification\",\"valueRequired\":true,\"valueName\":\"search_term_string\"}}],\"inLanguage\":\"en-US\"},{\"@type\":\"Organization\",\"@id\":\"https:\\\/\\\/www.ingenieriaindustrial-usach.cl\\\/#organization\",\"name\":\"Departamento de Ingenier\u00eda Industrial Universidad de Santiago\",\"url\":\"https:\\\/\\\/www.ingenieriaindustrial-usach.cl\\\/\",\"logo\":{\"@type\":\"ImageObject\",\"inLanguage\":\"en-US\",\"@id\":\"https:\\\/\\\/www.ingenieriaindustrial-usach.cl\\\/#\\\/schema\\\/logo\\\/image\\\/\",\"url\":\"https:\\\/\\\/www.ingenieriaindustrial-usach.cl\\\/wp-content\\\/uploads\\\/2023\\\/11\\\/cropped-favicon_usach-01.png\",\"contentUrl\":\"https:\\\/\\\/www.ingenieriaindustrial-usach.cl\\\/wp-content\\\/uploads\\\/2023\\\/11\\\/cropped-favicon_usach-01.png\",\"width\":512,\"height\":512,\"caption\":\"Departamento de Ingenier\u00eda Industrial Universidad de Santiago\"},\"image\":{\"@id\":\"https:\\\/\\\/www.ingenieriaindustrial-usach.cl\\\/#\\\/schema\\\/logo\\\/image\\\/\"},\"sameAs\":[\"https:\\\/\\\/web.facebook.com\\\/Depto.Ingenieria.industrial.UdeSantiagodeChile?_rdc=1&_rdr\",\"https:\\\/\\\/www.linkedin.com\\\/in\\\/departamento-ingeniera-industrial-usach-94780711b\\\/\",\"https:\\\/\\\/www.instagram.com\\\/ingenieria_industrial_usach\\\/\"]},{\"@type\":\"Person\",\"@id\":\"https:\\\/\\\/www.ingenieriaindustrial-usach.cl\\\/#\\\/schema\\\/person\\\/2c3b5a1e7f7c844415eb926003bec7f0\",\"name\":\"antonia\",\"image\":{\"@type\":\"ImageObject\",\"inLanguage\":\"en-US\",\"@id\":\"https:\\\/\\\/www.ingenieriaindustrial-usach.cl\\\/wp-content\\\/litespeed\\\/avatar\\\/9ea6f38bbb594f99a05d0060494a517c.jpg?ver=1788453281\",\"url\":\"https:\\\/\\\/www.ingenieriaindustrial-usach.cl\\\/wp-content\\\/litespeed\\\/avatar\\\/9ea6f38bbb594f99a05d0060494a517c.jpg?ver=1788453281\",\"contentUrl\":\"https:\\\/\\\/www.ingenieriaindustrial-usach.cl\\\/wp-content\\\/litespeed\\\/avatar\\\/9ea6f38bbb594f99a05d0060494a517c.jpg?ver=1788453281\",\"caption\":\"antonia\"},\"url\":\"https:\\\/\\\/www.ingenieriaindustrial-usach.cl\\\/en\\\/author\\\/antonia\\\/\"}]}<\/script>\n<!-- \/ Yoast SEO plugin. -->","yoast_head_json":{"title":"Presidente de OPKO Health Iberoam\u00e9rica, Hans Berner comparti\u00f3 su experiencia en alta direcci\u00f3n y llam\u00f3 a liderar con empat\u00eda en seminario INDConexi\u00f3n - Departamento de Ingenier\u00eda Industrial Universidad de Santiago","robots":{"index":"index","follow":"follow","max-snippet":"max-snippet:-1","max-image-preview":"max-image-preview:large","max-video-preview":"max-video-preview:-1"},"canonical":"https:\/\/www.ingenieriaindustrial-usach.cl\/noticias\/presidente-de-opko-health-iberoamerica-hans-berner-compartio-su-experiencia-en-alta-direccion-y-llamo-a-liderar-con-empatia-en-seminario-indconexion\/","og_locale":"en_US","og_type":"article","og_title":"Presidente de OPKO Health Iberoam\u00e9rica, Hans Berner comparti\u00f3 su experiencia en alta direcci\u00f3n y llam\u00f3 a liderar con empat\u00eda en seminario INDConexi\u00f3n - Departamento de Ingenier\u00eda Industrial Universidad de Santiago","og_description":"Este mi\u00e9rcoles 2 de septiembre, el Auditorio de Ingenier\u00eda Industrial recibi\u00f3 a Hans Berner al ingeniero comercial de la Universidad de Santiago de Chile y actual presidente de OPKO Health Iberoam\u00e9rica, quien dict\u00f3 el seminario \u201cEstrategia y toma de decisiones en mercados complejos: una mirada desde la alta direcci\u00f3n\u201d, en &hellip; Seguir Leyendo &rarr;","og_url":"https:\/\/www.ingenieriaindustrial-usach.cl\/noticias\/presidente-de-opko-health-iberoamerica-hans-berner-compartio-su-experiencia-en-alta-direccion-y-llamo-a-liderar-con-empatia-en-seminario-indconexion\/","og_site_name":"Departamento de Ingenier\u00eda Industrial Universidad de Santiago","article_publisher":"https:\/\/web.facebook.com\/Depto.Ingenieria.industrial.UdeSantiagodeChile?_rdc=1&_rdr","article_published_time":"2026-09-03T14:57:17+00:00","article_modified_time":"2026-09-03T21:28:02+00:00","og_image":[{"width":1600,"height":1200,"url":"https:\/\/www.ingenieriaindustrial-usach.cl\/wp-content\/uploads\/2026\/09\/1.jpg","type":"image\/jpeg"}],"author":"antonia","twitter_card":"summary_large_image","twitter_misc":{"Written by":"antonia","Est. reading time":"4 minutes"},"schema":{"@context":"https:\/\/schema.org","@graph":[{"@type":"Article","@id":"https:\/\/www.ingenieriaindustrial-usach.cl\/noticias\/presidente-de-opko-health-iberoamerica-hans-berner-compartio-su-experiencia-en-alta-direccion-y-llamo-a-liderar-con-empatia-en-seminario-indconexion\/#article","isPartOf":{"@id":"https:\/\/www.ingenieriaindustrial-usach.cl\/noticias\/presidente-de-opko-health-iberoamerica-hans-berner-compartio-su-experiencia-en-alta-direccion-y-llamo-a-liderar-con-empatia-en-seminario-indconexion\/"},"author":{"name":"antonia","@id":"https:\/\/www.ingenieriaindustrial-usach.cl\/#\/schema\/person\/2c3b5a1e7f7c844415eb926003bec7f0"},"headline":"Presidente de OPKO Health Iberoam\u00e9rica, Hans Berner comparti\u00f3 su experiencia en alta direcci\u00f3n y llam\u00f3 a liderar con empat\u00eda en seminario INDConexi\u00f3n","datePublished":"2026-09-03T14:57:17+00:00","dateModified":"2026-09-03T21:28:02+00:00","mainEntityOfPage":{"@id":"https:\/\/www.ingenieriaindustrial-usach.cl\/noticias\/presidente-de-opko-health-iberoamerica-hans-berner-compartio-su-experiencia-en-alta-direccion-y-llamo-a-liderar-con-empatia-en-seminario-indconexion\/"},"wordCount":1594,"commentCount":0,"publisher":{"@id":"https:\/\/www.ingenieriaindustrial-usach.cl\/#organization"},"image":{"@id":"https:\/\/www.ingenieriaindustrial-usach.cl\/noticias\/presidente-de-opko-health-iberoamerica-hans-berner-compartio-su-experiencia-en-alta-direccion-y-llamo-a-liderar-con-empatia-en-seminario-indconexion\/#primaryimage"},"thumbnailUrl":"https:\/\/www.ingenieriaindustrial-usach.cl\/wp-content\/uploads\/2026\/09\/1.jpg","articleSection":["Destacadas","Noticias"],"inLanguage":"en-US","potentialAction":[{"@type":"CommentAction","name":"Comment","target":["https:\/\/www.ingenieriaindustrial-usach.cl\/noticias\/presidente-de-opko-health-iberoamerica-hans-berner-compartio-su-experiencia-en-alta-direccion-y-llamo-a-liderar-con-empatia-en-seminario-indconexion\/#respond"]}]},{"@type":"WebPage","@id":"https:\/\/www.ingenieriaindustrial-usach.cl\/noticias\/presidente-de-opko-health-iberoamerica-hans-berner-compartio-su-experiencia-en-alta-direccion-y-llamo-a-liderar-con-empatia-en-seminario-indconexion\/","url":"https:\/\/www.ingenieriaindustrial-usach.cl\/noticias\/presidente-de-opko-health-iberoamerica-hans-berner-compartio-su-experiencia-en-alta-direccion-y-llamo-a-liderar-con-empatia-en-seminario-indconexion\/","name":"Presidente de OPKO Health Iberoam\u00e9rica, Hans Berner comparti\u00f3 su experiencia en alta direcci\u00f3n y llam\u00f3 a liderar con empat\u00eda en seminario INDConexi\u00f3n - Departamento de Ingenier\u00eda Industrial Universidad de Santiago","isPartOf":{"@id":"https:\/\/www.ingenieriaindustrial-usach.cl\/#website"},"primaryImageOfPage":{"@id":"https:\/\/www.ingenieriaindustrial-usach.cl\/noticias\/presidente-de-opko-health-iberoamerica-hans-berner-compartio-su-experiencia-en-alta-direccion-y-llamo-a-liderar-con-empatia-en-seminario-indconexion\/#primaryimage"},"image":{"@id":"https:\/\/www.ingenieriaindustrial-usach.cl\/noticias\/presidente-de-opko-health-iberoamerica-hans-berner-compartio-su-experiencia-en-alta-direccion-y-llamo-a-liderar-con-empatia-en-seminario-indconexion\/#primaryimage"},"thumbnailUrl":"https:\/\/www.ingenieriaindustrial-usach.cl\/wp-content\/uploads\/2026\/09\/1.jpg","datePublished":"2026-09-03T14:57:17+00:00","dateModified":"2026-09-03T21:28:02+00:00","breadcrumb":{"@id":"https:\/\/www.ingenieriaindustrial-usach.cl\/noticias\/presidente-de-opko-health-iberoamerica-hans-berner-compartio-su-experiencia-en-alta-direccion-y-llamo-a-liderar-con-empatia-en-seminario-indconexion\/#breadcrumb"},"inLanguage":"en-US","potentialAction":[{"@type":"ReadAction","target":["https:\/\/www.ingenieriaindustrial-usach.cl\/noticias\/presidente-de-opko-health-iberoamerica-hans-berner-compartio-su-experiencia-en-alta-direccion-y-llamo-a-liderar-con-empatia-en-seminario-indconexion\/"]}]},{"@type":"ImageObject","inLanguage":"en-US","@id":"https:\/\/www.ingenieriaindustrial-usach.cl\/noticias\/presidente-de-opko-health-iberoamerica-hans-berner-compartio-su-experiencia-en-alta-direccion-y-llamo-a-liderar-con-empatia-en-seminario-indconexion\/#primaryimage","url":"https:\/\/www.ingenieriaindustrial-usach.cl\/wp-content\/uploads\/2026\/09\/1.jpg","contentUrl":"https:\/\/www.ingenieriaindustrial-usach.cl\/wp-content\/uploads\/2026\/09\/1.jpg","width":1600,"height":1200},{"@type":"BreadcrumbList","@id":"https:\/\/www.ingenieriaindustrial-usach.cl\/noticias\/presidente-de-opko-health-iberoamerica-hans-berner-compartio-su-experiencia-en-alta-direccion-y-llamo-a-liderar-con-empatia-en-seminario-indconexion\/#breadcrumb","itemListElement":[{"@type":"ListItem","position":1,"name":"Portada","item":"https:\/\/www.ingenieriaindustrial-usach.cl\/"},{"@type":"ListItem","position":2,"name":"Presidente de OPKO Health Iberoam\u00e9rica, Hans Berner comparti\u00f3 su experiencia en alta direcci\u00f3n y llam\u00f3 a liderar con empat\u00eda en seminario INDConexi\u00f3n"}]},{"@type":"WebSite","@id":"https:\/\/www.ingenieriaindustrial-usach.cl\/#website","url":"https:\/\/www.ingenieriaindustrial-usach.cl\/","name":"Departamento de Ingenier\u00eda Industrial Universidad de Santiago","description":"Otro sitio realizado con WordPress","publisher":{"@id":"https:\/\/www.ingenieriaindustrial-usach.cl\/#organization"},"potentialAction":[{"@type":"SearchAction","target":{"@type":"EntryPoint","urlTemplate":"https:\/\/www.ingenieriaindustrial-usach.cl\/?s={search_term_string}"},"query-input":{"@type":"PropertyValueSpecification","valueRequired":true,"valueName":"search_term_string"}}],"inLanguage":"en-US"},{"@type":"Organization","@id":"https:\/\/www.ingenieriaindustrial-usach.cl\/#organization","name":"Departamento de Ingenier\u00eda Industrial Universidad de Santiago","url":"https:\/\/www.ingenieriaindustrial-usach.cl\/","logo":{"@type":"ImageObject","inLanguage":"en-US","@id":"https:\/\/www.ingenieriaindustrial-usach.cl\/#\/schema\/logo\/image\/","url":"https:\/\/www.ingenieriaindustrial-usach.cl\/wp-content\/uploads\/2023\/11\/cropped-favicon_usach-01.png","contentUrl":"https:\/\/www.ingenieriaindustrial-usach.cl\/wp-content\/uploads\/2023\/11\/cropped-favicon_usach-01.png","width":512,"height":512,"caption":"Departamento de Ingenier\u00eda Industrial Universidad de Santiago"},"image":{"@id":"https:\/\/www.ingenieriaindustrial-usach.cl\/#\/schema\/logo\/image\/"},"sameAs":["https:\/\/web.facebook.com\/Depto.Ingenieria.industrial.UdeSantiagodeChile?_rdc=1&_rdr","https:\/\/www.linkedin.com\/in\/departamento-ingeniera-industrial-usach-94780711b\/","https:\/\/www.instagram.com\/ingenieria_industrial_usach\/"]},{"@type":"Person","@id":"https:\/\/www.ingenieriaindustrial-usach.cl\/#\/schema\/person\/2c3b5a1e7f7c844415eb926003bec7f0","name":"antonia","image":{"@type":"ImageObject","inLanguage":"en-US","@id":"https:\/\/www.ingenieriaindustrial-usach.cl\/wp-content\/litespeed\/avatar\/9ea6f38bbb594f99a05d0060494a517c.jpg?ver=1788453281","url":"https:\/\/www.ingenieriaindustrial-usach.cl\/wp-content\/litespeed\/avatar\/9ea6f38bbb594f99a05d0060494a517c.jpg?ver=1788453281","contentUrl":"https:\/\/www.ingenieriaindustrial-usach.cl\/wp-content\/litespeed\/avatar\/9ea6f38bbb594f99a05d0060494a517c.jpg?ver=1788453281","caption":"antonia"},"url":"https:\/\/www.ingenieriaindustrial-usach.cl\/en\/author\/antonia\/"}]}},"_links":{"self":[{"href":"https:\/\/www.ingenieriaindustrial-usach.cl\/en\/wp-json\/wp\/v2\/posts\/25658","targetHints":{"allow":["GET"]}}],"collection":[{"href":"https:\/\/www.ingenieriaindustrial-usach.cl\/en\/wp-json\/wp\/v2\/posts"}],"about":[{"href":"https:\/\/www.ingenieriaindustrial-usach.cl\/en\/wp-json\/wp\/v2\/types\/post"}],"author":[{"embeddable":true,"href":"https:\/\/www.ingenieriaindustrial-usach.cl\/en\/wp-json\/wp\/v2\/users\/5881"}],"replies":[{"embeddable":true,"href":"https:\/\/www.ingenieriaindustrial-usach.cl\/en\/wp-json\/wp\/v2\/comments?post=25658"}],"version-history":[{"count":3,"href":"https:\/\/www.ingenieriaindustrial-usach.cl\/en\/wp-json\/wp\/v2\/posts\/25658\/revisions"}],"predecessor-version":[{"id":25672,"href":"https:\/\/www.ingenieriaindustrial-usach.cl\/en\/wp-json\/wp\/v2\/posts\/25658\/revisions\/25672"}],"wp:featuredmedia":[{"embeddable":true,"href":"https:\/\/www.ingenieriaindustrial-usach.cl\/en\/wp-json\/wp\/v2\/media\/25655"}],"wp:attachment":[{"href":"https:\/\/www.ingenieriaindustrial-usach.cl\/en\/wp-json\/wp\/v2\/media?parent=25658"}],"wp:term":[{"taxonomy":"category","embeddable":true,"href":"https:\/\/www.ingenieriaindustrial-usach.cl\/en\/wp-json\/wp\/v2\/categories?post=25658"},{"taxonomy":"post_tag","embeddable":true,"href":"https:\/\/www.ingenieriaindustrial-usach.cl\/en\/wp-json\/wp\/v2\/tags?post=25658"},{"taxonomy":"tipo","embeddable":true,"href":"https:\/\/www.ingenieriaindustrial-usach.cl\/en\/wp-json\/wp\/v2\/tipo?post=25658"}],"curies":[{"name":"wp","href":"https:\/\/api.w.org\/{rel}","templated":true}]}}