{"id":25613,"date":"2026-08-31T12:17:37","date_gmt":"2026-08-31T16:17:37","guid":{"rendered":"https:\/\/www.ingenieriaindustrial-usach.cl\/?p=25613"},"modified":"2026-08-31T16:23:55","modified_gmt":"2026-08-31T20:23:55","slug":"investigacion-de-estudiante-de-doctorado-fue-presentada-en-la-vi-conferencia-chilena-de-analisis-de-ciclo-de-vida","status":"publish","type":"post","link":"https:\/\/www.ingenieriaindustrial-usach.cl\/en\/noticias\/investigacion-de-estudiante-de-doctorado-fue-presentada-en-la-vi-conferencia-chilena-de-analisis-de-ciclo-de-vida\/","title":{"rendered":"Investigaci\u00f3n de Estudiante de  Doctorado fue presentada en la VI Conferencia Chilena de An\u00e1lisis de Ciclo de Vida"},"content":{"rendered":"<p><\/p>\n<p style=\"text-align: justify;\"><span style=\"font-family: helvetica; font-size: 17px; color: #000000;\">Durante la quincena de agosto, Diego Acevedo, estudiante articulado del Doctorado en Ciencias de la Ingenier\u00eda, menci\u00f3n Ingenier\u00eda Industrial, particip\u00f3 en la VI Conferencia Chilena de An\u00e1lisis de Ciclo de Vida (VI CChACV 2026), realizada en la Universidad Cat\u00f3lica del Norte, sede Coquimbo.<\/span><span style=\"font-family: helvetica; font-size: 17px; color: #000000;\">.<\/span><\/p>\n<p style=\"text-align: justify;\"><span style=\"font-family: helvetica; font-size: 17px; color: #000000;\">Durante el encuentro, present\u00f3 la primera parte de su tesis de mag\u00edster, centrada en el desarrollo de una metodolog\u00eda para identificar y secuenciar los contenidos fundamentales que debiera abordar un curso universitario de An\u00e1lisis de Ciclo de Vida en un contexto multidisciplinario.<\/span><\/p>\n<p><span style=\"font-family: helvetica; font-size: 17px; color: #000000;\">La conferencia, organizada por la Universidad Cat\u00f3lica del Norte y la Red Chilena de An\u00e1lisis de Ciclo de Vida, reuni\u00f3 durante cuatro jornadas a investigadores, profesionales,representantes de instituciones p\u00fablicas y empresas, adem\u00e1s de estudiantes vinculados con la sostenibilidad y la innovaci\u00f3n. El programa contempl\u00f3 una jornada de cursos precongreso y tres d\u00edas de presentaciones e intercambios acad\u00e9micos.<\/span><\/p>\n<p style=\"text-align: justify;\"><span style=\"font-family: helvetica; font-size: 17px; color: #000000;\">La oportunidad de exponer surgi\u00f3 a partir del trabajo desarrollado como parte de los proyectos ANID Anillos ATE250058, FONDECYT Regular N.\u00ba 1250538 y DICYT Regular N.\u00ba 062517EP_REG, donde forman parte la Dra. Andrea Espinoza, Directora del Mag\u00edster en Ciencias de la Ingenier\u00eda menci\u00f3n Ingenier\u00eda Industrial, el Dr. \u00d3scar C. V\u00e1squez, Subdirector de Investigaci\u00f3n y Desarrollo de nuestro Departamento, en conjunto con investigadores de otras casas de estudio nacionales e internacionales.<\/span><\/p>\n<p style=\"text-align: justify;\"><span style=\"font-family: helvetica; font-size: 17px; color: #000000;\">\u201cFue una excelente experiencia, ya que me permiti\u00f3 evidenciar el gran alcance e impacto que puede generar la aplicaci\u00f3n del An\u00e1lisis de Ciclo de Vida, adem\u00e1s de compartir con expertos nacionales e internacionales en esta \u00e1rea\u201d, se\u00f1al\u00f3 Acevedo.<\/span><\/p>\n<p style=\"text-align: justify;\"><span style=\"font-family: helvetica; font-size: 17px; color: #000000;\">Respecto del aporte de esta participaci\u00f3n a su trayectoria acad\u00e9mica, agreg\u00f3: \u201cEsta instancia constituye un importante aporte a mi formaci\u00f3n acad\u00e9mica, ya que me permiti\u00f3 fortalecer mis habilidades de comunicaci\u00f3n cient\u00edfica al presentar mi trabajo ante un p\u00fablico especializado y, al mismo tiempo, ampliar mis conocimientos y perspectivas sobre el tema\u201d.<\/span><\/p>\n<p style=\"text-align: justify;\"><span style=\"font-family: helvetica; font-size: 17px; color: #000000;\">En esta conferencia, el estudiante dio a conocer los avances de su investigaci\u00f3n y recogi\u00f3 nuevos antecedentes para enriquecer el enfoque y fortalecer la contribuci\u00f3n de su tesis de mag\u00edster.<\/span><\/p>\n<p style=\"text-align: justify;\"><span style=\"font-family: helvetica; font-size: 17px; color: #000000;\">Esta participaci\u00f3n refleja el compromiso del Departamento de Ingenier\u00eda Industrial con la formaci\u00f3n avanzada y el desarrollo de investigaciones vinculadas con la sostenibilidad. Asimismo, pone en valor la articulaci\u00f3n de sus programas de postgrado como una v\u00eda para impulsar la generaci\u00f3n de conocimiento y la participaci\u00f3n de sus estudiantes en espacios acad\u00e9micos especializados.<\/span><\/p>\n<p><\/p>","protected":false},"excerpt":{"rendered":"<p>Durante la quincena de agosto, Diego Acevedo, estudiante articulado del Doctorado en Ciencias de la Ingenier\u00eda, menci\u00f3n Ingenier\u00eda Industrial, particip\u00f3 en la VI Conferencia Chilena de An\u00e1lisis de Ciclo de Vida (VI CChACV 2026), realizada en la Universidad Cat\u00f3lica del Norte, sede Coquimbo.. Durante el encuentro, present\u00f3 la primera parte &hellip; <a class=\"readmore\" href=\"https:\/\/www.ingenieriaindustrial-usach.cl\/en\/noticias\/investigacion-de-estudiante-de-doctorado-fue-presentada-en-la-vi-conferencia-chilena-de-analisis-de-ciclo-de-vida\/\">Seguir Leyendo <span class=\"meta-nav\">&rarr;<\/span><\/a><\/p>\n","protected":false},"author":5881,"featured_media":25614,"comment_status":"open","ping_status":"open","sticky":false,"template":"","format":"standard","meta":{"footnotes":"","_links_to":"","_links_to_target":""},"categories":[3,1],"tags":[],"tipo":[],"class_list":["post-25613","post","type-post","status-publish","format-standard","has-post-thumbnail","hentry","category-destacadas","category-noticias"],"yoast_head":"<!-- This site is optimized with the Yoast SEO plugin v28.3 - https:\/\/yoast.com\/product\/yoast-seo-wordpress\/ -->\n<title>Investigaci\u00f3n de Estudiante de Doctorado fue presentada en la VI Conferencia Chilena de An\u00e1lisis de Ciclo de Vida - Departamento de Ingenier\u00eda Industrial Universidad de Santiago<\/title>\n<meta name=\"robots\" content=\"index, follow, max-snippet:-1, max-image-preview:large, max-video-preview:-1\" \/>\n<link rel=\"canonical\" href=\"https:\/\/www.ingenieriaindustrial-usach.cl\/noticias\/investigacion-de-estudiante-de-doctorado-fue-presentada-en-la-vi-conferencia-chilena-de-analisis-de-ciclo-de-vida\/\" \/>\n<meta property=\"og:locale\" content=\"en_US\" \/>\n<meta property=\"og:type\" content=\"article\" \/>\n<meta property=\"og:title\" content=\"Investigaci\u00f3n de Estudiante de Doctorado fue presentada en la VI Conferencia Chilena de An\u00e1lisis de Ciclo de Vida - Departamento de Ingenier\u00eda Industrial Universidad de Santiago\" \/>\n<meta property=\"og:description\" content=\"Durante la quincena de agosto, Diego Acevedo, estudiante articulado del Doctorado en Ciencias de la Ingenier\u00eda, menci\u00f3n Ingenier\u00eda Industrial, particip\u00f3 en la VI Conferencia Chilena de An\u00e1lisis de Ciclo de Vida (VI CChACV 2026), realizada en la Universidad Cat\u00f3lica del Norte, sede Coquimbo.. Durante el encuentro, present\u00f3 la primera parte &hellip; Seguir Leyendo &rarr;\" \/>\n<meta property=\"og:url\" content=\"https:\/\/www.ingenieriaindustrial-usach.cl\/noticias\/investigacion-de-estudiante-de-doctorado-fue-presentada-en-la-vi-conferencia-chilena-de-analisis-de-ciclo-de-vida\/\" \/>\n<meta property=\"og:site_name\" content=\"Departamento de Ingenier\u00eda Industrial Universidad de Santiago\" \/>\n<meta property=\"article:publisher\" content=\"https:\/\/web.facebook.com\/Depto.Ingenieria.industrial.UdeSantiagodeChile?_rdc=1&amp;_rdr\" \/>\n<meta property=\"article:published_time\" content=\"2026-08-31T16:17:37+00:00\" \/>\n<meta property=\"article:modified_time\" content=\"2026-08-31T20:23:55+00:00\" \/>\n<meta property=\"og:image\" content=\"https:\/\/www.ingenieriaindustrial-usach.cl\/wp-content\/uploads\/2026\/08\/1-9.jpg\" \/>\n\t<meta property=\"og:image:width\" content=\"1600\" \/>\n\t<meta property=\"og:image:height\" content=\"1200\" \/>\n\t<meta property=\"og:image:type\" content=\"image\/jpeg\" \/>\n<meta name=\"author\" content=\"antonia\" \/>\n<meta name=\"twitter:card\" content=\"summary_large_image\" \/>\n<meta name=\"twitter:label1\" content=\"Written by\" \/>\n\t<meta name=\"twitter:data1\" content=\"antonia\" \/>\n\t<meta name=\"twitter:label2\" content=\"Est. reading time\" \/>\n\t<meta name=\"twitter:data2\" content=\"2 minutes\" \/>\n<script type=\"application\/ld+json\" class=\"yoast-schema-graph\">{\"@context\":\"https:\\\/\\\/schema.org\",\"@graph\":[{\"@type\":\"Article\",\"@id\":\"https:\\\/\\\/www.ingenieriaindustrial-usach.cl\\\/noticias\\\/investigacion-de-estudiante-de-doctorado-fue-presentada-en-la-vi-conferencia-chilena-de-analisis-de-ciclo-de-vida\\\/#article\",\"isPartOf\":{\"@id\":\"https:\\\/\\\/www.ingenieriaindustrial-usach.cl\\\/noticias\\\/investigacion-de-estudiante-de-doctorado-fue-presentada-en-la-vi-conferencia-chilena-de-analisis-de-ciclo-de-vida\\\/\"},\"author\":{\"name\":\"antonia\",\"@id\":\"https:\\\/\\\/www.ingenieriaindustrial-usach.cl\\\/#\\\/schema\\\/person\\\/2c3b5a1e7f7c844415eb926003bec7f0\"},\"headline\":\"Investigaci\u00f3n de Estudiante de Doctorado fue presentada en la VI Conferencia Chilena de An\u00e1lisis de Ciclo de Vida\",\"datePublished\":\"2026-08-31T16:17:37+00:00\",\"dateModified\":\"2026-08-31T20:23:55+00:00\",\"mainEntityOfPage\":{\"@id\":\"https:\\\/\\\/www.ingenieriaindustrial-usach.cl\\\/noticias\\\/investigacion-de-estudiante-de-doctorado-fue-presentada-en-la-vi-conferencia-chilena-de-analisis-de-ciclo-de-vida\\\/\"},\"wordCount\":876,\"commentCount\":0,\"publisher\":{\"@id\":\"https:\\\/\\\/www.ingenieriaindustrial-usach.cl\\\/#organization\"},\"image\":{\"@id\":\"https:\\\/\\\/www.ingenieriaindustrial-usach.cl\\\/noticias\\\/investigacion-de-estudiante-de-doctorado-fue-presentada-en-la-vi-conferencia-chilena-de-analisis-de-ciclo-de-vida\\\/#primaryimage\"},\"thumbnailUrl\":\"https:\\\/\\\/www.ingenieriaindustrial-usach.cl\\\/wp-content\\\/uploads\\\/2026\\\/08\\\/1-9.jpg\",\"articleSection\":[\"Destacadas\",\"Noticias\"],\"inLanguage\":\"en-US\",\"potentialAction\":[{\"@type\":\"CommentAction\",\"name\":\"Comment\",\"target\":[\"https:\\\/\\\/www.ingenieriaindustrial-usach.cl\\\/noticias\\\/investigacion-de-estudiante-de-doctorado-fue-presentada-en-la-vi-conferencia-chilena-de-analisis-de-ciclo-de-vida\\\/#respond\"]}]},{\"@type\":\"WebPage\",\"@id\":\"https:\\\/\\\/www.ingenieriaindustrial-usach.cl\\\/noticias\\\/investigacion-de-estudiante-de-doctorado-fue-presentada-en-la-vi-conferencia-chilena-de-analisis-de-ciclo-de-vida\\\/\",\"url\":\"https:\\\/\\\/www.ingenieriaindustrial-usach.cl\\\/noticias\\\/investigacion-de-estudiante-de-doctorado-fue-presentada-en-la-vi-conferencia-chilena-de-analisis-de-ciclo-de-vida\\\/\",\"name\":\"Investigaci\u00f3n de Estudiante de Doctorado fue presentada en la VI Conferencia Chilena de An\u00e1lisis de Ciclo de Vida - Departamento de Ingenier\u00eda Industrial Universidad de Santiago\",\"isPartOf\":{\"@id\":\"https:\\\/\\\/www.ingenieriaindustrial-usach.cl\\\/#website\"},\"primaryImageOfPage\":{\"@id\":\"https:\\\/\\\/www.ingenieriaindustrial-usach.cl\\\/noticias\\\/investigacion-de-estudiante-de-doctorado-fue-presentada-en-la-vi-conferencia-chilena-de-analisis-de-ciclo-de-vida\\\/#primaryimage\"},\"image\":{\"@id\":\"https:\\\/\\\/www.ingenieriaindustrial-usach.cl\\\/noticias\\\/investigacion-de-estudiante-de-doctorado-fue-presentada-en-la-vi-conferencia-chilena-de-analisis-de-ciclo-de-vida\\\/#primaryimage\"},\"thumbnailUrl\":\"https:\\\/\\\/www.ingenieriaindustrial-usach.cl\\\/wp-content\\\/uploads\\\/2026\\\/08\\\/1-9.jpg\",\"datePublished\":\"2026-08-31T16:17:37+00:00\",\"dateModified\":\"2026-08-31T20:23:55+00:00\",\"breadcrumb\":{\"@id\":\"https:\\\/\\\/www.ingenieriaindustrial-usach.cl\\\/noticias\\\/investigacion-de-estudiante-de-doctorado-fue-presentada-en-la-vi-conferencia-chilena-de-analisis-de-ciclo-de-vida\\\/#breadcrumb\"},\"inLanguage\":\"en-US\",\"potentialAction\":[{\"@type\":\"ReadAction\",\"target\":[\"https:\\\/\\\/www.ingenieriaindustrial-usach.cl\\\/noticias\\\/investigacion-de-estudiante-de-doctorado-fue-presentada-en-la-vi-conferencia-chilena-de-analisis-de-ciclo-de-vida\\\/\"]}]},{\"@type\":\"ImageObject\",\"inLanguage\":\"en-US\",\"@id\":\"https:\\\/\\\/www.ingenieriaindustrial-usach.cl\\\/noticias\\\/investigacion-de-estudiante-de-doctorado-fue-presentada-en-la-vi-conferencia-chilena-de-analisis-de-ciclo-de-vida\\\/#primaryimage\",\"url\":\"https:\\\/\\\/www.ingenieriaindustrial-usach.cl\\\/wp-content\\\/uploads\\\/2026\\\/08\\\/1-9.jpg\",\"contentUrl\":\"https:\\\/\\\/www.ingenieriaindustrial-usach.cl\\\/wp-content\\\/uploads\\\/2026\\\/08\\\/1-9.jpg\",\"width\":1600,\"height\":1200},{\"@type\":\"BreadcrumbList\",\"@id\":\"https:\\\/\\\/www.ingenieriaindustrial-usach.cl\\\/noticias\\\/investigacion-de-estudiante-de-doctorado-fue-presentada-en-la-vi-conferencia-chilena-de-analisis-de-ciclo-de-vida\\\/#breadcrumb\",\"itemListElement\":[{\"@type\":\"ListItem\",\"position\":1,\"name\":\"Portada\",\"item\":\"https:\\\/\\\/www.ingenieriaindustrial-usach.cl\\\/\"},{\"@type\":\"ListItem\",\"position\":2,\"name\":\"Investigaci\u00f3n de Estudiante de Doctorado fue presentada en la VI Conferencia Chilena de An\u00e1lisis de Ciclo de Vida\"}]},{\"@type\":\"WebSite\",\"@id\":\"https:\\\/\\\/www.ingenieriaindustrial-usach.cl\\\/#website\",\"url\":\"https:\\\/\\\/www.ingenieriaindustrial-usach.cl\\\/\",\"name\":\"Departamento de Ingenier\u00eda Industrial Universidad de Santiago\",\"description\":\"Otro sitio realizado con WordPress\",\"publisher\":{\"@id\":\"https:\\\/\\\/www.ingenieriaindustrial-usach.cl\\\/#organization\"},\"potentialAction\":[{\"@type\":\"SearchAction\",\"target\":{\"@type\":\"EntryPoint\",\"urlTemplate\":\"https:\\\/\\\/www.ingenieriaindustrial-usach.cl\\\/?s={search_term_string}\"},\"query-input\":{\"@type\":\"PropertyValueSpecification\",\"valueRequired\":true,\"valueName\":\"search_term_string\"}}],\"inLanguage\":\"en-US\"},{\"@type\":\"Organization\",\"@id\":\"https:\\\/\\\/www.ingenieriaindustrial-usach.cl\\\/#organization\",\"name\":\"Departamento de Ingenier\u00eda Industrial Universidad de Santiago\",\"url\":\"https:\\\/\\\/www.ingenieriaindustrial-usach.cl\\\/\",\"logo\":{\"@type\":\"ImageObject\",\"inLanguage\":\"en-US\",\"@id\":\"https:\\\/\\\/www.ingenieriaindustrial-usach.cl\\\/#\\\/schema\\\/logo\\\/image\\\/\",\"url\":\"https:\\\/\\\/www.ingenieriaindustrial-usach.cl\\\/wp-content\\\/uploads\\\/2023\\\/11\\\/cropped-favicon_usach-01.png\",\"contentUrl\":\"https:\\\/\\\/www.ingenieriaindustrial-usach.cl\\\/wp-content\\\/uploads\\\/2023\\\/11\\\/cropped-favicon_usach-01.png\",\"width\":512,\"height\":512,\"caption\":\"Departamento de Ingenier\u00eda Industrial Universidad de Santiago\"},\"image\":{\"@id\":\"https:\\\/\\\/www.ingenieriaindustrial-usach.cl\\\/#\\\/schema\\\/logo\\\/image\\\/\"},\"sameAs\":[\"https:\\\/\\\/web.facebook.com\\\/Depto.Ingenieria.industrial.UdeSantiagodeChile?_rdc=1&_rdr\",\"https:\\\/\\\/www.linkedin.com\\\/in\\\/departamento-ingeniera-industrial-usach-94780711b\\\/\",\"https:\\\/\\\/www.instagram.com\\\/ingenieria_industrial_usach\\\/\"]},{\"@type\":\"Person\",\"@id\":\"https:\\\/\\\/www.ingenieriaindustrial-usach.cl\\\/#\\\/schema\\\/person\\\/2c3b5a1e7f7c844415eb926003bec7f0\",\"name\":\"antonia\",\"image\":{\"@type\":\"ImageObject\",\"inLanguage\":\"en-US\",\"@id\":\"https:\\\/\\\/www.ingenieriaindustrial-usach.cl\\\/wp-content\\\/litespeed\\\/avatar\\\/9ea6f38bbb594f99a05d0060494a517c.jpg?ver=1787848398\",\"url\":\"https:\\\/\\\/www.ingenieriaindustrial-usach.cl\\\/wp-content\\\/litespeed\\\/avatar\\\/9ea6f38bbb594f99a05d0060494a517c.jpg?ver=1787848398\",\"contentUrl\":\"https:\\\/\\\/www.ingenieriaindustrial-usach.cl\\\/wp-content\\\/litespeed\\\/avatar\\\/9ea6f38bbb594f99a05d0060494a517c.jpg?ver=1787848398\",\"caption\":\"antonia\"},\"url\":\"https:\\\/\\\/www.ingenieriaindustrial-usach.cl\\\/en\\\/author\\\/antonia\\\/\"}]}<\/script>\n<!-- \/ Yoast SEO plugin. -->","yoast_head_json":{"title":"Investigaci\u00f3n de Estudiante de Doctorado fue presentada en la VI Conferencia Chilena de An\u00e1lisis de Ciclo de Vida - Departamento de Ingenier\u00eda Industrial Universidad de Santiago","robots":{"index":"index","follow":"follow","max-snippet":"max-snippet:-1","max-image-preview":"max-image-preview:large","max-video-preview":"max-video-preview:-1"},"canonical":"https:\/\/www.ingenieriaindustrial-usach.cl\/noticias\/investigacion-de-estudiante-de-doctorado-fue-presentada-en-la-vi-conferencia-chilena-de-analisis-de-ciclo-de-vida\/","og_locale":"en_US","og_type":"article","og_title":"Investigaci\u00f3n de Estudiante de Doctorado fue presentada en la VI Conferencia Chilena de An\u00e1lisis de Ciclo de Vida - Departamento de Ingenier\u00eda Industrial Universidad de Santiago","og_description":"Durante la quincena de agosto, Diego Acevedo, estudiante articulado del Doctorado en Ciencias de la Ingenier\u00eda, menci\u00f3n Ingenier\u00eda Industrial, particip\u00f3 en la VI Conferencia Chilena de An\u00e1lisis de Ciclo de Vida (VI CChACV 2026), realizada en la Universidad Cat\u00f3lica del Norte, sede Coquimbo.. Durante el encuentro, present\u00f3 la primera parte &hellip; Seguir Leyendo &rarr;","og_url":"https:\/\/www.ingenieriaindustrial-usach.cl\/noticias\/investigacion-de-estudiante-de-doctorado-fue-presentada-en-la-vi-conferencia-chilena-de-analisis-de-ciclo-de-vida\/","og_site_name":"Departamento de Ingenier\u00eda Industrial Universidad de Santiago","article_publisher":"https:\/\/web.facebook.com\/Depto.Ingenieria.industrial.UdeSantiagodeChile?_rdc=1&_rdr","article_published_time":"2026-08-31T16:17:37+00:00","article_modified_time":"2026-08-31T20:23:55+00:00","og_image":[{"width":1600,"height":1200,"url":"https:\/\/www.ingenieriaindustrial-usach.cl\/wp-content\/uploads\/2026\/08\/1-9.jpg","type":"image\/jpeg"}],"author":"antonia","twitter_card":"summary_large_image","twitter_misc":{"Written by":"antonia","Est. reading time":"2 minutes"},"schema":{"@context":"https:\/\/schema.org","@graph":[{"@type":"Article","@id":"https:\/\/www.ingenieriaindustrial-usach.cl\/noticias\/investigacion-de-estudiante-de-doctorado-fue-presentada-en-la-vi-conferencia-chilena-de-analisis-de-ciclo-de-vida\/#article","isPartOf":{"@id":"https:\/\/www.ingenieriaindustrial-usach.cl\/noticias\/investigacion-de-estudiante-de-doctorado-fue-presentada-en-la-vi-conferencia-chilena-de-analisis-de-ciclo-de-vida\/"},"author":{"name":"antonia","@id":"https:\/\/www.ingenieriaindustrial-usach.cl\/#\/schema\/person\/2c3b5a1e7f7c844415eb926003bec7f0"},"headline":"Investigaci\u00f3n de Estudiante de Doctorado fue presentada en la VI Conferencia Chilena de An\u00e1lisis de Ciclo de Vida","datePublished":"2026-08-31T16:17:37+00:00","dateModified":"2026-08-31T20:23:55+00:00","mainEntityOfPage":{"@id":"https:\/\/www.ingenieriaindustrial-usach.cl\/noticias\/investigacion-de-estudiante-de-doctorado-fue-presentada-en-la-vi-conferencia-chilena-de-analisis-de-ciclo-de-vida\/"},"wordCount":876,"commentCount":0,"publisher":{"@id":"https:\/\/www.ingenieriaindustrial-usach.cl\/#organization"},"image":{"@id":"https:\/\/www.ingenieriaindustrial-usach.cl\/noticias\/investigacion-de-estudiante-de-doctorado-fue-presentada-en-la-vi-conferencia-chilena-de-analisis-de-ciclo-de-vida\/#primaryimage"},"thumbnailUrl":"https:\/\/www.ingenieriaindustrial-usach.cl\/wp-content\/uploads\/2026\/08\/1-9.jpg","articleSection":["Destacadas","Noticias"],"inLanguage":"en-US","potentialAction":[{"@type":"CommentAction","name":"Comment","target":["https:\/\/www.ingenieriaindustrial-usach.cl\/noticias\/investigacion-de-estudiante-de-doctorado-fue-presentada-en-la-vi-conferencia-chilena-de-analisis-de-ciclo-de-vida\/#respond"]}]},{"@type":"WebPage","@id":"https:\/\/www.ingenieriaindustrial-usach.cl\/noticias\/investigacion-de-estudiante-de-doctorado-fue-presentada-en-la-vi-conferencia-chilena-de-analisis-de-ciclo-de-vida\/","url":"https:\/\/www.ingenieriaindustrial-usach.cl\/noticias\/investigacion-de-estudiante-de-doctorado-fue-presentada-en-la-vi-conferencia-chilena-de-analisis-de-ciclo-de-vida\/","name":"Investigaci\u00f3n de Estudiante de Doctorado fue presentada en la VI Conferencia Chilena de An\u00e1lisis de Ciclo de Vida - Departamento de Ingenier\u00eda Industrial Universidad de Santiago","isPartOf":{"@id":"https:\/\/www.ingenieriaindustrial-usach.cl\/#website"},"primaryImageOfPage":{"@id":"https:\/\/www.ingenieriaindustrial-usach.cl\/noticias\/investigacion-de-estudiante-de-doctorado-fue-presentada-en-la-vi-conferencia-chilena-de-analisis-de-ciclo-de-vida\/#primaryimage"},"image":{"@id":"https:\/\/www.ingenieriaindustrial-usach.cl\/noticias\/investigacion-de-estudiante-de-doctorado-fue-presentada-en-la-vi-conferencia-chilena-de-analisis-de-ciclo-de-vida\/#primaryimage"},"thumbnailUrl":"https:\/\/www.ingenieriaindustrial-usach.cl\/wp-content\/uploads\/2026\/08\/1-9.jpg","datePublished":"2026-08-31T16:17:37+00:00","dateModified":"2026-08-31T20:23:55+00:00","breadcrumb":{"@id":"https:\/\/www.ingenieriaindustrial-usach.cl\/noticias\/investigacion-de-estudiante-de-doctorado-fue-presentada-en-la-vi-conferencia-chilena-de-analisis-de-ciclo-de-vida\/#breadcrumb"},"inLanguage":"en-US","potentialAction":[{"@type":"ReadAction","target":["https:\/\/www.ingenieriaindustrial-usach.cl\/noticias\/investigacion-de-estudiante-de-doctorado-fue-presentada-en-la-vi-conferencia-chilena-de-analisis-de-ciclo-de-vida\/"]}]},{"@type":"ImageObject","inLanguage":"en-US","@id":"https:\/\/www.ingenieriaindustrial-usach.cl\/noticias\/investigacion-de-estudiante-de-doctorado-fue-presentada-en-la-vi-conferencia-chilena-de-analisis-de-ciclo-de-vida\/#primaryimage","url":"https:\/\/www.ingenieriaindustrial-usach.cl\/wp-content\/uploads\/2026\/08\/1-9.jpg","contentUrl":"https:\/\/www.ingenieriaindustrial-usach.cl\/wp-content\/uploads\/2026\/08\/1-9.jpg","width":1600,"height":1200},{"@type":"BreadcrumbList","@id":"https:\/\/www.ingenieriaindustrial-usach.cl\/noticias\/investigacion-de-estudiante-de-doctorado-fue-presentada-en-la-vi-conferencia-chilena-de-analisis-de-ciclo-de-vida\/#breadcrumb","itemListElement":[{"@type":"ListItem","position":1,"name":"Portada","item":"https:\/\/www.ingenieriaindustrial-usach.cl\/"},{"@type":"ListItem","position":2,"name":"Investigaci\u00f3n de Estudiante de Doctorado fue presentada en la VI Conferencia Chilena de An\u00e1lisis de Ciclo de Vida"}]},{"@type":"WebSite","@id":"https:\/\/www.ingenieriaindustrial-usach.cl\/#website","url":"https:\/\/www.ingenieriaindustrial-usach.cl\/","name":"Departamento de Ingenier\u00eda Industrial Universidad de Santiago","description":"Otro sitio realizado con WordPress","publisher":{"@id":"https:\/\/www.ingenieriaindustrial-usach.cl\/#organization"},"potentialAction":[{"@type":"SearchAction","target":{"@type":"EntryPoint","urlTemplate":"https:\/\/www.ingenieriaindustrial-usach.cl\/?s={search_term_string}"},"query-input":{"@type":"PropertyValueSpecification","valueRequired":true,"valueName":"search_term_string"}}],"inLanguage":"en-US"},{"@type":"Organization","@id":"https:\/\/www.ingenieriaindustrial-usach.cl\/#organization","name":"Departamento de Ingenier\u00eda Industrial Universidad de Santiago","url":"https:\/\/www.ingenieriaindustrial-usach.cl\/","logo":{"@type":"ImageObject","inLanguage":"en-US","@id":"https:\/\/www.ingenieriaindustrial-usach.cl\/#\/schema\/logo\/image\/","url":"https:\/\/www.ingenieriaindustrial-usach.cl\/wp-content\/uploads\/2023\/11\/cropped-favicon_usach-01.png","contentUrl":"https:\/\/www.ingenieriaindustrial-usach.cl\/wp-content\/uploads\/2023\/11\/cropped-favicon_usach-01.png","width":512,"height":512,"caption":"Departamento de Ingenier\u00eda Industrial Universidad de Santiago"},"image":{"@id":"https:\/\/www.ingenieriaindustrial-usach.cl\/#\/schema\/logo\/image\/"},"sameAs":["https:\/\/web.facebook.com\/Depto.Ingenieria.industrial.UdeSantiagodeChile?_rdc=1&_rdr","https:\/\/www.linkedin.com\/in\/departamento-ingeniera-industrial-usach-94780711b\/","https:\/\/www.instagram.com\/ingenieria_industrial_usach\/"]},{"@type":"Person","@id":"https:\/\/www.ingenieriaindustrial-usach.cl\/#\/schema\/person\/2c3b5a1e7f7c844415eb926003bec7f0","name":"antonia","image":{"@type":"ImageObject","inLanguage":"en-US","@id":"https:\/\/www.ingenieriaindustrial-usach.cl\/wp-content\/litespeed\/avatar\/9ea6f38bbb594f99a05d0060494a517c.jpg?ver=1787848398","url":"https:\/\/www.ingenieriaindustrial-usach.cl\/wp-content\/litespeed\/avatar\/9ea6f38bbb594f99a05d0060494a517c.jpg?ver=1787848398","contentUrl":"https:\/\/www.ingenieriaindustrial-usach.cl\/wp-content\/litespeed\/avatar\/9ea6f38bbb594f99a05d0060494a517c.jpg?ver=1787848398","caption":"antonia"},"url":"https:\/\/www.ingenieriaindustrial-usach.cl\/en\/author\/antonia\/"}]}},"_links":{"self":[{"href":"https:\/\/www.ingenieriaindustrial-usach.cl\/en\/wp-json\/wp\/v2\/posts\/25613","targetHints":{"allow":["GET"]}}],"collection":[{"href":"https:\/\/www.ingenieriaindustrial-usach.cl\/en\/wp-json\/wp\/v2\/posts"}],"about":[{"href":"https:\/\/www.ingenieriaindustrial-usach.cl\/en\/wp-json\/wp\/v2\/types\/post"}],"author":[{"embeddable":true,"href":"https:\/\/www.ingenieriaindustrial-usach.cl\/en\/wp-json\/wp\/v2\/users\/5881"}],"replies":[{"embeddable":true,"href":"https:\/\/www.ingenieriaindustrial-usach.cl\/en\/wp-json\/wp\/v2\/comments?post=25613"}],"version-history":[{"count":2,"href":"https:\/\/www.ingenieriaindustrial-usach.cl\/en\/wp-json\/wp\/v2\/posts\/25613\/revisions"}],"predecessor-version":[{"id":25629,"href":"https:\/\/www.ingenieriaindustrial-usach.cl\/en\/wp-json\/wp\/v2\/posts\/25613\/revisions\/25629"}],"wp:featuredmedia":[{"embeddable":true,"href":"https:\/\/www.ingenieriaindustrial-usach.cl\/en\/wp-json\/wp\/v2\/media\/25614"}],"wp:attachment":[{"href":"https:\/\/www.ingenieriaindustrial-usach.cl\/en\/wp-json\/wp\/v2\/media?parent=25613"}],"wp:term":[{"taxonomy":"category","embeddable":true,"href":"https:\/\/www.ingenieriaindustrial-usach.cl\/en\/wp-json\/wp\/v2\/categories?post=25613"},{"taxonomy":"post_tag","embeddable":true,"href":"https:\/\/www.ingenieriaindustrial-usach.cl\/en\/wp-json\/wp\/v2\/tags?post=25613"},{"taxonomy":"tipo","embeddable":true,"href":"https:\/\/www.ingenieriaindustrial-usach.cl\/en\/wp-json\/wp\/v2\/tipo?post=25613"}],"curies":[{"name":"wp","href":"https:\/\/api.w.org\/{rel}","templated":true}]}}