{"id":24806,"date":"2026-04-30T16:59:41","date_gmt":"2026-04-30T20:59:41","guid":{"rendered":"https:\/\/www.ingenieriaindustrial-usach.cl\/?p=24806"},"modified":"2026-04-30T16:59:41","modified_gmt":"2026-04-30T20:59:41","slug":"egresado-del-departamento-de-ingenieria-industrial-cristian-cuevas-es-reconocido-por-su-impacto-en-politicas-publicas","status":"publish","type":"post","link":"https:\/\/www.ingenieriaindustrial-usach.cl\/en\/noticias\/egresado-del-departamento-de-ingenieria-industrial-cristian-cuevas-es-reconocido-por-su-impacto-en-politicas-publicas\/","title":{"rendered":"Egresado del Departamento de Ingenier\u00eda Industrial, Cristian Cuevas  es reconocido por su impacto en pol\u00edticas p\u00fablicas"},"content":{"rendered":"<p style=\"text-align: justify;\"><span style=\"font-family: helvetica; font-size: 17px; color: #000000;\">En una ceremonia organizada por la Vicerrector\u00eda de Vinculaci\u00f3n con el Medio, se reconoci\u00f3 a destacados egresados y egresadas de nuestra casa de estudios. En este contexto, Cristian Cuevas, egresado del Departamento de Ingenier\u00eda Industrial, fue distinguido con el premio de Egresado de Excelencia en la categor\u00eda de Incidencia en Pol\u00edticas P\u00fablicas, en reconocimiento a su trayectoria y aporte al desarrollo del pa\u00eds.<\/span><\/p>\n<p style=\"text-align: justify;\"><span style=\"font-family: helvetica; font-size: 17px; color: #000000;\">Cristian ha tenido un rol relevante en el sector p\u00fablico, desempe\u00f1\u00e1ndose como Subsecretario en el Ministerio de Ciencia, Tecnolog\u00eda, Conocimiento e Innovaci\u00f3n, entre los a\u00f1os 2024 y 2026, donde impuls\u00f3 iniciativas orientadas al fortalecimiento del ecosistema cient\u00edfico y tecnol\u00f3gico nacional. Al recibir el premio, Cristian Cuevas expres\u00f3:<\/span><br \/>\n<span style=\"font-family: helvetica; font-size: 17px; color: #000000;\">\u201cMuy contento por recibir este reconocimiento, pero tambi\u00e9n es una gran responsabilidad, vernos y sentirnos como embajadores de nuestra alma mater\u201d<\/span><\/p>\n<p style=\"text-align: justify;\"><span style=\"font-family: helvetica; font-size: 17px; color: #000000;\">La ceremonia cont\u00f3 con la participaci\u00f3n de diversas autoridades universitarias, entre ellas el Vicerrector de Vinculaci\u00f3n con el Medio, Dr. Mauricio Guerra Vel\u00e1squez; el decano de la Facultad de Ciencias M\u00e9dicas, Dr. Alejandro Guajardo C\u00f3rdoba; la decana de la Facultad de Humanidades, Cristina Andrea Moyano Barahona; la jefa del Departamento de Vinculaci\u00f3n Estrat\u00e9gica, Noem\u00ed Quintana Duarte; y la jefa de la Unidad de V\u00ednculos con Egresados\/as, Empleadores y Sectores Productivos, Erika Mart\u00ednez Osorio. En representaci\u00f3n del Departamento de Ingenier\u00eda Industrial asistieron el Director (S) Dr. \u00d3scar C. V\u00e1squez y el jefe de carrera de Ingenier\u00eda Civil Industrial, Dr. Cristian Dur\u00e1n.<\/span><\/p>\n<p style=\"text-align: justify;\"><span style=\"font-family: helvetica; font-size: 17px; color: #000000;\">Este reconocimiento evidencia el compromiso del Departamento de Ingenier\u00eda Industrial con la formaci\u00f3n de profesionales que no solo destacan en el \u00e1mbito t\u00e9cnico, sino que tambi\u00e9n contribuyen activamente a la construcci\u00f3n de pol\u00edticas p\u00fablicas que impactan positivamente en la sociedad.<\/span><\/p>\n","protected":false},"excerpt":{"rendered":"<p>En una ceremonia organizada por la Vicerrector\u00eda de Vinculaci\u00f3n con el Medio, se reconoci\u00f3 a destacados egresados y egresadas de nuestra casa de estudios. En este contexto, Cristian Cuevas, egresado del Departamento de Ingenier\u00eda Industrial, fue distinguido con el premio de Egresado de Excelencia en la categor\u00eda de Incidencia en &hellip; <a class=\"readmore\" href=\"https:\/\/www.ingenieriaindustrial-usach.cl\/en\/noticias\/egresado-del-departamento-de-ingenieria-industrial-cristian-cuevas-es-reconocido-por-su-impacto-en-politicas-publicas\/\">Seguir Leyendo <span class=\"meta-nav\">&rarr;<\/span><\/a><\/p>\n","protected":false},"author":5881,"featured_media":24813,"comment_status":"open","ping_status":"open","sticky":false,"template":"","format":"standard","meta":{"footnotes":"","_links_to":"","_links_to_target":""},"categories":[3,1],"tags":[],"tipo":[],"yoast_head":"<!-- This site is optimized with the Yoast SEO plugin v23.0 - https:\/\/yoast.com\/wordpress\/plugins\/seo\/ -->\n<title>Egresado del Departamento de Ingenier\u00eda Industrial, Cristian Cuevas es reconocido por su impacto en pol\u00edticas p\u00fablicas - Departamento de Ingenier\u00eda Industrial Universidad de Santiago<\/title>\n<meta name=\"robots\" content=\"index, follow, max-snippet:-1, max-image-preview:large, max-video-preview:-1\" \/>\n<link rel=\"canonical\" href=\"https:\/\/www.ingenieriaindustrial-usach.cl\/noticias\/egresado-del-departamento-de-ingenieria-industrial-cristian-cuevas-es-reconocido-por-su-impacto-en-politicas-publicas\/\" \/>\n<meta property=\"og:locale\" content=\"en_US\" \/>\n<meta property=\"og:type\" content=\"article\" \/>\n<meta property=\"og:title\" content=\"Egresado del Departamento de Ingenier\u00eda Industrial, Cristian Cuevas es reconocido por su impacto en pol\u00edticas p\u00fablicas - Departamento de Ingenier\u00eda Industrial Universidad de Santiago\" \/>\n<meta property=\"og:description\" content=\"En una ceremonia organizada por la Vicerrector\u00eda de Vinculaci\u00f3n con el Medio, se reconoci\u00f3 a destacados egresados y egresadas de nuestra casa de estudios. En este contexto, Cristian Cuevas, egresado del Departamento de Ingenier\u00eda Industrial, fue distinguido con el premio de Egresado de Excelencia en la categor\u00eda de Incidencia en &hellip; Seguir Leyendo &rarr;\" \/>\n<meta property=\"og:url\" content=\"https:\/\/www.ingenieriaindustrial-usach.cl\/noticias\/egresado-del-departamento-de-ingenieria-industrial-cristian-cuevas-es-reconocido-por-su-impacto-en-politicas-publicas\/\" \/>\n<meta property=\"og:site_name\" content=\"Departamento de Ingenier\u00eda Industrial Universidad de Santiago\" \/>\n<meta property=\"article:publisher\" content=\"https:\/\/web.facebook.com\/Depto.Ingenieria.industrial.UdeSantiagodeChile?_rdc=1&amp;_rdr\" \/>\n<meta property=\"article:published_time\" content=\"2026-04-30T20:59:41+00:00\" \/>\n<meta property=\"og:image\" content=\"https:\/\/www.ingenieriaindustrial-usach.cl\/wp-content\/uploads\/2026\/04\/premio-vime-web-.jpg\" \/>\n\t<meta property=\"og:image:width\" content=\"1600\" \/>\n\t<meta property=\"og:image:height\" content=\"1200\" \/>\n\t<meta property=\"og:image:type\" content=\"image\/jpeg\" \/>\n<meta name=\"author\" content=\"Antonia Reyes Ferreira\" \/>\n<meta name=\"twitter:card\" content=\"summary_large_image\" \/>\n<meta name=\"twitter:label1\" content=\"Written by\" \/>\n\t<meta name=\"twitter:data1\" content=\"Antonia Reyes Ferreira\" \/>\n\t<meta name=\"twitter:label2\" content=\"Est. reading time\" \/>\n\t<meta name=\"twitter:data2\" content=\"2 minutes\" \/>\n<script type=\"application\/ld+json\" class=\"yoast-schema-graph\">{\"@context\":\"https:\/\/schema.org\",\"@graph\":[{\"@type\":\"Article\",\"@id\":\"https:\/\/www.ingenieriaindustrial-usach.cl\/noticias\/egresado-del-departamento-de-ingenieria-industrial-cristian-cuevas-es-reconocido-por-su-impacto-en-politicas-publicas\/#article\",\"isPartOf\":{\"@id\":\"https:\/\/www.ingenieriaindustrial-usach.cl\/noticias\/egresado-del-departamento-de-ingenieria-industrial-cristian-cuevas-es-reconocido-por-su-impacto-en-politicas-publicas\/\"},\"author\":{\"name\":\"Antonia Reyes Ferreira\",\"@id\":\"https:\/\/www.ingenieriaindustrial-usach.cl\/#\/schema\/person\/2c3b5a1e7f7c844415eb926003bec7f0\"},\"headline\":\"Egresado del Departamento de Ingenier\u00eda Industrial, Cristian Cuevas es reconocido por su impacto en pol\u00edticas p\u00fablicas\",\"datePublished\":\"2026-04-30T20:59:41+00:00\",\"dateModified\":\"2026-04-30T20:59:41+00:00\",\"mainEntityOfPage\":{\"@id\":\"https:\/\/www.ingenieriaindustrial-usach.cl\/noticias\/egresado-del-departamento-de-ingenieria-industrial-cristian-cuevas-es-reconocido-por-su-impacto-en-politicas-publicas\/\"},\"wordCount\":325,\"commentCount\":0,\"publisher\":{\"@id\":\"https:\/\/www.ingenieriaindustrial-usach.cl\/#organization\"},\"image\":{\"@id\":\"https:\/\/www.ingenieriaindustrial-usach.cl\/noticias\/egresado-del-departamento-de-ingenieria-industrial-cristian-cuevas-es-reconocido-por-su-impacto-en-politicas-publicas\/#primaryimage\"},\"thumbnailUrl\":\"https:\/\/www.ingenieriaindustrial-usach.cl\/wp-content\/uploads\/2026\/04\/premio-vime-web-.jpg\",\"articleSection\":[\"Destacadas\",\"Noticias\"],\"inLanguage\":\"en-US\",\"potentialAction\":[{\"@type\":\"CommentAction\",\"name\":\"Comment\",\"target\":[\"https:\/\/www.ingenieriaindustrial-usach.cl\/noticias\/egresado-del-departamento-de-ingenieria-industrial-cristian-cuevas-es-reconocido-por-su-impacto-en-politicas-publicas\/#respond\"]}]},{\"@type\":\"WebPage\",\"@id\":\"https:\/\/www.ingenieriaindustrial-usach.cl\/noticias\/egresado-del-departamento-de-ingenieria-industrial-cristian-cuevas-es-reconocido-por-su-impacto-en-politicas-publicas\/\",\"url\":\"https:\/\/www.ingenieriaindustrial-usach.cl\/noticias\/egresado-del-departamento-de-ingenieria-industrial-cristian-cuevas-es-reconocido-por-su-impacto-en-politicas-publicas\/\",\"name\":\"Egresado del Departamento de Ingenier\u00eda Industrial, Cristian Cuevas es reconocido por su impacto en pol\u00edticas p\u00fablicas - Departamento de Ingenier\u00eda Industrial Universidad de Santiago\",\"isPartOf\":{\"@id\":\"https:\/\/www.ingenieriaindustrial-usach.cl\/#website\"},\"primaryImageOfPage\":{\"@id\":\"https:\/\/www.ingenieriaindustrial-usach.cl\/noticias\/egresado-del-departamento-de-ingenieria-industrial-cristian-cuevas-es-reconocido-por-su-impacto-en-politicas-publicas\/#primaryimage\"},\"image\":{\"@id\":\"https:\/\/www.ingenieriaindustrial-usach.cl\/noticias\/egresado-del-departamento-de-ingenieria-industrial-cristian-cuevas-es-reconocido-por-su-impacto-en-politicas-publicas\/#primaryimage\"},\"thumbnailUrl\":\"https:\/\/www.ingenieriaindustrial-usach.cl\/wp-content\/uploads\/2026\/04\/premio-vime-web-.jpg\",\"datePublished\":\"2026-04-30T20:59:41+00:00\",\"dateModified\":\"2026-04-30T20:59:41+00:00\",\"breadcrumb\":{\"@id\":\"https:\/\/www.ingenieriaindustrial-usach.cl\/noticias\/egresado-del-departamento-de-ingenieria-industrial-cristian-cuevas-es-reconocido-por-su-impacto-en-politicas-publicas\/#breadcrumb\"},\"inLanguage\":\"en-US\",\"potentialAction\":[{\"@type\":\"ReadAction\",\"target\":[\"https:\/\/www.ingenieriaindustrial-usach.cl\/noticias\/egresado-del-departamento-de-ingenieria-industrial-cristian-cuevas-es-reconocido-por-su-impacto-en-politicas-publicas\/\"]}]},{\"@type\":\"ImageObject\",\"inLanguage\":\"en-US\",\"@id\":\"https:\/\/www.ingenieriaindustrial-usach.cl\/noticias\/egresado-del-departamento-de-ingenieria-industrial-cristian-cuevas-es-reconocido-por-su-impacto-en-politicas-publicas\/#primaryimage\",\"url\":\"https:\/\/www.ingenieriaindustrial-usach.cl\/wp-content\/uploads\/2026\/04\/premio-vime-web-.jpg\",\"contentUrl\":\"https:\/\/www.ingenieriaindustrial-usach.cl\/wp-content\/uploads\/2026\/04\/premio-vime-web-.jpg\",\"width\":1600,\"height\":1200},{\"@type\":\"BreadcrumbList\",\"@id\":\"https:\/\/www.ingenieriaindustrial-usach.cl\/noticias\/egresado-del-departamento-de-ingenieria-industrial-cristian-cuevas-es-reconocido-por-su-impacto-en-politicas-publicas\/#breadcrumb\",\"itemListElement\":[{\"@type\":\"ListItem\",\"position\":1,\"name\":\"Portada\",\"item\":\"https:\/\/www.ingenieriaindustrial-usach.cl\/\"},{\"@type\":\"ListItem\",\"position\":2,\"name\":\"Egresado del Departamento de Ingenier\u00eda Industrial, Cristian Cuevas es reconocido por su impacto en pol\u00edticas p\u00fablicas\"}]},{\"@type\":\"WebSite\",\"@id\":\"https:\/\/www.ingenieriaindustrial-usach.cl\/#website\",\"url\":\"https:\/\/www.ingenieriaindustrial-usach.cl\/\",\"name\":\"Departamento de Ingenier\u00eda Industrial Universidad de Santiago\",\"description\":\"Otro sitio realizado con WordPress\",\"publisher\":{\"@id\":\"https:\/\/www.ingenieriaindustrial-usach.cl\/#organization\"},\"potentialAction\":[{\"@type\":\"SearchAction\",\"target\":{\"@type\":\"EntryPoint\",\"urlTemplate\":\"https:\/\/www.ingenieriaindustrial-usach.cl\/?s={search_term_string}\"},\"query-input\":\"required name=search_term_string\"}],\"inLanguage\":\"en-US\"},{\"@type\":\"Organization\",\"@id\":\"https:\/\/www.ingenieriaindustrial-usach.cl\/#organization\",\"name\":\"Departamento de Ingenier\u00eda Industrial Universidad de Santiago\",\"url\":\"https:\/\/www.ingenieriaindustrial-usach.cl\/\",\"logo\":{\"@type\":\"ImageObject\",\"inLanguage\":\"en-US\",\"@id\":\"https:\/\/www.ingenieriaindustrial-usach.cl\/#\/schema\/logo\/image\/\",\"url\":\"https:\/\/www.ingenieriaindustrial-usach.cl\/wp-content\/uploads\/2023\/11\/cropped-favicon_usach-01.png\",\"contentUrl\":\"https:\/\/www.ingenieriaindustrial-usach.cl\/wp-content\/uploads\/2023\/11\/cropped-favicon_usach-01.png\",\"width\":512,\"height\":512,\"caption\":\"Departamento de Ingenier\u00eda Industrial Universidad de Santiago\"},\"image\":{\"@id\":\"https:\/\/www.ingenieriaindustrial-usach.cl\/#\/schema\/logo\/image\/\"},\"sameAs\":[\"https:\/\/web.facebook.com\/Depto.Ingenieria.industrial.UdeSantiagodeChile?_rdc=1&_rdr\",\"https:\/\/www.linkedin.com\/in\/departamento-ingeniera-industrial-usach-94780711b\/\",\"https:\/\/www.instagram.com\/ingenieria_industrial_usach\/\"]},{\"@type\":\"Person\",\"@id\":\"https:\/\/www.ingenieriaindustrial-usach.cl\/#\/schema\/person\/2c3b5a1e7f7c844415eb926003bec7f0\",\"name\":\"Antonia Reyes Ferreira\",\"image\":{\"@type\":\"ImageObject\",\"inLanguage\":\"en-US\",\"@id\":\"https:\/\/www.ingenieriaindustrial-usach.cl\/#\/schema\/person\/image\/\",\"url\":\"https:\/\/www.ingenieriaindustrial-usach.cl\/wp-content\/litespeed\/avatar\/07b400358d4245baeb6cd734acfaceb8.jpg?ver=1777478510\",\"contentUrl\":\"https:\/\/www.ingenieriaindustrial-usach.cl\/wp-content\/litespeed\/avatar\/07b400358d4245baeb6cd734acfaceb8.jpg?ver=1777478510\",\"caption\":\"Antonia Reyes Ferreira\"},\"url\":\"https:\/\/www.ingenieriaindustrial-usach.cl\/en\/author\/antonia\/\"}]}<\/script>\n<!-- \/ Yoast SEO plugin. -->","yoast_head_json":{"title":"Egresado del Departamento de Ingenier\u00eda Industrial, Cristian Cuevas es reconocido por su impacto en pol\u00edticas p\u00fablicas - Departamento de Ingenier\u00eda Industrial Universidad de Santiago","robots":{"index":"index","follow":"follow","max-snippet":"max-snippet:-1","max-image-preview":"max-image-preview:large","max-video-preview":"max-video-preview:-1"},"canonical":"https:\/\/www.ingenieriaindustrial-usach.cl\/noticias\/egresado-del-departamento-de-ingenieria-industrial-cristian-cuevas-es-reconocido-por-su-impacto-en-politicas-publicas\/","og_locale":"en_US","og_type":"article","og_title":"Egresado del Departamento de Ingenier\u00eda Industrial, Cristian Cuevas es reconocido por su impacto en pol\u00edticas p\u00fablicas - Departamento de Ingenier\u00eda Industrial Universidad de Santiago","og_description":"En una ceremonia organizada por la Vicerrector\u00eda de Vinculaci\u00f3n con el Medio, se reconoci\u00f3 a destacados egresados y egresadas de nuestra casa de estudios. En este contexto, Cristian Cuevas, egresado del Departamento de Ingenier\u00eda Industrial, fue distinguido con el premio de Egresado de Excelencia en la categor\u00eda de Incidencia en &hellip; Seguir Leyendo &rarr;","og_url":"https:\/\/www.ingenieriaindustrial-usach.cl\/noticias\/egresado-del-departamento-de-ingenieria-industrial-cristian-cuevas-es-reconocido-por-su-impacto-en-politicas-publicas\/","og_site_name":"Departamento de Ingenier\u00eda Industrial Universidad de Santiago","article_publisher":"https:\/\/web.facebook.com\/Depto.Ingenieria.industrial.UdeSantiagodeChile?_rdc=1&_rdr","article_published_time":"2026-04-30T20:59:41+00:00","og_image":[{"width":1600,"height":1200,"url":"https:\/\/www.ingenieriaindustrial-usach.cl\/wp-content\/uploads\/2026\/04\/premio-vime-web-.jpg","type":"image\/jpeg"}],"author":"Antonia Reyes Ferreira","twitter_card":"summary_large_image","twitter_misc":{"Written by":"Antonia Reyes Ferreira","Est. reading time":"2 minutes"},"schema":{"@context":"https:\/\/schema.org","@graph":[{"@type":"Article","@id":"https:\/\/www.ingenieriaindustrial-usach.cl\/noticias\/egresado-del-departamento-de-ingenieria-industrial-cristian-cuevas-es-reconocido-por-su-impacto-en-politicas-publicas\/#article","isPartOf":{"@id":"https:\/\/www.ingenieriaindustrial-usach.cl\/noticias\/egresado-del-departamento-de-ingenieria-industrial-cristian-cuevas-es-reconocido-por-su-impacto-en-politicas-publicas\/"},"author":{"name":"Antonia Reyes Ferreira","@id":"https:\/\/www.ingenieriaindustrial-usach.cl\/#\/schema\/person\/2c3b5a1e7f7c844415eb926003bec7f0"},"headline":"Egresado del Departamento de Ingenier\u00eda Industrial, Cristian Cuevas es reconocido por su impacto en pol\u00edticas p\u00fablicas","datePublished":"2026-04-30T20:59:41+00:00","dateModified":"2026-04-30T20:59:41+00:00","mainEntityOfPage":{"@id":"https:\/\/www.ingenieriaindustrial-usach.cl\/noticias\/egresado-del-departamento-de-ingenieria-industrial-cristian-cuevas-es-reconocido-por-su-impacto-en-politicas-publicas\/"},"wordCount":325,"commentCount":0,"publisher":{"@id":"https:\/\/www.ingenieriaindustrial-usach.cl\/#organization"},"image":{"@id":"https:\/\/www.ingenieriaindustrial-usach.cl\/noticias\/egresado-del-departamento-de-ingenieria-industrial-cristian-cuevas-es-reconocido-por-su-impacto-en-politicas-publicas\/#primaryimage"},"thumbnailUrl":"https:\/\/www.ingenieriaindustrial-usach.cl\/wp-content\/uploads\/2026\/04\/premio-vime-web-.jpg","articleSection":["Destacadas","Noticias"],"inLanguage":"en-US","potentialAction":[{"@type":"CommentAction","name":"Comment","target":["https:\/\/www.ingenieriaindustrial-usach.cl\/noticias\/egresado-del-departamento-de-ingenieria-industrial-cristian-cuevas-es-reconocido-por-su-impacto-en-politicas-publicas\/#respond"]}]},{"@type":"WebPage","@id":"https:\/\/www.ingenieriaindustrial-usach.cl\/noticias\/egresado-del-departamento-de-ingenieria-industrial-cristian-cuevas-es-reconocido-por-su-impacto-en-politicas-publicas\/","url":"https:\/\/www.ingenieriaindustrial-usach.cl\/noticias\/egresado-del-departamento-de-ingenieria-industrial-cristian-cuevas-es-reconocido-por-su-impacto-en-politicas-publicas\/","name":"Egresado del Departamento de Ingenier\u00eda Industrial, Cristian Cuevas es reconocido por su impacto en pol\u00edticas p\u00fablicas - Departamento de Ingenier\u00eda Industrial Universidad de Santiago","isPartOf":{"@id":"https:\/\/www.ingenieriaindustrial-usach.cl\/#website"},"primaryImageOfPage":{"@id":"https:\/\/www.ingenieriaindustrial-usach.cl\/noticias\/egresado-del-departamento-de-ingenieria-industrial-cristian-cuevas-es-reconocido-por-su-impacto-en-politicas-publicas\/#primaryimage"},"image":{"@id":"https:\/\/www.ingenieriaindustrial-usach.cl\/noticias\/egresado-del-departamento-de-ingenieria-industrial-cristian-cuevas-es-reconocido-por-su-impacto-en-politicas-publicas\/#primaryimage"},"thumbnailUrl":"https:\/\/www.ingenieriaindustrial-usach.cl\/wp-content\/uploads\/2026\/04\/premio-vime-web-.jpg","datePublished":"2026-04-30T20:59:41+00:00","dateModified":"2026-04-30T20:59:41+00:00","breadcrumb":{"@id":"https:\/\/www.ingenieriaindustrial-usach.cl\/noticias\/egresado-del-departamento-de-ingenieria-industrial-cristian-cuevas-es-reconocido-por-su-impacto-en-politicas-publicas\/#breadcrumb"},"inLanguage":"en-US","potentialAction":[{"@type":"ReadAction","target":["https:\/\/www.ingenieriaindustrial-usach.cl\/noticias\/egresado-del-departamento-de-ingenieria-industrial-cristian-cuevas-es-reconocido-por-su-impacto-en-politicas-publicas\/"]}]},{"@type":"ImageObject","inLanguage":"en-US","@id":"https:\/\/www.ingenieriaindustrial-usach.cl\/noticias\/egresado-del-departamento-de-ingenieria-industrial-cristian-cuevas-es-reconocido-por-su-impacto-en-politicas-publicas\/#primaryimage","url":"https:\/\/www.ingenieriaindustrial-usach.cl\/wp-content\/uploads\/2026\/04\/premio-vime-web-.jpg","contentUrl":"https:\/\/www.ingenieriaindustrial-usach.cl\/wp-content\/uploads\/2026\/04\/premio-vime-web-.jpg","width":1600,"height":1200},{"@type":"BreadcrumbList","@id":"https:\/\/www.ingenieriaindustrial-usach.cl\/noticias\/egresado-del-departamento-de-ingenieria-industrial-cristian-cuevas-es-reconocido-por-su-impacto-en-politicas-publicas\/#breadcrumb","itemListElement":[{"@type":"ListItem","position":1,"name":"Portada","item":"https:\/\/www.ingenieriaindustrial-usach.cl\/"},{"@type":"ListItem","position":2,"name":"Egresado del Departamento de Ingenier\u00eda Industrial, Cristian Cuevas es reconocido por su impacto en pol\u00edticas p\u00fablicas"}]},{"@type":"WebSite","@id":"https:\/\/www.ingenieriaindustrial-usach.cl\/#website","url":"https:\/\/www.ingenieriaindustrial-usach.cl\/","name":"Departamento de Ingenier\u00eda Industrial Universidad de Santiago","description":"Otro sitio realizado con WordPress","publisher":{"@id":"https:\/\/www.ingenieriaindustrial-usach.cl\/#organization"},"potentialAction":[{"@type":"SearchAction","target":{"@type":"EntryPoint","urlTemplate":"https:\/\/www.ingenieriaindustrial-usach.cl\/?s={search_term_string}"},"query-input":"required name=search_term_string"}],"inLanguage":"en-US"},{"@type":"Organization","@id":"https:\/\/www.ingenieriaindustrial-usach.cl\/#organization","name":"Departamento de Ingenier\u00eda Industrial Universidad de Santiago","url":"https:\/\/www.ingenieriaindustrial-usach.cl\/","logo":{"@type":"ImageObject","inLanguage":"en-US","@id":"https:\/\/www.ingenieriaindustrial-usach.cl\/#\/schema\/logo\/image\/","url":"https:\/\/www.ingenieriaindustrial-usach.cl\/wp-content\/uploads\/2023\/11\/cropped-favicon_usach-01.png","contentUrl":"https:\/\/www.ingenieriaindustrial-usach.cl\/wp-content\/uploads\/2023\/11\/cropped-favicon_usach-01.png","width":512,"height":512,"caption":"Departamento de Ingenier\u00eda Industrial Universidad de Santiago"},"image":{"@id":"https:\/\/www.ingenieriaindustrial-usach.cl\/#\/schema\/logo\/image\/"},"sameAs":["https:\/\/web.facebook.com\/Depto.Ingenieria.industrial.UdeSantiagodeChile?_rdc=1&_rdr","https:\/\/www.linkedin.com\/in\/departamento-ingeniera-industrial-usach-94780711b\/","https:\/\/www.instagram.com\/ingenieria_industrial_usach\/"]},{"@type":"Person","@id":"https:\/\/www.ingenieriaindustrial-usach.cl\/#\/schema\/person\/2c3b5a1e7f7c844415eb926003bec7f0","name":"Antonia Reyes Ferreira","image":{"@type":"ImageObject","inLanguage":"en-US","@id":"https:\/\/www.ingenieriaindustrial-usach.cl\/#\/schema\/person\/image\/","url":"https:\/\/www.ingenieriaindustrial-usach.cl\/wp-content\/litespeed\/avatar\/07b400358d4245baeb6cd734acfaceb8.jpg?ver=1777478510","contentUrl":"https:\/\/www.ingenieriaindustrial-usach.cl\/wp-content\/litespeed\/avatar\/07b400358d4245baeb6cd734acfaceb8.jpg?ver=1777478510","caption":"Antonia Reyes Ferreira"},"url":"https:\/\/www.ingenieriaindustrial-usach.cl\/en\/author\/antonia\/"}]}},"_links":{"self":[{"href":"https:\/\/www.ingenieriaindustrial-usach.cl\/en\/wp-json\/wp\/v2\/posts\/24806"}],"collection":[{"href":"https:\/\/www.ingenieriaindustrial-usach.cl\/en\/wp-json\/wp\/v2\/posts"}],"about":[{"href":"https:\/\/www.ingenieriaindustrial-usach.cl\/en\/wp-json\/wp\/v2\/types\/post"}],"author":[{"embeddable":true,"href":"https:\/\/www.ingenieriaindustrial-usach.cl\/en\/wp-json\/wp\/v2\/users\/5881"}],"replies":[{"embeddable":true,"href":"https:\/\/www.ingenieriaindustrial-usach.cl\/en\/wp-json\/wp\/v2\/comments?post=24806"}],"version-history":[{"count":1,"href":"https:\/\/www.ingenieriaindustrial-usach.cl\/en\/wp-json\/wp\/v2\/posts\/24806\/revisions"}],"predecessor-version":[{"id":24814,"href":"https:\/\/www.ingenieriaindustrial-usach.cl\/en\/wp-json\/wp\/v2\/posts\/24806\/revisions\/24814"}],"wp:featuredmedia":[{"embeddable":true,"href":"https:\/\/www.ingenieriaindustrial-usach.cl\/en\/wp-json\/wp\/v2\/media\/24813"}],"wp:attachment":[{"href":"https:\/\/www.ingenieriaindustrial-usach.cl\/en\/wp-json\/wp\/v2\/media?parent=24806"}],"wp:term":[{"taxonomy":"category","embeddable":true,"href":"https:\/\/www.ingenieriaindustrial-usach.cl\/en\/wp-json\/wp\/v2\/categories?post=24806"},{"taxonomy":"post_tag","embeddable":true,"href":"https:\/\/www.ingenieriaindustrial-usach.cl\/en\/wp-json\/wp\/v2\/tags?post=24806"},{"taxonomy":"tipo","embeddable":true,"href":"https:\/\/www.ingenieriaindustrial-usach.cl\/en\/wp-json\/wp\/v2\/tipo?post=24806"}],"curies":[{"name":"wp","href":"https:\/\/api.w.org\/{rel}","templated":true}]}}