{"id":23703,"date":"2026-03-05T10:00:06","date_gmt":"2026-03-05T13:00:06","guid":{"rendered":"https:\/\/www.ingenieriaindustrial-usach.cl\/?p=23703"},"modified":"2026-03-05T09:47:47","modified_gmt":"2026-03-05T12:47:47","slug":"academico-de-ingenieria-industrial-usach-dr-pedro-palominos-reflexiona-sobre-el-paseo-bandera-y-el-desafio-de-la-ciudad-inteligente","status":"publish","type":"post","link":"https:\/\/www.ingenieriaindustrial-usach.cl\/en\/noticias\/academico-de-ingenieria-industrial-usach-dr-pedro-palominos-reflexiona-sobre-el-paseo-bandera-y-el-desafio-de-la-ciudad-inteligente\/","title":{"rendered":"Acad\u00e9mico de Ingenier\u00eda Industrial USACH Dr. Pedro Palominos  reflexiona sobre el Paseo Bandera y el desaf\u00edo de la \u201cciudad inteligente\u201d"},"content":{"rendered":"<p><\/p>\n<p style=\"text-align: justify;\"><span style=\"font-family: helvetica; font-size: 17px; color: #000000;\">El acad\u00e9mico del Departamento de Ingenier\u00eda Industrial de la USACH,\u00a0 Dr. Pedro Palominos, public\u00f3 una columna de opini\u00f3n en BioBioChile donde analiza la reconversi\u00f3n del Paseo Bandera en Santiago y el debate que reabre sobre las prioridades del espacio p\u00fablico. En el texto, aborda c\u00f3mo las decisiones urbanas vinculadas a movilidad y tecnolog\u00eda deben considerar seguridad peatonal, accesibilidad e inclusi\u00f3n para mejorar la calidad de vida en la ciudad.<\/span><\/p>\n<p style=\"text-align: justify;\"><span style=\"font-family: helvetica; font-size: 17px; color: #000000;\">Lee la columna completa aqu\u00ed\u00a0<\/span><\/p>\n<p><\/p>","protected":false},"excerpt":{"rendered":"<p>El acad\u00e9mico del Departamento de Ingenier\u00eda Industrial de la USACH,\u00a0 Dr. Pedro Palominos, public\u00f3 una columna de opini\u00f3n en BioBioChile donde analiza la reconversi\u00f3n del Paseo Bandera en Santiago y el debate que reabre sobre las prioridades del espacio p\u00fablico. En el texto, aborda c\u00f3mo las decisiones urbanas vinculadas a &hellip; <a class=\"readmore\" href=\"https:\/\/www.ingenieriaindustrial-usach.cl\/en\/noticias\/academico-de-ingenieria-industrial-usach-dr-pedro-palominos-reflexiona-sobre-el-paseo-bandera-y-el-desafio-de-la-ciudad-inteligente\/\">Seguir Leyendo <span class=\"meta-nav\">&rarr;<\/span><\/a><\/p>\n","protected":false},"author":5881,"featured_media":23704,"comment_status":"open","ping_status":"open","sticky":false,"template":"","format":"standard","meta":{"footnotes":"","_links_to":"","_links_to_target":""},"categories":[3,1],"tags":[],"tipo":[],"yoast_head":"<!-- This site is optimized with the Yoast SEO plugin v23.0 - https:\/\/yoast.com\/wordpress\/plugins\/seo\/ -->\n<title>Acad\u00e9mico de Ingenier\u00eda Industrial USACH Dr. Pedro Palominos reflexiona sobre el Paseo Bandera y el desaf\u00edo de la \u201cciudad inteligente\u201d - Departamento de Ingenier\u00eda Industrial Universidad de Santiago<\/title>\n<meta name=\"robots\" content=\"index, follow, max-snippet:-1, max-image-preview:large, max-video-preview:-1\" \/>\n<link rel=\"canonical\" href=\"https:\/\/www.ingenieriaindustrial-usach.cl\/noticias\/academico-de-ingenieria-industrial-usach-dr-pedro-palominos-reflexiona-sobre-el-paseo-bandera-y-el-desafio-de-la-ciudad-inteligente\/\" \/>\n<meta property=\"og:locale\" content=\"en_US\" \/>\n<meta property=\"og:type\" content=\"article\" \/>\n<meta property=\"og:title\" content=\"[:es] Acad\u00e9mico de Ingenier\u00eda Industrial USACH Dr. Pedro Palominos reflexiona sobre el Paseo Bandera y el desaf\u00edo de la \u201cciudad inteligente\u201d[:en]Acad\u00e9mico de Ingenier\u00eda Industrial USACH Dr. Pedro Palominos reflexiona sobre el Paseo Bandera y el desaf\u00edo de la \u201cciudad inteligente\u201d[:] - Departamento de Ingenier\u00eda Industrial Universidad de Santiago\" \/>\n<meta property=\"og:description\" content=\"El acad\u00e9mico del Departamento de Ingenier\u00eda Industrial de la USACH,\u00a0 Dr. Pedro Palominos, public\u00f3 una columna de opini\u00f3n en BioBioChile donde analiza la reconversi\u00f3n del Paseo Bandera en Santiago y el debate que reabre sobre las prioridades del espacio p\u00fablico. En el texto, aborda c\u00f3mo las decisiones urbanas vinculadas a &hellip; Seguir Leyendo &rarr;\" \/>\n<meta property=\"og:url\" content=\"https:\/\/www.ingenieriaindustrial-usach.cl\/noticias\/academico-de-ingenieria-industrial-usach-dr-pedro-palominos-reflexiona-sobre-el-paseo-bandera-y-el-desafio-de-la-ciudad-inteligente\/\" \/>\n<meta property=\"og:site_name\" content=\"Departamento de Ingenier\u00eda Industrial Universidad de Santiago\" \/>\n<meta property=\"article:publisher\" content=\"https:\/\/web.facebook.com\/Depto.Ingenieria.industrial.UdeSantiagodeChile?_rdc=1&amp;_rdr\" \/>\n<meta property=\"article:published_time\" content=\"2026-03-05T13:00:06+00:00\" \/>\n<meta property=\"article:modified_time\" content=\"2026-03-05T12:47:47+00:00\" \/>\n<meta property=\"og:image\" content=\"https:\/\/www.ingenieriaindustrial-usach.cl\/wp-content\/uploads\/2026\/03\/d1.png\" \/>\n\t<meta property=\"og:image:width\" content=\"1600\" \/>\n\t<meta property=\"og:image:height\" content=\"1200\" \/>\n\t<meta property=\"og:image:type\" content=\"image\/png\" \/>\n<meta name=\"author\" content=\"Antonia Reyes Ferreira\" \/>\n<meta name=\"twitter:card\" content=\"summary_large_image\" \/>\n<meta name=\"twitter:label1\" content=\"Written by\" \/>\n\t<meta name=\"twitter:data1\" content=\"Antonia Reyes Ferreira\" \/>\n\t<meta name=\"twitter:label2\" content=\"Est. reading time\" \/>\n\t<meta name=\"twitter:data2\" content=\"1 minute\" \/>\n<script type=\"application\/ld+json\" class=\"yoast-schema-graph\">{\"@context\":\"https:\/\/schema.org\",\"@graph\":[{\"@type\":\"Article\",\"@id\":\"https:\/\/www.ingenieriaindustrial-usach.cl\/noticias\/academico-de-ingenieria-industrial-usach-dr-pedro-palominos-reflexiona-sobre-el-paseo-bandera-y-el-desafio-de-la-ciudad-inteligente\/#article\",\"isPartOf\":{\"@id\":\"https:\/\/www.ingenieriaindustrial-usach.cl\/noticias\/academico-de-ingenieria-industrial-usach-dr-pedro-palominos-reflexiona-sobre-el-paseo-bandera-y-el-desafio-de-la-ciudad-inteligente\/\"},\"author\":{\"name\":\"Antonia Reyes Ferreira\",\"@id\":\"https:\/\/www.ingenieriaindustrial-usach.cl\/#\/schema\/person\/2c3b5a1e7f7c844415eb926003bec7f0\"},\"headline\":\"Acad\u00e9mico de Ingenier\u00eda Industrial USACH Dr. Pedro Palominos reflexiona sobre el Paseo Bandera y el desaf\u00edo de la \u201cciudad inteligente\u201d\",\"datePublished\":\"2026-03-05T13:00:06+00:00\",\"dateModified\":\"2026-03-05T12:47:47+00:00\",\"mainEntityOfPage\":{\"@id\":\"https:\/\/www.ingenieriaindustrial-usach.cl\/noticias\/academico-de-ingenieria-industrial-usach-dr-pedro-palominos-reflexiona-sobre-el-paseo-bandera-y-el-desafio-de-la-ciudad-inteligente\/\"},\"wordCount\":214,\"commentCount\":0,\"publisher\":{\"@id\":\"https:\/\/www.ingenieriaindustrial-usach.cl\/#organization\"},\"image\":{\"@id\":\"https:\/\/www.ingenieriaindustrial-usach.cl\/noticias\/academico-de-ingenieria-industrial-usach-dr-pedro-palominos-reflexiona-sobre-el-paseo-bandera-y-el-desafio-de-la-ciudad-inteligente\/#primaryimage\"},\"thumbnailUrl\":\"https:\/\/www.ingenieriaindustrial-usach.cl\/wp-content\/uploads\/2026\/03\/d1.png\",\"articleSection\":[\"Destacadas\",\"Noticias\"],\"inLanguage\":\"en-US\",\"potentialAction\":[{\"@type\":\"CommentAction\",\"name\":\"Comment\",\"target\":[\"https:\/\/www.ingenieriaindustrial-usach.cl\/noticias\/academico-de-ingenieria-industrial-usach-dr-pedro-palominos-reflexiona-sobre-el-paseo-bandera-y-el-desafio-de-la-ciudad-inteligente\/#respond\"]}]},{\"@type\":\"WebPage\",\"@id\":\"https:\/\/www.ingenieriaindustrial-usach.cl\/noticias\/academico-de-ingenieria-industrial-usach-dr-pedro-palominos-reflexiona-sobre-el-paseo-bandera-y-el-desafio-de-la-ciudad-inteligente\/\",\"url\":\"https:\/\/www.ingenieriaindustrial-usach.cl\/noticias\/academico-de-ingenieria-industrial-usach-dr-pedro-palominos-reflexiona-sobre-el-paseo-bandera-y-el-desafio-de-la-ciudad-inteligente\/\",\"name\":\"[:es] Acad\u00e9mico de Ingenier\u00eda Industrial USACH Dr. Pedro Palominos reflexiona sobre el Paseo Bandera y el desaf\u00edo de la \u201cciudad inteligente\u201d[:en]Acad\u00e9mico de Ingenier\u00eda Industrial USACH Dr. Pedro Palominos reflexiona sobre el Paseo Bandera y el desaf\u00edo de la \u201cciudad inteligente\u201d[:] - Departamento de Ingenier\u00eda Industrial Universidad de Santiago\",\"isPartOf\":{\"@id\":\"https:\/\/www.ingenieriaindustrial-usach.cl\/#website\"},\"primaryImageOfPage\":{\"@id\":\"https:\/\/www.ingenieriaindustrial-usach.cl\/noticias\/academico-de-ingenieria-industrial-usach-dr-pedro-palominos-reflexiona-sobre-el-paseo-bandera-y-el-desafio-de-la-ciudad-inteligente\/#primaryimage\"},\"image\":{\"@id\":\"https:\/\/www.ingenieriaindustrial-usach.cl\/noticias\/academico-de-ingenieria-industrial-usach-dr-pedro-palominos-reflexiona-sobre-el-paseo-bandera-y-el-desafio-de-la-ciudad-inteligente\/#primaryimage\"},\"thumbnailUrl\":\"https:\/\/www.ingenieriaindustrial-usach.cl\/wp-content\/uploads\/2026\/03\/d1.png\",\"datePublished\":\"2026-03-05T13:00:06+00:00\",\"dateModified\":\"2026-03-05T12:47:47+00:00\",\"breadcrumb\":{\"@id\":\"https:\/\/www.ingenieriaindustrial-usach.cl\/noticias\/academico-de-ingenieria-industrial-usach-dr-pedro-palominos-reflexiona-sobre-el-paseo-bandera-y-el-desafio-de-la-ciudad-inteligente\/#breadcrumb\"},\"inLanguage\":\"en-US\",\"potentialAction\":[{\"@type\":\"ReadAction\",\"target\":[\"https:\/\/www.ingenieriaindustrial-usach.cl\/noticias\/academico-de-ingenieria-industrial-usach-dr-pedro-palominos-reflexiona-sobre-el-paseo-bandera-y-el-desafio-de-la-ciudad-inteligente\/\"]}]},{\"@type\":\"ImageObject\",\"inLanguage\":\"en-US\",\"@id\":\"https:\/\/www.ingenieriaindustrial-usach.cl\/noticias\/academico-de-ingenieria-industrial-usach-dr-pedro-palominos-reflexiona-sobre-el-paseo-bandera-y-el-desafio-de-la-ciudad-inteligente\/#primaryimage\",\"url\":\"https:\/\/www.ingenieriaindustrial-usach.cl\/wp-content\/uploads\/2026\/03\/d1.png\",\"contentUrl\":\"https:\/\/www.ingenieriaindustrial-usach.cl\/wp-content\/uploads\/2026\/03\/d1.png\",\"width\":1600,\"height\":1200},{\"@type\":\"BreadcrumbList\",\"@id\":\"https:\/\/www.ingenieriaindustrial-usach.cl\/noticias\/academico-de-ingenieria-industrial-usach-dr-pedro-palominos-reflexiona-sobre-el-paseo-bandera-y-el-desafio-de-la-ciudad-inteligente\/#breadcrumb\",\"itemListElement\":[{\"@type\":\"ListItem\",\"position\":1,\"name\":\"Portada\",\"item\":\"https:\/\/www.ingenieriaindustrial-usach.cl\/\"},{\"@type\":\"ListItem\",\"position\":2,\"name\":\"Acad\u00e9mico de Ingenier\u00eda Industrial USACH Dr. Pedro Palominos reflexiona sobre el Paseo Bandera y el desaf\u00edo de la \u201cciudad inteligente\u201d\"}]},{\"@type\":\"WebSite\",\"@id\":\"https:\/\/www.ingenieriaindustrial-usach.cl\/#website\",\"url\":\"https:\/\/www.ingenieriaindustrial-usach.cl\/\",\"name\":\"Departamento de Ingenier\u00eda Industrial Universidad de Santiago\",\"description\":\"Otro sitio realizado con WordPress\",\"publisher\":{\"@id\":\"https:\/\/www.ingenieriaindustrial-usach.cl\/#organization\"},\"potentialAction\":[{\"@type\":\"SearchAction\",\"target\":{\"@type\":\"EntryPoint\",\"urlTemplate\":\"https:\/\/www.ingenieriaindustrial-usach.cl\/?s={search_term_string}\"},\"query-input\":\"required name=search_term_string\"}],\"inLanguage\":\"en-US\"},{\"@type\":\"Organization\",\"@id\":\"https:\/\/www.ingenieriaindustrial-usach.cl\/#organization\",\"name\":\"Departamento de Ingenier\u00eda Industrial Universidad de Santiago\",\"url\":\"https:\/\/www.ingenieriaindustrial-usach.cl\/\",\"logo\":{\"@type\":\"ImageObject\",\"inLanguage\":\"en-US\",\"@id\":\"https:\/\/www.ingenieriaindustrial-usach.cl\/#\/schema\/logo\/image\/\",\"url\":\"https:\/\/www.ingenieriaindustrial-usach.cl\/wp-content\/uploads\/2023\/11\/cropped-favicon_usach-01.png\",\"contentUrl\":\"https:\/\/www.ingenieriaindustrial-usach.cl\/wp-content\/uploads\/2023\/11\/cropped-favicon_usach-01.png\",\"width\":512,\"height\":512,\"caption\":\"Departamento de Ingenier\u00eda Industrial Universidad de Santiago\"},\"image\":{\"@id\":\"https:\/\/www.ingenieriaindustrial-usach.cl\/#\/schema\/logo\/image\/\"},\"sameAs\":[\"https:\/\/web.facebook.com\/Depto.Ingenieria.industrial.UdeSantiagodeChile?_rdc=1&_rdr\",\"https:\/\/www.linkedin.com\/in\/departamento-ingeniera-industrial-usach-94780711b\/\",\"https:\/\/www.instagram.com\/ingenieria_industrial_usach\/\"]},{\"@type\":\"Person\",\"@id\":\"https:\/\/www.ingenieriaindustrial-usach.cl\/#\/schema\/person\/2c3b5a1e7f7c844415eb926003bec7f0\",\"name\":\"Antonia Reyes Ferreira\",\"image\":{\"@type\":\"ImageObject\",\"inLanguage\":\"en-US\",\"@id\":\"https:\/\/www.ingenieriaindustrial-usach.cl\/#\/schema\/person\/image\/\",\"url\":\"https:\/\/www.ingenieriaindustrial-usach.cl\/wp-content\/litespeed\/avatar\/07b400358d4245baeb6cd734acfaceb8.jpg?ver=1776873691\",\"contentUrl\":\"https:\/\/www.ingenieriaindustrial-usach.cl\/wp-content\/litespeed\/avatar\/07b400358d4245baeb6cd734acfaceb8.jpg?ver=1776873691\",\"caption\":\"Antonia Reyes Ferreira\"},\"url\":\"https:\/\/www.ingenieriaindustrial-usach.cl\/en\/author\/antonia\/\"}]}<\/script>\n<!-- \/ Yoast SEO plugin. -->","yoast_head_json":{"title":"[:es] Acad\u00e9mico de Ingenier\u00eda Industrial USACH Dr. Pedro Palominos reflexiona sobre el Paseo Bandera y el desaf\u00edo de la \u201cciudad inteligente\u201d[:en]Acad\u00e9mico de Ingenier\u00eda Industrial USACH Dr. Pedro Palominos reflexiona sobre el Paseo Bandera y el desaf\u00edo de la \u201cciudad inteligente\u201d[:] - Departamento de Ingenier\u00eda Industrial Universidad de Santiago","robots":{"index":"index","follow":"follow","max-snippet":"max-snippet:-1","max-image-preview":"max-image-preview:large","max-video-preview":"max-video-preview:-1"},"canonical":"https:\/\/www.ingenieriaindustrial-usach.cl\/noticias\/academico-de-ingenieria-industrial-usach-dr-pedro-palominos-reflexiona-sobre-el-paseo-bandera-y-el-desafio-de-la-ciudad-inteligente\/","og_locale":"en_US","og_type":"article","og_title":"[:es] Acad\u00e9mico de Ingenier\u00eda Industrial USACH Dr. Pedro Palominos reflexiona sobre el Paseo Bandera y el desaf\u00edo de la \u201cciudad inteligente\u201d[:en]Acad\u00e9mico de Ingenier\u00eda Industrial USACH Dr. Pedro Palominos reflexiona sobre el Paseo Bandera y el desaf\u00edo de la \u201cciudad inteligente\u201d[:] - Departamento de Ingenier\u00eda Industrial Universidad de Santiago","og_description":"El acad\u00e9mico del Departamento de Ingenier\u00eda Industrial de la USACH,\u00a0 Dr. Pedro Palominos, public\u00f3 una columna de opini\u00f3n en BioBioChile donde analiza la reconversi\u00f3n del Paseo Bandera en Santiago y el debate que reabre sobre las prioridades del espacio p\u00fablico. En el texto, aborda c\u00f3mo las decisiones urbanas vinculadas a &hellip; Seguir Leyendo &rarr;","og_url":"https:\/\/www.ingenieriaindustrial-usach.cl\/noticias\/academico-de-ingenieria-industrial-usach-dr-pedro-palominos-reflexiona-sobre-el-paseo-bandera-y-el-desafio-de-la-ciudad-inteligente\/","og_site_name":"Departamento de Ingenier\u00eda Industrial Universidad de Santiago","article_publisher":"https:\/\/web.facebook.com\/Depto.Ingenieria.industrial.UdeSantiagodeChile?_rdc=1&_rdr","article_published_time":"2026-03-05T13:00:06+00:00","article_modified_time":"2026-03-05T12:47:47+00:00","og_image":[{"width":1600,"height":1200,"url":"https:\/\/www.ingenieriaindustrial-usach.cl\/wp-content\/uploads\/2026\/03\/d1.png","type":"image\/png"}],"author":"Antonia Reyes Ferreira","twitter_card":"summary_large_image","twitter_misc":{"Written by":"Antonia Reyes Ferreira","Est. reading time":"1 minute"},"schema":{"@context":"https:\/\/schema.org","@graph":[{"@type":"Article","@id":"https:\/\/www.ingenieriaindustrial-usach.cl\/noticias\/academico-de-ingenieria-industrial-usach-dr-pedro-palominos-reflexiona-sobre-el-paseo-bandera-y-el-desafio-de-la-ciudad-inteligente\/#article","isPartOf":{"@id":"https:\/\/www.ingenieriaindustrial-usach.cl\/noticias\/academico-de-ingenieria-industrial-usach-dr-pedro-palominos-reflexiona-sobre-el-paseo-bandera-y-el-desafio-de-la-ciudad-inteligente\/"},"author":{"name":"Antonia Reyes Ferreira","@id":"https:\/\/www.ingenieriaindustrial-usach.cl\/#\/schema\/person\/2c3b5a1e7f7c844415eb926003bec7f0"},"headline":"Acad\u00e9mico de Ingenier\u00eda Industrial USACH Dr. Pedro Palominos reflexiona sobre el Paseo Bandera y el desaf\u00edo de la \u201cciudad inteligente\u201d","datePublished":"2026-03-05T13:00:06+00:00","dateModified":"2026-03-05T12:47:47+00:00","mainEntityOfPage":{"@id":"https:\/\/www.ingenieriaindustrial-usach.cl\/noticias\/academico-de-ingenieria-industrial-usach-dr-pedro-palominos-reflexiona-sobre-el-paseo-bandera-y-el-desafio-de-la-ciudad-inteligente\/"},"wordCount":214,"commentCount":0,"publisher":{"@id":"https:\/\/www.ingenieriaindustrial-usach.cl\/#organization"},"image":{"@id":"https:\/\/www.ingenieriaindustrial-usach.cl\/noticias\/academico-de-ingenieria-industrial-usach-dr-pedro-palominos-reflexiona-sobre-el-paseo-bandera-y-el-desafio-de-la-ciudad-inteligente\/#primaryimage"},"thumbnailUrl":"https:\/\/www.ingenieriaindustrial-usach.cl\/wp-content\/uploads\/2026\/03\/d1.png","articleSection":["Destacadas","Noticias"],"inLanguage":"en-US","potentialAction":[{"@type":"CommentAction","name":"Comment","target":["https:\/\/www.ingenieriaindustrial-usach.cl\/noticias\/academico-de-ingenieria-industrial-usach-dr-pedro-palominos-reflexiona-sobre-el-paseo-bandera-y-el-desafio-de-la-ciudad-inteligente\/#respond"]}]},{"@type":"WebPage","@id":"https:\/\/www.ingenieriaindustrial-usach.cl\/noticias\/academico-de-ingenieria-industrial-usach-dr-pedro-palominos-reflexiona-sobre-el-paseo-bandera-y-el-desafio-de-la-ciudad-inteligente\/","url":"https:\/\/www.ingenieriaindustrial-usach.cl\/noticias\/academico-de-ingenieria-industrial-usach-dr-pedro-palominos-reflexiona-sobre-el-paseo-bandera-y-el-desafio-de-la-ciudad-inteligente\/","name":"[:es] Acad\u00e9mico de Ingenier\u00eda Industrial USACH Dr. Pedro Palominos reflexiona sobre el Paseo Bandera y el desaf\u00edo de la \u201cciudad inteligente\u201d[:en]Acad\u00e9mico de Ingenier\u00eda Industrial USACH Dr. Pedro Palominos reflexiona sobre el Paseo Bandera y el desaf\u00edo de la \u201cciudad inteligente\u201d[:] - Departamento de Ingenier\u00eda Industrial Universidad de Santiago","isPartOf":{"@id":"https:\/\/www.ingenieriaindustrial-usach.cl\/#website"},"primaryImageOfPage":{"@id":"https:\/\/www.ingenieriaindustrial-usach.cl\/noticias\/academico-de-ingenieria-industrial-usach-dr-pedro-palominos-reflexiona-sobre-el-paseo-bandera-y-el-desafio-de-la-ciudad-inteligente\/#primaryimage"},"image":{"@id":"https:\/\/www.ingenieriaindustrial-usach.cl\/noticias\/academico-de-ingenieria-industrial-usach-dr-pedro-palominos-reflexiona-sobre-el-paseo-bandera-y-el-desafio-de-la-ciudad-inteligente\/#primaryimage"},"thumbnailUrl":"https:\/\/www.ingenieriaindustrial-usach.cl\/wp-content\/uploads\/2026\/03\/d1.png","datePublished":"2026-03-05T13:00:06+00:00","dateModified":"2026-03-05T12:47:47+00:00","breadcrumb":{"@id":"https:\/\/www.ingenieriaindustrial-usach.cl\/noticias\/academico-de-ingenieria-industrial-usach-dr-pedro-palominos-reflexiona-sobre-el-paseo-bandera-y-el-desafio-de-la-ciudad-inteligente\/#breadcrumb"},"inLanguage":"en-US","potentialAction":[{"@type":"ReadAction","target":["https:\/\/www.ingenieriaindustrial-usach.cl\/noticias\/academico-de-ingenieria-industrial-usach-dr-pedro-palominos-reflexiona-sobre-el-paseo-bandera-y-el-desafio-de-la-ciudad-inteligente\/"]}]},{"@type":"ImageObject","inLanguage":"en-US","@id":"https:\/\/www.ingenieriaindustrial-usach.cl\/noticias\/academico-de-ingenieria-industrial-usach-dr-pedro-palominos-reflexiona-sobre-el-paseo-bandera-y-el-desafio-de-la-ciudad-inteligente\/#primaryimage","url":"https:\/\/www.ingenieriaindustrial-usach.cl\/wp-content\/uploads\/2026\/03\/d1.png","contentUrl":"https:\/\/www.ingenieriaindustrial-usach.cl\/wp-content\/uploads\/2026\/03\/d1.png","width":1600,"height":1200},{"@type":"BreadcrumbList","@id":"https:\/\/www.ingenieriaindustrial-usach.cl\/noticias\/academico-de-ingenieria-industrial-usach-dr-pedro-palominos-reflexiona-sobre-el-paseo-bandera-y-el-desafio-de-la-ciudad-inteligente\/#breadcrumb","itemListElement":[{"@type":"ListItem","position":1,"name":"Portada","item":"https:\/\/www.ingenieriaindustrial-usach.cl\/"},{"@type":"ListItem","position":2,"name":"Acad\u00e9mico de Ingenier\u00eda Industrial USACH Dr. Pedro Palominos reflexiona sobre el Paseo Bandera y el desaf\u00edo de la \u201cciudad inteligente\u201d"}]},{"@type":"WebSite","@id":"https:\/\/www.ingenieriaindustrial-usach.cl\/#website","url":"https:\/\/www.ingenieriaindustrial-usach.cl\/","name":"Departamento de Ingenier\u00eda Industrial Universidad de Santiago","description":"Otro sitio realizado con WordPress","publisher":{"@id":"https:\/\/www.ingenieriaindustrial-usach.cl\/#organization"},"potentialAction":[{"@type":"SearchAction","target":{"@type":"EntryPoint","urlTemplate":"https:\/\/www.ingenieriaindustrial-usach.cl\/?s={search_term_string}"},"query-input":"required name=search_term_string"}],"inLanguage":"en-US"},{"@type":"Organization","@id":"https:\/\/www.ingenieriaindustrial-usach.cl\/#organization","name":"Departamento de Ingenier\u00eda Industrial Universidad de Santiago","url":"https:\/\/www.ingenieriaindustrial-usach.cl\/","logo":{"@type":"ImageObject","inLanguage":"en-US","@id":"https:\/\/www.ingenieriaindustrial-usach.cl\/#\/schema\/logo\/image\/","url":"https:\/\/www.ingenieriaindustrial-usach.cl\/wp-content\/uploads\/2023\/11\/cropped-favicon_usach-01.png","contentUrl":"https:\/\/www.ingenieriaindustrial-usach.cl\/wp-content\/uploads\/2023\/11\/cropped-favicon_usach-01.png","width":512,"height":512,"caption":"Departamento de Ingenier\u00eda Industrial Universidad de Santiago"},"image":{"@id":"https:\/\/www.ingenieriaindustrial-usach.cl\/#\/schema\/logo\/image\/"},"sameAs":["https:\/\/web.facebook.com\/Depto.Ingenieria.industrial.UdeSantiagodeChile?_rdc=1&_rdr","https:\/\/www.linkedin.com\/in\/departamento-ingeniera-industrial-usach-94780711b\/","https:\/\/www.instagram.com\/ingenieria_industrial_usach\/"]},{"@type":"Person","@id":"https:\/\/www.ingenieriaindustrial-usach.cl\/#\/schema\/person\/2c3b5a1e7f7c844415eb926003bec7f0","name":"Antonia Reyes Ferreira","image":{"@type":"ImageObject","inLanguage":"en-US","@id":"https:\/\/www.ingenieriaindustrial-usach.cl\/#\/schema\/person\/image\/","url":"https:\/\/www.ingenieriaindustrial-usach.cl\/wp-content\/litespeed\/avatar\/07b400358d4245baeb6cd734acfaceb8.jpg?ver=1776873691","contentUrl":"https:\/\/www.ingenieriaindustrial-usach.cl\/wp-content\/litespeed\/avatar\/07b400358d4245baeb6cd734acfaceb8.jpg?ver=1776873691","caption":"Antonia Reyes Ferreira"},"url":"https:\/\/www.ingenieriaindustrial-usach.cl\/en\/author\/antonia\/"}]}},"_links":{"self":[{"href":"https:\/\/www.ingenieriaindustrial-usach.cl\/en\/wp-json\/wp\/v2\/posts\/23703"}],"collection":[{"href":"https:\/\/www.ingenieriaindustrial-usach.cl\/en\/wp-json\/wp\/v2\/posts"}],"about":[{"href":"https:\/\/www.ingenieriaindustrial-usach.cl\/en\/wp-json\/wp\/v2\/types\/post"}],"author":[{"embeddable":true,"href":"https:\/\/www.ingenieriaindustrial-usach.cl\/en\/wp-json\/wp\/v2\/users\/5881"}],"replies":[{"embeddable":true,"href":"https:\/\/www.ingenieriaindustrial-usach.cl\/en\/wp-json\/wp\/v2\/comments?post=23703"}],"version-history":[{"count":2,"href":"https:\/\/www.ingenieriaindustrial-usach.cl\/en\/wp-json\/wp\/v2\/posts\/23703\/revisions"}],"predecessor-version":[{"id":23706,"href":"https:\/\/www.ingenieriaindustrial-usach.cl\/en\/wp-json\/wp\/v2\/posts\/23703\/revisions\/23706"}],"wp:featuredmedia":[{"embeddable":true,"href":"https:\/\/www.ingenieriaindustrial-usach.cl\/en\/wp-json\/wp\/v2\/media\/23704"}],"wp:attachment":[{"href":"https:\/\/www.ingenieriaindustrial-usach.cl\/en\/wp-json\/wp\/v2\/media?parent=23703"}],"wp:term":[{"taxonomy":"category","embeddable":true,"href":"https:\/\/www.ingenieriaindustrial-usach.cl\/en\/wp-json\/wp\/v2\/categories?post=23703"},{"taxonomy":"post_tag","embeddable":true,"href":"https:\/\/www.ingenieriaindustrial-usach.cl\/en\/wp-json\/wp\/v2\/tags?post=23703"},{"taxonomy":"tipo","embeddable":true,"href":"https:\/\/www.ingenieriaindustrial-usach.cl\/en\/wp-json\/wp\/v2\/tipo?post=23703"}],"curies":[{"name":"wp","href":"https:\/\/api.w.org\/{rel}","templated":true}]}}