{"id":23474,"date":"2025-12-29T10:59:15","date_gmt":"2025-12-29T13:59:15","guid":{"rendered":"https:\/\/www.ingenieriaindustrial-usach.cl\/?p=23474"},"modified":"2025-12-29T10:59:15","modified_gmt":"2025-12-29T13:59:15","slug":"departamento-de-ingenieria-industrial-fortalece-vinculos-internacionales-con-visita-de-academicos-y-academicas-del-tecnologico-de-monterrey","status":"publish","type":"post","link":"https:\/\/www.ingenieriaindustrial-usach.cl\/en\/noticias\/departamento-de-ingenieria-industrial-fortalece-vinculos-internacionales-con-visita-de-academicos-y-academicas-del-tecnologico-de-monterrey\/","title":{"rendered":"Departamento de Ingenier\u00eda Industrial fortalece v\u00ednculos internacionales con visita de acad\u00e9micos y acad\u00e9micas del Tecnol\u00f3gico de Monterrey"},"content":{"rendered":"<p style=\"text-align: justify;\"><span style=\"font-family: helvetica; font-size: 17px; color: #000000;\">El pasado 9 de diciembre de 2025, el Departamento de Ingenier\u00eda Industrial, recibi\u00f3 la visita de acad\u00e9micos y acad\u00e9micas del Tecnol\u00f3gico de Monterrey, con el objetivo de fortalecer v\u00ednculos acad\u00e9micos y explorar nuevas oportunidades de colaboraci\u00f3n en investigaci\u00f3n y formaci\u00f3n avanzada.<\/span><\/p>\n<p style=\"text-align: justify;\"><span style=\"font-family: helvetica; font-size: 17px; color: #000000;\">La visita se enmarca en una relaci\u00f3n de colaboraci\u00f3n previa entre ambas instituciones, particularmente con la acad\u00e9mica Dra. Yasm\u00edn R\u00edos Sol\u00eds. Esta visita tuvo como prop\u00f3sito principal ampliar esta red de trabajo mediante la exploraci\u00f3n de postulaciones conjuntas a concursos internacionales de investigaci\u00f3n, as\u00ed como el desarrollo de iniciativas colaborativas de mayor alcance.<\/span><\/p>\n<p style=\"text-align: justify;\"><span style=\"font-family: helvetica; font-size: 17px; color: #000000;\">Seg\u00fan explic\u00f3 la Dra. Andrea Espinoza, Directora del Mag\u00edster en Ciencias de la Ingenier\u00eda menci\u00f3n Ingenier\u00eda Industrial, el encuentro permiti\u00f3 generar un espacio de di\u00e1logo presencial que facilit\u00f3 el intercambio de experiencias, l\u00edneas de investigaci\u00f3n y motivaciones acad\u00e9micas. \u201cLa instancia nos permiti\u00f3 conocernos mejor, compartir nuestros intereses y visualizar oportunidades concretas de investigaci\u00f3n conjunta, especialmente en \u00e1reas como optimizaci\u00f3n, transporte, energ\u00eda y electromovilidad\u201d, se\u00f1al\u00f3.<\/span><\/p>\n<p style=\"text-align: justify;\"><span style=\"font-family: helvetica; font-size: 17px; color: #000000;\">En la jornada participaron la Dra. Luisa Fernanda Chaparro, experta en simulaciones de tr\u00e1fico y gemelos digitales; el Dr. Jos\u00e9 Ignacio Huertas, especialista en emisiones vehiculares, energ\u00eda y combusti\u00f3n, adem\u00e1s de l\u00edder del Sustainable Energy Research Group; y la Dra. Yasm\u00edn R\u00edos Sol\u00eds, experta en transporte p\u00fablico y optimizaci\u00f3n combinatoria, todos pertenecientes al Tecnol\u00f3gico de Monterrey.<\/span><\/p>\n<p style=\"text-align: justify;\"><span style=\"font-family: helvetica; font-size: 17px; color: #000000;\">Durante la visita se abordaron tem\u00e1ticas asociadas a la optimizaci\u00f3n de procesos de transporte, la transici\u00f3n hacia la electromovilidad, la carbono neutralidad y el dise\u00f1o de pol\u00edticas p\u00fablicas para sistemas de transporte sostenibles, junto con la proyecci\u00f3n de colaboraciones en investigaci\u00f3n aplicada y formaci\u00f3n de capital humano avanzado. Asimismo, se destac\u00f3 la relevancia de fortalecer los intercambios estudiantiles y las pasant\u00edas de investigaci\u00f3n, considerando experiencias previas de movilidad acad\u00e9mica, e incluyendo un recorrido por las dependencias de la universidad para identificar \u00e1reas y equipos que puedan actuar como puntos de contacto institucional para futuras colaboraciones con el Tecnol\u00f3gico de Monterrey.<\/span><\/p>\n<p style=\"text-align: justify;\"><span style=\"font-family: helvetica; font-size: 17px; color: #000000;\">Este encuentro reafirma el compromiso del Departamento de Ingenier\u00eda Industrial con la internacionalizaci\u00f3n, la investigaci\u00f3n colaborativa y el fortalecimiento de redes acad\u00e9micas que contribuyan al desarrollo de soluciones innovadoras frente a los desaf\u00edos globales en energ\u00eda, transporte y sostenibilidad.<\/span><\/p>\n","protected":false},"excerpt":{"rendered":"<p>El pasado 9 de diciembre de 2025, el Departamento de Ingenier\u00eda Industrial, recibi\u00f3 la visita de acad\u00e9micos y acad\u00e9micas del Tecnol\u00f3gico de Monterrey, con el objetivo de fortalecer v\u00ednculos acad\u00e9micos y explorar nuevas oportunidades de colaboraci\u00f3n en investigaci\u00f3n y formaci\u00f3n avanzada. La visita se enmarca en una relaci\u00f3n de colaboraci\u00f3n &hellip; <a class=\"readmore\" href=\"https:\/\/www.ingenieriaindustrial-usach.cl\/en\/noticias\/departamento-de-ingenieria-industrial-fortalece-vinculos-internacionales-con-visita-de-academicos-y-academicas-del-tecnologico-de-monterrey\/\">Seguir Leyendo <span class=\"meta-nav\">&rarr;<\/span><\/a><\/p>\n","protected":false},"author":5881,"featured_media":23475,"comment_status":"open","ping_status":"open","sticky":false,"template":"","format":"standard","meta":{"footnotes":"","_links_to":"","_links_to_target":""},"categories":[3,1],"tags":[],"tipo":[],"yoast_head":"<!-- This site is optimized with the Yoast SEO plugin v23.0 - https:\/\/yoast.com\/wordpress\/plugins\/seo\/ -->\n<title>Departamento de Ingenier\u00eda Industrial fortalece v\u00ednculos internacionales con visita de acad\u00e9micos y acad\u00e9micas del Tecnol\u00f3gico de Monterrey - Departamento de Ingenier\u00eda Industrial Universidad de Santiago<\/title>\n<meta name=\"robots\" content=\"index, follow, max-snippet:-1, max-image-preview:large, max-video-preview:-1\" \/>\n<link rel=\"canonical\" href=\"https:\/\/www.ingenieriaindustrial-usach.cl\/noticias\/departamento-de-ingenieria-industrial-fortalece-vinculos-internacionales-con-visita-de-academicos-y-academicas-del-tecnologico-de-monterrey\/\" \/>\n<meta property=\"og:locale\" content=\"en_US\" \/>\n<meta property=\"og:type\" content=\"article\" \/>\n<meta property=\"og:title\" content=\"Departamento de Ingenier\u00eda Industrial fortalece v\u00ednculos internacionales con visita de acad\u00e9micos y acad\u00e9micas del Tecnol\u00f3gico de Monterrey - Departamento de Ingenier\u00eda Industrial Universidad de Santiago\" \/>\n<meta property=\"og:description\" content=\"El pasado 9 de diciembre de 2025, el Departamento de Ingenier\u00eda Industrial, recibi\u00f3 la visita de acad\u00e9micos y acad\u00e9micas del Tecnol\u00f3gico de Monterrey, con el objetivo de fortalecer v\u00ednculos acad\u00e9micos y explorar nuevas oportunidades de colaboraci\u00f3n en investigaci\u00f3n y formaci\u00f3n avanzada. La visita se enmarca en una relaci\u00f3n de colaboraci\u00f3n &hellip; Seguir Leyendo &rarr;\" \/>\n<meta property=\"og:url\" content=\"https:\/\/www.ingenieriaindustrial-usach.cl\/noticias\/departamento-de-ingenieria-industrial-fortalece-vinculos-internacionales-con-visita-de-academicos-y-academicas-del-tecnologico-de-monterrey\/\" \/>\n<meta property=\"og:site_name\" content=\"Departamento de Ingenier\u00eda Industrial Universidad de Santiago\" \/>\n<meta property=\"article:publisher\" content=\"https:\/\/web.facebook.com\/Depto.Ingenieria.industrial.UdeSantiagodeChile?_rdc=1&amp;_rdr\" \/>\n<meta property=\"article:published_time\" content=\"2025-12-29T13:59:15+00:00\" \/>\n<meta property=\"og:image\" content=\"https:\/\/www.ingenieriaindustrial-usach.cl\/wp-content\/uploads\/2025\/12\/porfe-mexico-web.jpg\" \/>\n\t<meta property=\"og:image:width\" content=\"1600\" \/>\n\t<meta property=\"og:image:height\" content=\"1200\" \/>\n\t<meta property=\"og:image:type\" content=\"image\/jpeg\" \/>\n<meta name=\"author\" content=\"Antonia Reyes Ferreira\" \/>\n<meta name=\"twitter:card\" content=\"summary_large_image\" \/>\n<meta name=\"twitter:label1\" content=\"Written by\" \/>\n\t<meta name=\"twitter:data1\" content=\"Antonia Reyes Ferreira\" \/>\n\t<meta name=\"twitter:label2\" content=\"Est. reading time\" \/>\n\t<meta name=\"twitter:data2\" content=\"2 minutes\" \/>\n<script type=\"application\/ld+json\" class=\"yoast-schema-graph\">{\"@context\":\"https:\/\/schema.org\",\"@graph\":[{\"@type\":\"Article\",\"@id\":\"https:\/\/www.ingenieriaindustrial-usach.cl\/noticias\/departamento-de-ingenieria-industrial-fortalece-vinculos-internacionales-con-visita-de-academicos-y-academicas-del-tecnologico-de-monterrey\/#article\",\"isPartOf\":{\"@id\":\"https:\/\/www.ingenieriaindustrial-usach.cl\/noticias\/departamento-de-ingenieria-industrial-fortalece-vinculos-internacionales-con-visita-de-academicos-y-academicas-del-tecnologico-de-monterrey\/\"},\"author\":{\"name\":\"Antonia Reyes Ferreira\",\"@id\":\"https:\/\/www.ingenieriaindustrial-usach.cl\/#\/schema\/person\/2c3b5a1e7f7c844415eb926003bec7f0\"},\"headline\":\"Departamento de Ingenier\u00eda Industrial fortalece v\u00ednculos internacionales con visita de acad\u00e9micos y acad\u00e9micas del Tecnol\u00f3gico de Monterrey\",\"datePublished\":\"2025-12-29T13:59:15+00:00\",\"dateModified\":\"2025-12-29T13:59:15+00:00\",\"mainEntityOfPage\":{\"@id\":\"https:\/\/www.ingenieriaindustrial-usach.cl\/noticias\/departamento-de-ingenieria-industrial-fortalece-vinculos-internacionales-con-visita-de-academicos-y-academicas-del-tecnologico-de-monterrey\/\"},\"wordCount\":434,\"commentCount\":0,\"publisher\":{\"@id\":\"https:\/\/www.ingenieriaindustrial-usach.cl\/#organization\"},\"image\":{\"@id\":\"https:\/\/www.ingenieriaindustrial-usach.cl\/noticias\/departamento-de-ingenieria-industrial-fortalece-vinculos-internacionales-con-visita-de-academicos-y-academicas-del-tecnologico-de-monterrey\/#primaryimage\"},\"thumbnailUrl\":\"https:\/\/www.ingenieriaindustrial-usach.cl\/wp-content\/uploads\/2025\/12\/porfe-mexico-web.jpg\",\"articleSection\":[\"Destacadas\",\"Noticias\"],\"inLanguage\":\"en-US\",\"potentialAction\":[{\"@type\":\"CommentAction\",\"name\":\"Comment\",\"target\":[\"https:\/\/www.ingenieriaindustrial-usach.cl\/noticias\/departamento-de-ingenieria-industrial-fortalece-vinculos-internacionales-con-visita-de-academicos-y-academicas-del-tecnologico-de-monterrey\/#respond\"]}]},{\"@type\":\"WebPage\",\"@id\":\"https:\/\/www.ingenieriaindustrial-usach.cl\/noticias\/departamento-de-ingenieria-industrial-fortalece-vinculos-internacionales-con-visita-de-academicos-y-academicas-del-tecnologico-de-monterrey\/\",\"url\":\"https:\/\/www.ingenieriaindustrial-usach.cl\/noticias\/departamento-de-ingenieria-industrial-fortalece-vinculos-internacionales-con-visita-de-academicos-y-academicas-del-tecnologico-de-monterrey\/\",\"name\":\"Departamento de Ingenier\u00eda Industrial fortalece v\u00ednculos internacionales con visita de acad\u00e9micos y acad\u00e9micas del Tecnol\u00f3gico de Monterrey - Departamento de Ingenier\u00eda Industrial Universidad de Santiago\",\"isPartOf\":{\"@id\":\"https:\/\/www.ingenieriaindustrial-usach.cl\/#website\"},\"primaryImageOfPage\":{\"@id\":\"https:\/\/www.ingenieriaindustrial-usach.cl\/noticias\/departamento-de-ingenieria-industrial-fortalece-vinculos-internacionales-con-visita-de-academicos-y-academicas-del-tecnologico-de-monterrey\/#primaryimage\"},\"image\":{\"@id\":\"https:\/\/www.ingenieriaindustrial-usach.cl\/noticias\/departamento-de-ingenieria-industrial-fortalece-vinculos-internacionales-con-visita-de-academicos-y-academicas-del-tecnologico-de-monterrey\/#primaryimage\"},\"thumbnailUrl\":\"https:\/\/www.ingenieriaindustrial-usach.cl\/wp-content\/uploads\/2025\/12\/porfe-mexico-web.jpg\",\"datePublished\":\"2025-12-29T13:59:15+00:00\",\"dateModified\":\"2025-12-29T13:59:15+00:00\",\"breadcrumb\":{\"@id\":\"https:\/\/www.ingenieriaindustrial-usach.cl\/noticias\/departamento-de-ingenieria-industrial-fortalece-vinculos-internacionales-con-visita-de-academicos-y-academicas-del-tecnologico-de-monterrey\/#breadcrumb\"},\"inLanguage\":\"en-US\",\"potentialAction\":[{\"@type\":\"ReadAction\",\"target\":[\"https:\/\/www.ingenieriaindustrial-usach.cl\/noticias\/departamento-de-ingenieria-industrial-fortalece-vinculos-internacionales-con-visita-de-academicos-y-academicas-del-tecnologico-de-monterrey\/\"]}]},{\"@type\":\"ImageObject\",\"inLanguage\":\"en-US\",\"@id\":\"https:\/\/www.ingenieriaindustrial-usach.cl\/noticias\/departamento-de-ingenieria-industrial-fortalece-vinculos-internacionales-con-visita-de-academicos-y-academicas-del-tecnologico-de-monterrey\/#primaryimage\",\"url\":\"https:\/\/www.ingenieriaindustrial-usach.cl\/wp-content\/uploads\/2025\/12\/porfe-mexico-web.jpg\",\"contentUrl\":\"https:\/\/www.ingenieriaindustrial-usach.cl\/wp-content\/uploads\/2025\/12\/porfe-mexico-web.jpg\",\"width\":1600,\"height\":1200},{\"@type\":\"BreadcrumbList\",\"@id\":\"https:\/\/www.ingenieriaindustrial-usach.cl\/noticias\/departamento-de-ingenieria-industrial-fortalece-vinculos-internacionales-con-visita-de-academicos-y-academicas-del-tecnologico-de-monterrey\/#breadcrumb\",\"itemListElement\":[{\"@type\":\"ListItem\",\"position\":1,\"name\":\"Portada\",\"item\":\"https:\/\/www.ingenieriaindustrial-usach.cl\/\"},{\"@type\":\"ListItem\",\"position\":2,\"name\":\"Departamento de Ingenier\u00eda Industrial fortalece v\u00ednculos internacionales con visita de acad\u00e9micos y acad\u00e9micas del Tecnol\u00f3gico de Monterrey\"}]},{\"@type\":\"WebSite\",\"@id\":\"https:\/\/www.ingenieriaindustrial-usach.cl\/#website\",\"url\":\"https:\/\/www.ingenieriaindustrial-usach.cl\/\",\"name\":\"Departamento de Ingenier\u00eda Industrial Universidad de Santiago\",\"description\":\"Otro sitio realizado con WordPress\",\"publisher\":{\"@id\":\"https:\/\/www.ingenieriaindustrial-usach.cl\/#organization\"},\"potentialAction\":[{\"@type\":\"SearchAction\",\"target\":{\"@type\":\"EntryPoint\",\"urlTemplate\":\"https:\/\/www.ingenieriaindustrial-usach.cl\/?s={search_term_string}\"},\"query-input\":\"required name=search_term_string\"}],\"inLanguage\":\"en-US\"},{\"@type\":\"Organization\",\"@id\":\"https:\/\/www.ingenieriaindustrial-usach.cl\/#organization\",\"name\":\"Departamento de Ingenier\u00eda Industrial Universidad de Santiago\",\"url\":\"https:\/\/www.ingenieriaindustrial-usach.cl\/\",\"logo\":{\"@type\":\"ImageObject\",\"inLanguage\":\"en-US\",\"@id\":\"https:\/\/www.ingenieriaindustrial-usach.cl\/#\/schema\/logo\/image\/\",\"url\":\"https:\/\/www.ingenieriaindustrial-usach.cl\/wp-content\/uploads\/2023\/11\/cropped-favicon_usach-01.png\",\"contentUrl\":\"https:\/\/www.ingenieriaindustrial-usach.cl\/wp-content\/uploads\/2023\/11\/cropped-favicon_usach-01.png\",\"width\":512,\"height\":512,\"caption\":\"Departamento de Ingenier\u00eda Industrial Universidad de Santiago\"},\"image\":{\"@id\":\"https:\/\/www.ingenieriaindustrial-usach.cl\/#\/schema\/logo\/image\/\"},\"sameAs\":[\"https:\/\/web.facebook.com\/Depto.Ingenieria.industrial.UdeSantiagodeChile?_rdc=1&_rdr\",\"https:\/\/www.linkedin.com\/in\/departamento-ingeniera-industrial-usach-94780711b\/\",\"https:\/\/www.instagram.com\/ingenieria_industrial_usach\/\"]},{\"@type\":\"Person\",\"@id\":\"https:\/\/www.ingenieriaindustrial-usach.cl\/#\/schema\/person\/2c3b5a1e7f7c844415eb926003bec7f0\",\"name\":\"Antonia Reyes Ferreira\",\"image\":{\"@type\":\"ImageObject\",\"inLanguage\":\"en-US\",\"@id\":\"https:\/\/www.ingenieriaindustrial-usach.cl\/#\/schema\/person\/image\/\",\"url\":\"https:\/\/www.ingenieriaindustrial-usach.cl\/wp-content\/litespeed\/avatar\/07b400358d4245baeb6cd734acfaceb8.jpg?ver=1776873691\",\"contentUrl\":\"https:\/\/www.ingenieriaindustrial-usach.cl\/wp-content\/litespeed\/avatar\/07b400358d4245baeb6cd734acfaceb8.jpg?ver=1776873691\",\"caption\":\"Antonia Reyes Ferreira\"},\"url\":\"https:\/\/www.ingenieriaindustrial-usach.cl\/en\/author\/antonia\/\"}]}<\/script>\n<!-- \/ Yoast SEO plugin. -->","yoast_head_json":{"title":"Departamento de Ingenier\u00eda Industrial fortalece v\u00ednculos internacionales con visita de acad\u00e9micos y acad\u00e9micas del Tecnol\u00f3gico de Monterrey - Departamento de Ingenier\u00eda Industrial Universidad de Santiago","robots":{"index":"index","follow":"follow","max-snippet":"max-snippet:-1","max-image-preview":"max-image-preview:large","max-video-preview":"max-video-preview:-1"},"canonical":"https:\/\/www.ingenieriaindustrial-usach.cl\/noticias\/departamento-de-ingenieria-industrial-fortalece-vinculos-internacionales-con-visita-de-academicos-y-academicas-del-tecnologico-de-monterrey\/","og_locale":"en_US","og_type":"article","og_title":"Departamento de Ingenier\u00eda Industrial fortalece v\u00ednculos internacionales con visita de acad\u00e9micos y acad\u00e9micas del Tecnol\u00f3gico de Monterrey - Departamento de Ingenier\u00eda Industrial Universidad de Santiago","og_description":"El pasado 9 de diciembre de 2025, el Departamento de Ingenier\u00eda Industrial, recibi\u00f3 la visita de acad\u00e9micos y acad\u00e9micas del Tecnol\u00f3gico de Monterrey, con el objetivo de fortalecer v\u00ednculos acad\u00e9micos y explorar nuevas oportunidades de colaboraci\u00f3n en investigaci\u00f3n y formaci\u00f3n avanzada. La visita se enmarca en una relaci\u00f3n de colaboraci\u00f3n &hellip; Seguir Leyendo &rarr;","og_url":"https:\/\/www.ingenieriaindustrial-usach.cl\/noticias\/departamento-de-ingenieria-industrial-fortalece-vinculos-internacionales-con-visita-de-academicos-y-academicas-del-tecnologico-de-monterrey\/","og_site_name":"Departamento de Ingenier\u00eda Industrial Universidad de Santiago","article_publisher":"https:\/\/web.facebook.com\/Depto.Ingenieria.industrial.UdeSantiagodeChile?_rdc=1&_rdr","article_published_time":"2025-12-29T13:59:15+00:00","og_image":[{"width":1600,"height":1200,"url":"https:\/\/www.ingenieriaindustrial-usach.cl\/wp-content\/uploads\/2025\/12\/porfe-mexico-web.jpg","type":"image\/jpeg"}],"author":"Antonia Reyes Ferreira","twitter_card":"summary_large_image","twitter_misc":{"Written by":"Antonia Reyes Ferreira","Est. reading time":"2 minutes"},"schema":{"@context":"https:\/\/schema.org","@graph":[{"@type":"Article","@id":"https:\/\/www.ingenieriaindustrial-usach.cl\/noticias\/departamento-de-ingenieria-industrial-fortalece-vinculos-internacionales-con-visita-de-academicos-y-academicas-del-tecnologico-de-monterrey\/#article","isPartOf":{"@id":"https:\/\/www.ingenieriaindustrial-usach.cl\/noticias\/departamento-de-ingenieria-industrial-fortalece-vinculos-internacionales-con-visita-de-academicos-y-academicas-del-tecnologico-de-monterrey\/"},"author":{"name":"Antonia Reyes Ferreira","@id":"https:\/\/www.ingenieriaindustrial-usach.cl\/#\/schema\/person\/2c3b5a1e7f7c844415eb926003bec7f0"},"headline":"Departamento de Ingenier\u00eda Industrial fortalece v\u00ednculos internacionales con visita de acad\u00e9micos y acad\u00e9micas del Tecnol\u00f3gico de Monterrey","datePublished":"2025-12-29T13:59:15+00:00","dateModified":"2025-12-29T13:59:15+00:00","mainEntityOfPage":{"@id":"https:\/\/www.ingenieriaindustrial-usach.cl\/noticias\/departamento-de-ingenieria-industrial-fortalece-vinculos-internacionales-con-visita-de-academicos-y-academicas-del-tecnologico-de-monterrey\/"},"wordCount":434,"commentCount":0,"publisher":{"@id":"https:\/\/www.ingenieriaindustrial-usach.cl\/#organization"},"image":{"@id":"https:\/\/www.ingenieriaindustrial-usach.cl\/noticias\/departamento-de-ingenieria-industrial-fortalece-vinculos-internacionales-con-visita-de-academicos-y-academicas-del-tecnologico-de-monterrey\/#primaryimage"},"thumbnailUrl":"https:\/\/www.ingenieriaindustrial-usach.cl\/wp-content\/uploads\/2025\/12\/porfe-mexico-web.jpg","articleSection":["Destacadas","Noticias"],"inLanguage":"en-US","potentialAction":[{"@type":"CommentAction","name":"Comment","target":["https:\/\/www.ingenieriaindustrial-usach.cl\/noticias\/departamento-de-ingenieria-industrial-fortalece-vinculos-internacionales-con-visita-de-academicos-y-academicas-del-tecnologico-de-monterrey\/#respond"]}]},{"@type":"WebPage","@id":"https:\/\/www.ingenieriaindustrial-usach.cl\/noticias\/departamento-de-ingenieria-industrial-fortalece-vinculos-internacionales-con-visita-de-academicos-y-academicas-del-tecnologico-de-monterrey\/","url":"https:\/\/www.ingenieriaindustrial-usach.cl\/noticias\/departamento-de-ingenieria-industrial-fortalece-vinculos-internacionales-con-visita-de-academicos-y-academicas-del-tecnologico-de-monterrey\/","name":"Departamento de Ingenier\u00eda Industrial fortalece v\u00ednculos internacionales con visita de acad\u00e9micos y acad\u00e9micas del Tecnol\u00f3gico de Monterrey - Departamento de Ingenier\u00eda Industrial Universidad de Santiago","isPartOf":{"@id":"https:\/\/www.ingenieriaindustrial-usach.cl\/#website"},"primaryImageOfPage":{"@id":"https:\/\/www.ingenieriaindustrial-usach.cl\/noticias\/departamento-de-ingenieria-industrial-fortalece-vinculos-internacionales-con-visita-de-academicos-y-academicas-del-tecnologico-de-monterrey\/#primaryimage"},"image":{"@id":"https:\/\/www.ingenieriaindustrial-usach.cl\/noticias\/departamento-de-ingenieria-industrial-fortalece-vinculos-internacionales-con-visita-de-academicos-y-academicas-del-tecnologico-de-monterrey\/#primaryimage"},"thumbnailUrl":"https:\/\/www.ingenieriaindustrial-usach.cl\/wp-content\/uploads\/2025\/12\/porfe-mexico-web.jpg","datePublished":"2025-12-29T13:59:15+00:00","dateModified":"2025-12-29T13:59:15+00:00","breadcrumb":{"@id":"https:\/\/www.ingenieriaindustrial-usach.cl\/noticias\/departamento-de-ingenieria-industrial-fortalece-vinculos-internacionales-con-visita-de-academicos-y-academicas-del-tecnologico-de-monterrey\/#breadcrumb"},"inLanguage":"en-US","potentialAction":[{"@type":"ReadAction","target":["https:\/\/www.ingenieriaindustrial-usach.cl\/noticias\/departamento-de-ingenieria-industrial-fortalece-vinculos-internacionales-con-visita-de-academicos-y-academicas-del-tecnologico-de-monterrey\/"]}]},{"@type":"ImageObject","inLanguage":"en-US","@id":"https:\/\/www.ingenieriaindustrial-usach.cl\/noticias\/departamento-de-ingenieria-industrial-fortalece-vinculos-internacionales-con-visita-de-academicos-y-academicas-del-tecnologico-de-monterrey\/#primaryimage","url":"https:\/\/www.ingenieriaindustrial-usach.cl\/wp-content\/uploads\/2025\/12\/porfe-mexico-web.jpg","contentUrl":"https:\/\/www.ingenieriaindustrial-usach.cl\/wp-content\/uploads\/2025\/12\/porfe-mexico-web.jpg","width":1600,"height":1200},{"@type":"BreadcrumbList","@id":"https:\/\/www.ingenieriaindustrial-usach.cl\/noticias\/departamento-de-ingenieria-industrial-fortalece-vinculos-internacionales-con-visita-de-academicos-y-academicas-del-tecnologico-de-monterrey\/#breadcrumb","itemListElement":[{"@type":"ListItem","position":1,"name":"Portada","item":"https:\/\/www.ingenieriaindustrial-usach.cl\/"},{"@type":"ListItem","position":2,"name":"Departamento de Ingenier\u00eda Industrial fortalece v\u00ednculos internacionales con visita de acad\u00e9micos y acad\u00e9micas del Tecnol\u00f3gico de Monterrey"}]},{"@type":"WebSite","@id":"https:\/\/www.ingenieriaindustrial-usach.cl\/#website","url":"https:\/\/www.ingenieriaindustrial-usach.cl\/","name":"Departamento de Ingenier\u00eda Industrial Universidad de Santiago","description":"Otro sitio realizado con WordPress","publisher":{"@id":"https:\/\/www.ingenieriaindustrial-usach.cl\/#organization"},"potentialAction":[{"@type":"SearchAction","target":{"@type":"EntryPoint","urlTemplate":"https:\/\/www.ingenieriaindustrial-usach.cl\/?s={search_term_string}"},"query-input":"required name=search_term_string"}],"inLanguage":"en-US"},{"@type":"Organization","@id":"https:\/\/www.ingenieriaindustrial-usach.cl\/#organization","name":"Departamento de Ingenier\u00eda Industrial Universidad de Santiago","url":"https:\/\/www.ingenieriaindustrial-usach.cl\/","logo":{"@type":"ImageObject","inLanguage":"en-US","@id":"https:\/\/www.ingenieriaindustrial-usach.cl\/#\/schema\/logo\/image\/","url":"https:\/\/www.ingenieriaindustrial-usach.cl\/wp-content\/uploads\/2023\/11\/cropped-favicon_usach-01.png","contentUrl":"https:\/\/www.ingenieriaindustrial-usach.cl\/wp-content\/uploads\/2023\/11\/cropped-favicon_usach-01.png","width":512,"height":512,"caption":"Departamento de Ingenier\u00eda Industrial Universidad de Santiago"},"image":{"@id":"https:\/\/www.ingenieriaindustrial-usach.cl\/#\/schema\/logo\/image\/"},"sameAs":["https:\/\/web.facebook.com\/Depto.Ingenieria.industrial.UdeSantiagodeChile?_rdc=1&_rdr","https:\/\/www.linkedin.com\/in\/departamento-ingeniera-industrial-usach-94780711b\/","https:\/\/www.instagram.com\/ingenieria_industrial_usach\/"]},{"@type":"Person","@id":"https:\/\/www.ingenieriaindustrial-usach.cl\/#\/schema\/person\/2c3b5a1e7f7c844415eb926003bec7f0","name":"Antonia Reyes Ferreira","image":{"@type":"ImageObject","inLanguage":"en-US","@id":"https:\/\/www.ingenieriaindustrial-usach.cl\/#\/schema\/person\/image\/","url":"https:\/\/www.ingenieriaindustrial-usach.cl\/wp-content\/litespeed\/avatar\/07b400358d4245baeb6cd734acfaceb8.jpg?ver=1776873691","contentUrl":"https:\/\/www.ingenieriaindustrial-usach.cl\/wp-content\/litespeed\/avatar\/07b400358d4245baeb6cd734acfaceb8.jpg?ver=1776873691","caption":"Antonia Reyes Ferreira"},"url":"https:\/\/www.ingenieriaindustrial-usach.cl\/en\/author\/antonia\/"}]}},"_links":{"self":[{"href":"https:\/\/www.ingenieriaindustrial-usach.cl\/en\/wp-json\/wp\/v2\/posts\/23474"}],"collection":[{"href":"https:\/\/www.ingenieriaindustrial-usach.cl\/en\/wp-json\/wp\/v2\/posts"}],"about":[{"href":"https:\/\/www.ingenieriaindustrial-usach.cl\/en\/wp-json\/wp\/v2\/types\/post"}],"author":[{"embeddable":true,"href":"https:\/\/www.ingenieriaindustrial-usach.cl\/en\/wp-json\/wp\/v2\/users\/5881"}],"replies":[{"embeddable":true,"href":"https:\/\/www.ingenieriaindustrial-usach.cl\/en\/wp-json\/wp\/v2\/comments?post=23474"}],"version-history":[{"count":1,"href":"https:\/\/www.ingenieriaindustrial-usach.cl\/en\/wp-json\/wp\/v2\/posts\/23474\/revisions"}],"predecessor-version":[{"id":23476,"href":"https:\/\/www.ingenieriaindustrial-usach.cl\/en\/wp-json\/wp\/v2\/posts\/23474\/revisions\/23476"}],"wp:featuredmedia":[{"embeddable":true,"href":"https:\/\/www.ingenieriaindustrial-usach.cl\/en\/wp-json\/wp\/v2\/media\/23475"}],"wp:attachment":[{"href":"https:\/\/www.ingenieriaindustrial-usach.cl\/en\/wp-json\/wp\/v2\/media?parent=23474"}],"wp:term":[{"taxonomy":"category","embeddable":true,"href":"https:\/\/www.ingenieriaindustrial-usach.cl\/en\/wp-json\/wp\/v2\/categories?post=23474"},{"taxonomy":"post_tag","embeddable":true,"href":"https:\/\/www.ingenieriaindustrial-usach.cl\/en\/wp-json\/wp\/v2\/tags?post=23474"},{"taxonomy":"tipo","embeddable":true,"href":"https:\/\/www.ingenieriaindustrial-usach.cl\/en\/wp-json\/wp\/v2\/tipo?post=23474"}],"curies":[{"name":"wp","href":"https:\/\/api.w.org\/{rel}","templated":true}]}}