{"id":23447,"date":"2025-12-19T11:02:09","date_gmt":"2025-12-19T14:02:09","guid":{"rendered":"https:\/\/www.ingenieriaindustrial-usach.cl\/?p=23447"},"modified":"2025-12-19T11:02:09","modified_gmt":"2025-12-19T14:02:09","slug":"dr-fabian-fuentes-academico-de-nuestro-departamento-aborda-rol-de-los-smr-en-la-matriz-energetica","status":"publish","type":"post","link":"https:\/\/www.ingenieriaindustrial-usach.cl\/en\/noticias\/destacadas\/dr-fabian-fuentes-academico-de-nuestro-departamento-aborda-rol-de-los-smr-en-la-matriz-energetica\/","title":{"rendered":"Dr. Fabian Fuentes, Acad\u00e9mico de nuestro Departamento aborda rol de los SMR en la matriz energ\u00e9tica"},"content":{"rendered":"<p><\/p>\n<p style=\"text-align: justify;\" data-start=\"95\" data-end=\"365\"><span style=\"font-family: helvetica; font-size: 17px; color: #000000;\">El acad\u00e9mico del Departamento de Ingenier\u00eda Industrial , Dr. Fabi\u00e1n Fuentes Gonz\u00e1lez, particip\u00f3 en el noticiero Canal 24 Horas, donde abord\u00f3 el potencial de los reactores modulares peque\u00f1os (SMR) como alternativa de generaci\u00f3n el\u00e9ctrica firme y baja en emisiones de carbono.<\/span><\/p>\n<p><div style=\"width: 854px;\" class=\"wp-video\"><video class=\"wp-video-shortcode\" id=\"video-23447-2\" width=\"854\" height=\"480\" preload=\"metadata\" controls=\"controls\"><source type=\"video\/mp4\" src=\"https:\/\/www.ingenieriaindustrial-usach.cl\/wp-content\/uploads\/2025\/12\/TTMGHIXCO52P5ZZJCBIHBBAMNU.mp4?_=2\" \/><a href=\"https:\/\/www.ingenieriaindustrial-usach.cl\/wp-content\/uploads\/2025\/12\/TTMGHIXCO52P5ZZJCBIHBBAMNU.mp4\">https:\/\/www.ingenieriaindustrial-usach.cl\/wp-content\/uploads\/2025\/12\/TTMGHIXCO52P5ZZJCBIHBBAMNU.mp4<\/a><\/video><\/div><\/p>","protected":false},"excerpt":{"rendered":"<p>El acad\u00e9mico del Departamento de Ingenier\u00eda Industrial , Dr. Fabi\u00e1n Fuentes Gonz\u00e1lez, particip\u00f3 en el noticiero Canal 24 Horas, donde abord\u00f3 el potencial de los reactores modulares peque\u00f1os (SMR) como alternativa de generaci\u00f3n el\u00e9ctrica firme y baja en emisiones de carbono.<\/p>\n","protected":false},"author":5881,"featured_media":23449,"comment_status":"open","ping_status":"open","sticky":false,"template":"","format":"standard","meta":{"footnotes":"","_links_to":"","_links_to_target":""},"categories":[3,1],"tags":[],"tipo":[],"yoast_head":"<!-- This site is optimized with the Yoast SEO plugin v23.0 - https:\/\/yoast.com\/wordpress\/plugins\/seo\/ -->\n<title>Dr. Fabian Fuentes, Acad\u00e9mico de nuestro Departamento aborda rol de los SMR en la matriz energ\u00e9tica - Departamento de Ingenier\u00eda Industrial Universidad de Santiago<\/title>\n<meta name=\"robots\" content=\"index, follow, max-snippet:-1, max-image-preview:large, max-video-preview:-1\" \/>\n<link rel=\"canonical\" href=\"https:\/\/www.ingenieriaindustrial-usach.cl\/noticias\/destacadas\/dr-fabian-fuentes-academico-de-nuestro-departamento-aborda-rol-de-los-smr-en-la-matriz-energetica\/\" \/>\n<meta property=\"og:locale\" content=\"en_US\" \/>\n<meta property=\"og:type\" content=\"article\" \/>\n<meta property=\"og:title\" content=\"Dr. Fabian Fuentes, Acad\u00e9mico de nuestro Departamento aborda rol de los SMR en la matriz energ\u00e9tica - Departamento de Ingenier\u00eda Industrial Universidad de Santiago\" \/>\n<meta property=\"og:description\" content=\"El acad\u00e9mico del Departamento de Ingenier\u00eda Industrial , Dr. Fabi\u00e1n Fuentes Gonz\u00e1lez, particip\u00f3 en el noticiero Canal 24 Horas, donde abord\u00f3 el potencial de los reactores modulares peque\u00f1os (SMR) como alternativa de generaci\u00f3n el\u00e9ctrica firme y baja en emisiones de carbono.\" \/>\n<meta property=\"og:url\" content=\"https:\/\/www.ingenieriaindustrial-usach.cl\/noticias\/destacadas\/dr-fabian-fuentes-academico-de-nuestro-departamento-aborda-rol-de-los-smr-en-la-matriz-energetica\/\" \/>\n<meta property=\"og:site_name\" content=\"Departamento de Ingenier\u00eda Industrial Universidad de Santiago\" \/>\n<meta property=\"article:publisher\" content=\"https:\/\/web.facebook.com\/Depto.Ingenieria.industrial.UdeSantiagodeChile?_rdc=1&amp;_rdr\" \/>\n<meta property=\"article:published_time\" content=\"2025-12-19T14:02:09+00:00\" \/>\n<meta property=\"og:image\" content=\"https:\/\/www.ingenieriaindustrial-usach.cl\/wp-content\/uploads\/2025\/12\/d1-1-1.jpg\" \/>\n\t<meta property=\"og:image:width\" content=\"1600\" \/>\n\t<meta property=\"og:image:height\" content=\"1200\" \/>\n\t<meta property=\"og:image:type\" content=\"image\/jpeg\" \/>\n<meta name=\"author\" content=\"Antonia Reyes Ferreira\" \/>\n<meta name=\"twitter:card\" content=\"summary_large_image\" \/>\n<meta name=\"twitter:label1\" content=\"Written by\" \/>\n\t<meta name=\"twitter:data1\" content=\"Antonia Reyes Ferreira\" \/>\n\t<meta name=\"twitter:label2\" content=\"Est. reading time\" \/>\n\t<meta name=\"twitter:data2\" content=\"1 minute\" \/>\n<script type=\"application\/ld+json\" class=\"yoast-schema-graph\">{\"@context\":\"https:\/\/schema.org\",\"@graph\":[{\"@type\":\"Article\",\"@id\":\"https:\/\/www.ingenieriaindustrial-usach.cl\/noticias\/destacadas\/dr-fabian-fuentes-academico-de-nuestro-departamento-aborda-rol-de-los-smr-en-la-matriz-energetica\/#article\",\"isPartOf\":{\"@id\":\"https:\/\/www.ingenieriaindustrial-usach.cl\/noticias\/destacadas\/dr-fabian-fuentes-academico-de-nuestro-departamento-aborda-rol-de-los-smr-en-la-matriz-energetica\/\"},\"author\":{\"name\":\"Antonia Reyes Ferreira\",\"@id\":\"https:\/\/www.ingenieriaindustrial-usach.cl\/#\/schema\/person\/2c3b5a1e7f7c844415eb926003bec7f0\"},\"headline\":\"Dr. Fabian Fuentes, Acad\u00e9mico de nuestro Departamento aborda rol de los SMR en la matriz energ\u00e9tica\",\"datePublished\":\"2025-12-19T14:02:09+00:00\",\"dateModified\":\"2025-12-19T14:02:09+00:00\",\"mainEntityOfPage\":{\"@id\":\"https:\/\/www.ingenieriaindustrial-usach.cl\/noticias\/destacadas\/dr-fabian-fuentes-academico-de-nuestro-departamento-aborda-rol-de-los-smr-en-la-matriz-energetica\/\"},\"wordCount\":142,\"commentCount\":0,\"publisher\":{\"@id\":\"https:\/\/www.ingenieriaindustrial-usach.cl\/#organization\"},\"image\":{\"@id\":\"https:\/\/www.ingenieriaindustrial-usach.cl\/noticias\/destacadas\/dr-fabian-fuentes-academico-de-nuestro-departamento-aborda-rol-de-los-smr-en-la-matriz-energetica\/#primaryimage\"},\"thumbnailUrl\":\"https:\/\/www.ingenieriaindustrial-usach.cl\/wp-content\/uploads\/2025\/12\/d1-1-1.jpg\",\"articleSection\":[\"Destacadas\",\"Noticias\"],\"inLanguage\":\"en-US\",\"potentialAction\":[{\"@type\":\"CommentAction\",\"name\":\"Comment\",\"target\":[\"https:\/\/www.ingenieriaindustrial-usach.cl\/noticias\/destacadas\/dr-fabian-fuentes-academico-de-nuestro-departamento-aborda-rol-de-los-smr-en-la-matriz-energetica\/#respond\"]}]},{\"@type\":\"WebPage\",\"@id\":\"https:\/\/www.ingenieriaindustrial-usach.cl\/noticias\/destacadas\/dr-fabian-fuentes-academico-de-nuestro-departamento-aborda-rol-de-los-smr-en-la-matriz-energetica\/\",\"url\":\"https:\/\/www.ingenieriaindustrial-usach.cl\/noticias\/destacadas\/dr-fabian-fuentes-academico-de-nuestro-departamento-aborda-rol-de-los-smr-en-la-matriz-energetica\/\",\"name\":\"Dr. Fabian Fuentes, Acad\u00e9mico de nuestro Departamento aborda rol de los SMR en la matriz energ\u00e9tica - Departamento de Ingenier\u00eda Industrial Universidad de Santiago\",\"isPartOf\":{\"@id\":\"https:\/\/www.ingenieriaindustrial-usach.cl\/#website\"},\"primaryImageOfPage\":{\"@id\":\"https:\/\/www.ingenieriaindustrial-usach.cl\/noticias\/destacadas\/dr-fabian-fuentes-academico-de-nuestro-departamento-aborda-rol-de-los-smr-en-la-matriz-energetica\/#primaryimage\"},\"image\":{\"@id\":\"https:\/\/www.ingenieriaindustrial-usach.cl\/noticias\/destacadas\/dr-fabian-fuentes-academico-de-nuestro-departamento-aborda-rol-de-los-smr-en-la-matriz-energetica\/#primaryimage\"},\"thumbnailUrl\":\"https:\/\/www.ingenieriaindustrial-usach.cl\/wp-content\/uploads\/2025\/12\/d1-1-1.jpg\",\"datePublished\":\"2025-12-19T14:02:09+00:00\",\"dateModified\":\"2025-12-19T14:02:09+00:00\",\"breadcrumb\":{\"@id\":\"https:\/\/www.ingenieriaindustrial-usach.cl\/noticias\/destacadas\/dr-fabian-fuentes-academico-de-nuestro-departamento-aborda-rol-de-los-smr-en-la-matriz-energetica\/#breadcrumb\"},\"inLanguage\":\"en-US\",\"potentialAction\":[{\"@type\":\"ReadAction\",\"target\":[\"https:\/\/www.ingenieriaindustrial-usach.cl\/noticias\/destacadas\/dr-fabian-fuentes-academico-de-nuestro-departamento-aborda-rol-de-los-smr-en-la-matriz-energetica\/\"]}]},{\"@type\":\"ImageObject\",\"inLanguage\":\"en-US\",\"@id\":\"https:\/\/www.ingenieriaindustrial-usach.cl\/noticias\/destacadas\/dr-fabian-fuentes-academico-de-nuestro-departamento-aborda-rol-de-los-smr-en-la-matriz-energetica\/#primaryimage\",\"url\":\"https:\/\/www.ingenieriaindustrial-usach.cl\/wp-content\/uploads\/2025\/12\/d1-1-1.jpg\",\"contentUrl\":\"https:\/\/www.ingenieriaindustrial-usach.cl\/wp-content\/uploads\/2025\/12\/d1-1-1.jpg\",\"width\":1600,\"height\":1200},{\"@type\":\"BreadcrumbList\",\"@id\":\"https:\/\/www.ingenieriaindustrial-usach.cl\/noticias\/destacadas\/dr-fabian-fuentes-academico-de-nuestro-departamento-aborda-rol-de-los-smr-en-la-matriz-energetica\/#breadcrumb\",\"itemListElement\":[{\"@type\":\"ListItem\",\"position\":1,\"name\":\"Portada\",\"item\":\"https:\/\/www.ingenieriaindustrial-usach.cl\/\"},{\"@type\":\"ListItem\",\"position\":2,\"name\":\"Dr. Fabian Fuentes, Acad\u00e9mico de nuestro Departamento aborda rol de los SMR en la matriz energ\u00e9tica\"}]},{\"@type\":\"WebSite\",\"@id\":\"https:\/\/www.ingenieriaindustrial-usach.cl\/#website\",\"url\":\"https:\/\/www.ingenieriaindustrial-usach.cl\/\",\"name\":\"Departamento de Ingenier\u00eda Industrial Universidad de Santiago\",\"description\":\"Otro sitio realizado con WordPress\",\"publisher\":{\"@id\":\"https:\/\/www.ingenieriaindustrial-usach.cl\/#organization\"},\"potentialAction\":[{\"@type\":\"SearchAction\",\"target\":{\"@type\":\"EntryPoint\",\"urlTemplate\":\"https:\/\/www.ingenieriaindustrial-usach.cl\/?s={search_term_string}\"},\"query-input\":\"required name=search_term_string\"}],\"inLanguage\":\"en-US\"},{\"@type\":\"Organization\",\"@id\":\"https:\/\/www.ingenieriaindustrial-usach.cl\/#organization\",\"name\":\"Departamento de Ingenier\u00eda Industrial Universidad de Santiago\",\"url\":\"https:\/\/www.ingenieriaindustrial-usach.cl\/\",\"logo\":{\"@type\":\"ImageObject\",\"inLanguage\":\"en-US\",\"@id\":\"https:\/\/www.ingenieriaindustrial-usach.cl\/#\/schema\/logo\/image\/\",\"url\":\"https:\/\/www.ingenieriaindustrial-usach.cl\/wp-content\/uploads\/2023\/11\/cropped-favicon_usach-01.png\",\"contentUrl\":\"https:\/\/www.ingenieriaindustrial-usach.cl\/wp-content\/uploads\/2023\/11\/cropped-favicon_usach-01.png\",\"width\":512,\"height\":512,\"caption\":\"Departamento de Ingenier\u00eda Industrial Universidad de Santiago\"},\"image\":{\"@id\":\"https:\/\/www.ingenieriaindustrial-usach.cl\/#\/schema\/logo\/image\/\"},\"sameAs\":[\"https:\/\/web.facebook.com\/Depto.Ingenieria.industrial.UdeSantiagodeChile?_rdc=1&_rdr\",\"https:\/\/www.linkedin.com\/in\/departamento-ingeniera-industrial-usach-94780711b\/\",\"https:\/\/www.instagram.com\/ingenieria_industrial_usach\/\"]},{\"@type\":\"Person\",\"@id\":\"https:\/\/www.ingenieriaindustrial-usach.cl\/#\/schema\/person\/2c3b5a1e7f7c844415eb926003bec7f0\",\"name\":\"Antonia Reyes Ferreira\",\"image\":{\"@type\":\"ImageObject\",\"inLanguage\":\"en-US\",\"@id\":\"https:\/\/www.ingenieriaindustrial-usach.cl\/#\/schema\/person\/image\/\",\"url\":\"https:\/\/www.ingenieriaindustrial-usach.cl\/wp-content\/litespeed\/avatar\/07b400358d4245baeb6cd734acfaceb8.jpg?ver=1776873691\",\"contentUrl\":\"https:\/\/www.ingenieriaindustrial-usach.cl\/wp-content\/litespeed\/avatar\/07b400358d4245baeb6cd734acfaceb8.jpg?ver=1776873691\",\"caption\":\"Antonia Reyes Ferreira\"},\"url\":\"https:\/\/www.ingenieriaindustrial-usach.cl\/en\/author\/antonia\/\"}]}<\/script>\n<!-- \/ Yoast SEO plugin. -->","yoast_head_json":{"title":"Dr. Fabian Fuentes, Acad\u00e9mico de nuestro Departamento aborda rol de los SMR en la matriz energ\u00e9tica - Departamento de Ingenier\u00eda Industrial Universidad de Santiago","robots":{"index":"index","follow":"follow","max-snippet":"max-snippet:-1","max-image-preview":"max-image-preview:large","max-video-preview":"max-video-preview:-1"},"canonical":"https:\/\/www.ingenieriaindustrial-usach.cl\/noticias\/destacadas\/dr-fabian-fuentes-academico-de-nuestro-departamento-aborda-rol-de-los-smr-en-la-matriz-energetica\/","og_locale":"en_US","og_type":"article","og_title":"Dr. Fabian Fuentes, Acad\u00e9mico de nuestro Departamento aborda rol de los SMR en la matriz energ\u00e9tica - Departamento de Ingenier\u00eda Industrial Universidad de Santiago","og_description":"El acad\u00e9mico del Departamento de Ingenier\u00eda Industrial , Dr. Fabi\u00e1n Fuentes Gonz\u00e1lez, particip\u00f3 en el noticiero Canal 24 Horas, donde abord\u00f3 el potencial de los reactores modulares peque\u00f1os (SMR) como alternativa de generaci\u00f3n el\u00e9ctrica firme y baja en emisiones de carbono.","og_url":"https:\/\/www.ingenieriaindustrial-usach.cl\/noticias\/destacadas\/dr-fabian-fuentes-academico-de-nuestro-departamento-aborda-rol-de-los-smr-en-la-matriz-energetica\/","og_site_name":"Departamento de Ingenier\u00eda Industrial Universidad de Santiago","article_publisher":"https:\/\/web.facebook.com\/Depto.Ingenieria.industrial.UdeSantiagodeChile?_rdc=1&_rdr","article_published_time":"2025-12-19T14:02:09+00:00","og_image":[{"width":1600,"height":1200,"url":"https:\/\/www.ingenieriaindustrial-usach.cl\/wp-content\/uploads\/2025\/12\/d1-1-1.jpg","type":"image\/jpeg"}],"author":"Antonia Reyes Ferreira","twitter_card":"summary_large_image","twitter_misc":{"Written by":"Antonia Reyes Ferreira","Est. reading time":"1 minute"},"schema":{"@context":"https:\/\/schema.org","@graph":[{"@type":"Article","@id":"https:\/\/www.ingenieriaindustrial-usach.cl\/noticias\/destacadas\/dr-fabian-fuentes-academico-de-nuestro-departamento-aborda-rol-de-los-smr-en-la-matriz-energetica\/#article","isPartOf":{"@id":"https:\/\/www.ingenieriaindustrial-usach.cl\/noticias\/destacadas\/dr-fabian-fuentes-academico-de-nuestro-departamento-aborda-rol-de-los-smr-en-la-matriz-energetica\/"},"author":{"name":"Antonia Reyes Ferreira","@id":"https:\/\/www.ingenieriaindustrial-usach.cl\/#\/schema\/person\/2c3b5a1e7f7c844415eb926003bec7f0"},"headline":"Dr. Fabian Fuentes, Acad\u00e9mico de nuestro Departamento aborda rol de los SMR en la matriz energ\u00e9tica","datePublished":"2025-12-19T14:02:09+00:00","dateModified":"2025-12-19T14:02:09+00:00","mainEntityOfPage":{"@id":"https:\/\/www.ingenieriaindustrial-usach.cl\/noticias\/destacadas\/dr-fabian-fuentes-academico-de-nuestro-departamento-aborda-rol-de-los-smr-en-la-matriz-energetica\/"},"wordCount":142,"commentCount":0,"publisher":{"@id":"https:\/\/www.ingenieriaindustrial-usach.cl\/#organization"},"image":{"@id":"https:\/\/www.ingenieriaindustrial-usach.cl\/noticias\/destacadas\/dr-fabian-fuentes-academico-de-nuestro-departamento-aborda-rol-de-los-smr-en-la-matriz-energetica\/#primaryimage"},"thumbnailUrl":"https:\/\/www.ingenieriaindustrial-usach.cl\/wp-content\/uploads\/2025\/12\/d1-1-1.jpg","articleSection":["Destacadas","Noticias"],"inLanguage":"en-US","potentialAction":[{"@type":"CommentAction","name":"Comment","target":["https:\/\/www.ingenieriaindustrial-usach.cl\/noticias\/destacadas\/dr-fabian-fuentes-academico-de-nuestro-departamento-aborda-rol-de-los-smr-en-la-matriz-energetica\/#respond"]}]},{"@type":"WebPage","@id":"https:\/\/www.ingenieriaindustrial-usach.cl\/noticias\/destacadas\/dr-fabian-fuentes-academico-de-nuestro-departamento-aborda-rol-de-los-smr-en-la-matriz-energetica\/","url":"https:\/\/www.ingenieriaindustrial-usach.cl\/noticias\/destacadas\/dr-fabian-fuentes-academico-de-nuestro-departamento-aborda-rol-de-los-smr-en-la-matriz-energetica\/","name":"Dr. Fabian Fuentes, Acad\u00e9mico de nuestro Departamento aborda rol de los SMR en la matriz energ\u00e9tica - Departamento de Ingenier\u00eda Industrial Universidad de Santiago","isPartOf":{"@id":"https:\/\/www.ingenieriaindustrial-usach.cl\/#website"},"primaryImageOfPage":{"@id":"https:\/\/www.ingenieriaindustrial-usach.cl\/noticias\/destacadas\/dr-fabian-fuentes-academico-de-nuestro-departamento-aborda-rol-de-los-smr-en-la-matriz-energetica\/#primaryimage"},"image":{"@id":"https:\/\/www.ingenieriaindustrial-usach.cl\/noticias\/destacadas\/dr-fabian-fuentes-academico-de-nuestro-departamento-aborda-rol-de-los-smr-en-la-matriz-energetica\/#primaryimage"},"thumbnailUrl":"https:\/\/www.ingenieriaindustrial-usach.cl\/wp-content\/uploads\/2025\/12\/d1-1-1.jpg","datePublished":"2025-12-19T14:02:09+00:00","dateModified":"2025-12-19T14:02:09+00:00","breadcrumb":{"@id":"https:\/\/www.ingenieriaindustrial-usach.cl\/noticias\/destacadas\/dr-fabian-fuentes-academico-de-nuestro-departamento-aborda-rol-de-los-smr-en-la-matriz-energetica\/#breadcrumb"},"inLanguage":"en-US","potentialAction":[{"@type":"ReadAction","target":["https:\/\/www.ingenieriaindustrial-usach.cl\/noticias\/destacadas\/dr-fabian-fuentes-academico-de-nuestro-departamento-aborda-rol-de-los-smr-en-la-matriz-energetica\/"]}]},{"@type":"ImageObject","inLanguage":"en-US","@id":"https:\/\/www.ingenieriaindustrial-usach.cl\/noticias\/destacadas\/dr-fabian-fuentes-academico-de-nuestro-departamento-aborda-rol-de-los-smr-en-la-matriz-energetica\/#primaryimage","url":"https:\/\/www.ingenieriaindustrial-usach.cl\/wp-content\/uploads\/2025\/12\/d1-1-1.jpg","contentUrl":"https:\/\/www.ingenieriaindustrial-usach.cl\/wp-content\/uploads\/2025\/12\/d1-1-1.jpg","width":1600,"height":1200},{"@type":"BreadcrumbList","@id":"https:\/\/www.ingenieriaindustrial-usach.cl\/noticias\/destacadas\/dr-fabian-fuentes-academico-de-nuestro-departamento-aborda-rol-de-los-smr-en-la-matriz-energetica\/#breadcrumb","itemListElement":[{"@type":"ListItem","position":1,"name":"Portada","item":"https:\/\/www.ingenieriaindustrial-usach.cl\/"},{"@type":"ListItem","position":2,"name":"Dr. Fabian Fuentes, Acad\u00e9mico de nuestro Departamento aborda rol de los SMR en la matriz energ\u00e9tica"}]},{"@type":"WebSite","@id":"https:\/\/www.ingenieriaindustrial-usach.cl\/#website","url":"https:\/\/www.ingenieriaindustrial-usach.cl\/","name":"Departamento de Ingenier\u00eda Industrial Universidad de Santiago","description":"Otro sitio realizado con WordPress","publisher":{"@id":"https:\/\/www.ingenieriaindustrial-usach.cl\/#organization"},"potentialAction":[{"@type":"SearchAction","target":{"@type":"EntryPoint","urlTemplate":"https:\/\/www.ingenieriaindustrial-usach.cl\/?s={search_term_string}"},"query-input":"required name=search_term_string"}],"inLanguage":"en-US"},{"@type":"Organization","@id":"https:\/\/www.ingenieriaindustrial-usach.cl\/#organization","name":"Departamento de Ingenier\u00eda Industrial Universidad de Santiago","url":"https:\/\/www.ingenieriaindustrial-usach.cl\/","logo":{"@type":"ImageObject","inLanguage":"en-US","@id":"https:\/\/www.ingenieriaindustrial-usach.cl\/#\/schema\/logo\/image\/","url":"https:\/\/www.ingenieriaindustrial-usach.cl\/wp-content\/uploads\/2023\/11\/cropped-favicon_usach-01.png","contentUrl":"https:\/\/www.ingenieriaindustrial-usach.cl\/wp-content\/uploads\/2023\/11\/cropped-favicon_usach-01.png","width":512,"height":512,"caption":"Departamento de Ingenier\u00eda Industrial Universidad de Santiago"},"image":{"@id":"https:\/\/www.ingenieriaindustrial-usach.cl\/#\/schema\/logo\/image\/"},"sameAs":["https:\/\/web.facebook.com\/Depto.Ingenieria.industrial.UdeSantiagodeChile?_rdc=1&_rdr","https:\/\/www.linkedin.com\/in\/departamento-ingeniera-industrial-usach-94780711b\/","https:\/\/www.instagram.com\/ingenieria_industrial_usach\/"]},{"@type":"Person","@id":"https:\/\/www.ingenieriaindustrial-usach.cl\/#\/schema\/person\/2c3b5a1e7f7c844415eb926003bec7f0","name":"Antonia Reyes Ferreira","image":{"@type":"ImageObject","inLanguage":"en-US","@id":"https:\/\/www.ingenieriaindustrial-usach.cl\/#\/schema\/person\/image\/","url":"https:\/\/www.ingenieriaindustrial-usach.cl\/wp-content\/litespeed\/avatar\/07b400358d4245baeb6cd734acfaceb8.jpg?ver=1776873691","contentUrl":"https:\/\/www.ingenieriaindustrial-usach.cl\/wp-content\/litespeed\/avatar\/07b400358d4245baeb6cd734acfaceb8.jpg?ver=1776873691","caption":"Antonia Reyes Ferreira"},"url":"https:\/\/www.ingenieriaindustrial-usach.cl\/en\/author\/antonia\/"}]}},"_links":{"self":[{"href":"https:\/\/www.ingenieriaindustrial-usach.cl\/en\/wp-json\/wp\/v2\/posts\/23447"}],"collection":[{"href":"https:\/\/www.ingenieriaindustrial-usach.cl\/en\/wp-json\/wp\/v2\/posts"}],"about":[{"href":"https:\/\/www.ingenieriaindustrial-usach.cl\/en\/wp-json\/wp\/v2\/types\/post"}],"author":[{"embeddable":true,"href":"https:\/\/www.ingenieriaindustrial-usach.cl\/en\/wp-json\/wp\/v2\/users\/5881"}],"replies":[{"embeddable":true,"href":"https:\/\/www.ingenieriaindustrial-usach.cl\/en\/wp-json\/wp\/v2\/comments?post=23447"}],"version-history":[{"count":1,"href":"https:\/\/www.ingenieriaindustrial-usach.cl\/en\/wp-json\/wp\/v2\/posts\/23447\/revisions"}],"predecessor-version":[{"id":23450,"href":"https:\/\/www.ingenieriaindustrial-usach.cl\/en\/wp-json\/wp\/v2\/posts\/23447\/revisions\/23450"}],"wp:featuredmedia":[{"embeddable":true,"href":"https:\/\/www.ingenieriaindustrial-usach.cl\/en\/wp-json\/wp\/v2\/media\/23449"}],"wp:attachment":[{"href":"https:\/\/www.ingenieriaindustrial-usach.cl\/en\/wp-json\/wp\/v2\/media?parent=23447"}],"wp:term":[{"taxonomy":"category","embeddable":true,"href":"https:\/\/www.ingenieriaindustrial-usach.cl\/en\/wp-json\/wp\/v2\/categories?post=23447"},{"taxonomy":"post_tag","embeddable":true,"href":"https:\/\/www.ingenieriaindustrial-usach.cl\/en\/wp-json\/wp\/v2\/tags?post=23447"},{"taxonomy":"tipo","embeddable":true,"href":"https:\/\/www.ingenieriaindustrial-usach.cl\/en\/wp-json\/wp\/v2\/tipo?post=23447"}],"curies":[{"name":"wp","href":"https:\/\/api.w.org\/{rel}","templated":true}]}}