{"id":22973,"date":"2025-12-03T13:41:57","date_gmt":"2025-12-03T16:41:57","guid":{"rendered":"https:\/\/www.ingenieriaindustrial-usach.cl\/?p=22973"},"modified":"2025-12-03T13:42:20","modified_gmt":"2025-12-03T16:42:20","slug":"participacion-del-dr-juan-pedro-sepulveda-en-medios-de-comunicacion-octubre-y-noviembre","status":"publish","type":"post","link":"https:\/\/www.ingenieriaindustrial-usach.cl\/en\/noticias\/participacion-del-dr-juan-pedro-sepulveda-en-medios-de-comunicacion-octubre-y-noviembre\/","title":{"rendered":"Participaci\u00f3n del Dr. Juan Pedro Sep\u00falveda en medios de comunicaci\u00f3n \u2013 Octubre y Noviembre"},"content":{"rendered":"<p style=\"text-align: justify;\"><span style=\"font-family: helvetica; font-size: 17px; color: #000000;\">Durante octubre y noviembre, el Dr. Juan Pedro Sep\u00falveda, acad\u00e9mico del Departamento de Ingenier\u00eda Industrial<\/span><span style=\"font-family: helvetica; font-size: 17px; color: #000000;\"> particip\u00f3 en diversos espacios informativos a nivel nacional, consolidando su rol como voz experta en temas de transporte, log\u00edstica e infraestructura.<\/span><br \/>\n<span style=\"font-family: helvetica; font-size: 17px; color: #000000;\">Sus intervenciones en noticieros de televisi\u00f3n y columnas de opini\u00f3n analizaron fen\u00f3menos actuales como la congesti\u00f3n vial, el desarrollo de nuevos enlaces urbanos, la implementaci\u00f3n de tecnolog\u00edas emergentes y la evoluci\u00f3n de la log\u00edstica ferroviaria en Chile. Revisa a continuaci\u00f3n el detalle de sus apariciones en medios.<\/span><\/p>\n<p><strong><span style=\"font-family: helvetica; font-size: 17px; color: #000000;\">\u201cFin a las multas del TAG: Aporte t\u00e9cnico a la discusi\u00f3n legislativa\u201d<\/span><\/strong><\/p>\n<p><span style=\"font-family: helvetica; font-size: 17px; color: #000000;\">Canal 13 (Teletrece).<\/span><\/p>\n<p><a href=\"https:\/\/www.litoralpress.cl\/paginaconsultas\/documentos\/Get_Multimedia.aspx?lpkey=UIZTVLKRNRH6EBKTUXWJUWFF2Q\"><span style=\"font-family: helvetica; font-size: 17px; color: #000000;\">Ver entrevista aqu\u00ed\u00a0<\/span><\/a><\/p>\n<p><strong><span style=\"font-family: helvetica; font-size: 17px; color: #000000;\">Columna de Opini\u00f3n: &#8220;El uso de IA en log\u00edstica ferroviaria&#8221;.<\/span><\/strong><\/p>\n<p><span style=\"font-family: helvetica; font-size: 17px; color: #000000;\">Agenda Log\u00edstica.<\/span><\/p>\n<p><a href=\"https:\/\/www.agendalogistica.cl\/cpi-ferroviario-infraestructura\/el-uso-de-ia-en-logistica-ferroviaria\/2024537\"><span style=\"font-family: helvetica; font-size: 17px; color: #000000;\">Leer aqu\u00ed<\/span><\/a><\/p>\n<p><strong><span style=\"font-family: helvetica; font-size: 17px; color: #000000;\">Bus el\u00e9ctrico de dos pisos choca contra un \u00e1rbol en Santiago.<\/span><\/strong><\/p>\n<p><span style=\"font-family: helvetica; font-size: 17px; color: #000000;\">Canal 13<\/span><\/p>\n<p><a href=\"https:\/\/www.youtube.com\/watch?v=jHKYYwY5tro\"><span style=\"font-family: helvetica; font-size: 17px; color: #000000;\">Ver aqu\u00ed<\/span><\/a><\/p>\n<p><strong><span style=\"font-family: helvetica; font-size: 17px; color: #000000;\">Hacia una planificaci\u00f3n en log\u00edstica.<\/span><\/strong><\/p>\n<p><span style=\"font-family: helvetica; font-size: 17px; color: #000000;\">Agenda Log\u00edstica<\/span><\/p>\n<p><a href=\"https:\/\/www.agendalogistica.cl\/ciudad-consejo-de-politicas-de-infraestructura-logistica\/hacia-una-planificacion-en-logistica\/2004768\"><span style=\"font-family: helvetica; font-size: 17px; color: #000000;\">Leer aqu\u00ed<\/span><\/a><\/p>\n<p style=\"text-align: justify;\"><strong><span style=\"font-family: helvetica; font-size: 17px; color: #000000;\">Parte de la nueva conexi\u00f3n de la Ruta 68 con Vespucio ya est\u00e1 habilitada. <\/span><\/strong><\/p>\n<p style=\"text-align: justify;\"><span style=\"font-family: helvetica; font-size: 17px; color: #000000;\">Canal 9 Mega<\/span><\/p>\n<p style=\"text-align: justify;\"><a href=\"https:\/\/www.youtube.com\/watch?v=-m5oUTlUvBg\"><span style=\"font-family: helvetica; font-size: 17px; color: #000000;\">Ver entrevista aqu\u00ed<\/span><\/a><\/p>\n<p style=\"text-align: justify;\"><strong><span style=\"font-family: helvetica; font-size: 17px; color: #000000;\">&#8220;La probabilidad de delitos va a bajar&#8221;: Experto explica factor que reducir\u00eda robos en nuevo enlace.<\/span><\/strong><\/p>\n<p style=\"text-align: justify;\"><span style=\"font-family: helvetica; font-size: 17px; color: #000000;\">Canal 13<\/span><\/p>\n<p style=\"text-align: justify;\"><a href=\"https:\/\/www.t13.cl\/noticia\/nacional\/la-probabilidad-delitos-va-bajar-experto-explica-factor-reduciria-robos-nuevo-e-22-10-2025\"><span style=\"font-family: helvetica; font-size: 17px; color: #000000;\">Ver entrevista aqu\u00ed<\/span><\/a><\/p>\n<p><strong><span style=\"font-family: helvetica; font-size: 17px; color: #000000;\">&#8220;Terminal Intermodal Barrancas, clave para la log\u00edstica ferroportuaria&#8221;.<\/span><\/strong><\/p>\n<p style=\"text-align: justify;\"><span style=\"font-family: helvetica; font-size: 17px; color: #000000;\">El Mercurio de Valpara\u00edso<\/span><\/p>\n<p><a href=\"https:\/\/www.infraestructurapublica.cl\/terminal-intermodal-barrancas-clave-para-la-logistica-ferroportuaria-por-juan-pedro-sepulveda\/\"><span style=\"font-family: helvetica; font-size: 17px; color: #000000;\">Leer aqu\u00ed<\/span><\/a><\/p>\n","protected":false},"excerpt":{"rendered":"<p>Durante octubre y noviembre, el Dr. Juan Pedro Sep\u00falveda, acad\u00e9mico del Departamento de Ingenier\u00eda Industrial particip\u00f3 en diversos espacios informativos a nivel nacional, consolidando su rol como voz experta en temas de transporte, log\u00edstica e infraestructura. Sus intervenciones en noticieros de televisi\u00f3n y columnas de opini\u00f3n analizaron fen\u00f3menos actuales como &hellip; <a class=\"readmore\" href=\"https:\/\/www.ingenieriaindustrial-usach.cl\/en\/noticias\/participacion-del-dr-juan-pedro-sepulveda-en-medios-de-comunicacion-octubre-y-noviembre\/\">Seguir Leyendo <span class=\"meta-nav\">&rarr;<\/span><\/a><\/p>\n","protected":false},"author":5881,"featured_media":22999,"comment_status":"open","ping_status":"open","sticky":false,"template":"","format":"standard","meta":{"footnotes":"","_links_to":"","_links_to_target":""},"categories":[3,1],"tags":[],"tipo":[],"yoast_head":"<!-- This site is optimized with the Yoast SEO plugin v23.0 - https:\/\/yoast.com\/wordpress\/plugins\/seo\/ -->\n<title>Participaci\u00f3n del Dr. Juan Pedro Sep\u00falveda en medios de comunicaci\u00f3n \u2013 Octubre y Noviembre - Departamento de Ingenier\u00eda Industrial Universidad de Santiago<\/title>\n<meta name=\"robots\" content=\"index, follow, max-snippet:-1, max-image-preview:large, max-video-preview:-1\" \/>\n<link rel=\"canonical\" href=\"https:\/\/www.ingenieriaindustrial-usach.cl\/noticias\/participacion-del-dr-juan-pedro-sepulveda-en-medios-de-comunicacion-octubre-y-noviembre\/\" \/>\n<meta property=\"og:locale\" content=\"en_US\" \/>\n<meta property=\"og:type\" content=\"article\" \/>\n<meta property=\"og:title\" content=\"Participaci\u00f3n del Dr. Juan Pedro Sep\u00falveda en medios de comunicaci\u00f3n \u2013 Octubre y Noviembre - Departamento de Ingenier\u00eda Industrial Universidad de Santiago\" \/>\n<meta property=\"og:description\" content=\"Durante octubre y noviembre, el Dr. Juan Pedro Sep\u00falveda, acad\u00e9mico del Departamento de Ingenier\u00eda Industrial particip\u00f3 en diversos espacios informativos a nivel nacional, consolidando su rol como voz experta en temas de transporte, log\u00edstica e infraestructura. Sus intervenciones en noticieros de televisi\u00f3n y columnas de opini\u00f3n analizaron fen\u00f3menos actuales como &hellip; Seguir Leyendo &rarr;\" \/>\n<meta property=\"og:url\" content=\"https:\/\/www.ingenieriaindustrial-usach.cl\/noticias\/participacion-del-dr-juan-pedro-sepulveda-en-medios-de-comunicacion-octubre-y-noviembre\/\" \/>\n<meta property=\"og:site_name\" content=\"Departamento de Ingenier\u00eda Industrial Universidad de Santiago\" \/>\n<meta property=\"article:publisher\" content=\"https:\/\/web.facebook.com\/Depto.Ingenieria.industrial.UdeSantiagodeChile?_rdc=1&amp;_rdr\" \/>\n<meta property=\"article:published_time\" content=\"2025-12-03T16:41:57+00:00\" \/>\n<meta property=\"article:modified_time\" content=\"2025-12-03T16:42:20+00:00\" \/>\n<meta property=\"og:image\" content=\"https:\/\/www.ingenieriaindustrial-usach.cl\/wp-content\/uploads\/2025\/12\/d1-1.jpg\" \/>\n\t<meta property=\"og:image:width\" content=\"1600\" \/>\n\t<meta property=\"og:image:height\" content=\"1200\" \/>\n\t<meta property=\"og:image:type\" content=\"image\/jpeg\" \/>\n<meta name=\"author\" content=\"Antonia Reyes Ferreira\" \/>\n<meta name=\"twitter:card\" content=\"summary_large_image\" \/>\n<meta name=\"twitter:label1\" content=\"Written by\" \/>\n\t<meta name=\"twitter:data1\" content=\"Antonia Reyes Ferreira\" \/>\n\t<meta name=\"twitter:label2\" content=\"Est. reading time\" \/>\n\t<meta name=\"twitter:data2\" content=\"1 minute\" \/>\n<script type=\"application\/ld+json\" class=\"yoast-schema-graph\">{\"@context\":\"https:\/\/schema.org\",\"@graph\":[{\"@type\":\"Article\",\"@id\":\"https:\/\/www.ingenieriaindustrial-usach.cl\/noticias\/participacion-del-dr-juan-pedro-sepulveda-en-medios-de-comunicacion-octubre-y-noviembre\/#article\",\"isPartOf\":{\"@id\":\"https:\/\/www.ingenieriaindustrial-usach.cl\/noticias\/participacion-del-dr-juan-pedro-sepulveda-en-medios-de-comunicacion-octubre-y-noviembre\/\"},\"author\":{\"name\":\"Antonia Reyes Ferreira\",\"@id\":\"https:\/\/www.ingenieriaindustrial-usach.cl\/#\/schema\/person\/2c3b5a1e7f7c844415eb926003bec7f0\"},\"headline\":\"Participaci\u00f3n del Dr. Juan Pedro Sep\u00falveda en medios de comunicaci\u00f3n \u2013 Octubre y Noviembre\",\"datePublished\":\"2025-12-03T16:41:57+00:00\",\"dateModified\":\"2025-12-03T16:42:20+00:00\",\"mainEntityOfPage\":{\"@id\":\"https:\/\/www.ingenieriaindustrial-usach.cl\/noticias\/participacion-del-dr-juan-pedro-sepulveda-en-medios-de-comunicacion-octubre-y-noviembre\/\"},\"wordCount\":231,\"commentCount\":0,\"publisher\":{\"@id\":\"https:\/\/www.ingenieriaindustrial-usach.cl\/#organization\"},\"image\":{\"@id\":\"https:\/\/www.ingenieriaindustrial-usach.cl\/noticias\/participacion-del-dr-juan-pedro-sepulveda-en-medios-de-comunicacion-octubre-y-noviembre\/#primaryimage\"},\"thumbnailUrl\":\"https:\/\/www.ingenieriaindustrial-usach.cl\/wp-content\/uploads\/2025\/12\/d1-1.jpg\",\"articleSection\":[\"Destacadas\",\"Noticias\"],\"inLanguage\":\"en-US\",\"potentialAction\":[{\"@type\":\"CommentAction\",\"name\":\"Comment\",\"target\":[\"https:\/\/www.ingenieriaindustrial-usach.cl\/noticias\/participacion-del-dr-juan-pedro-sepulveda-en-medios-de-comunicacion-octubre-y-noviembre\/#respond\"]}]},{\"@type\":\"WebPage\",\"@id\":\"https:\/\/www.ingenieriaindustrial-usach.cl\/noticias\/participacion-del-dr-juan-pedro-sepulveda-en-medios-de-comunicacion-octubre-y-noviembre\/\",\"url\":\"https:\/\/www.ingenieriaindustrial-usach.cl\/noticias\/participacion-del-dr-juan-pedro-sepulveda-en-medios-de-comunicacion-octubre-y-noviembre\/\",\"name\":\"Participaci\u00f3n del Dr. Juan Pedro Sep\u00falveda en medios de comunicaci\u00f3n \u2013 Octubre y Noviembre - Departamento de Ingenier\u00eda Industrial Universidad de Santiago\",\"isPartOf\":{\"@id\":\"https:\/\/www.ingenieriaindustrial-usach.cl\/#website\"},\"primaryImageOfPage\":{\"@id\":\"https:\/\/www.ingenieriaindustrial-usach.cl\/noticias\/participacion-del-dr-juan-pedro-sepulveda-en-medios-de-comunicacion-octubre-y-noviembre\/#primaryimage\"},\"image\":{\"@id\":\"https:\/\/www.ingenieriaindustrial-usach.cl\/noticias\/participacion-del-dr-juan-pedro-sepulveda-en-medios-de-comunicacion-octubre-y-noviembre\/#primaryimage\"},\"thumbnailUrl\":\"https:\/\/www.ingenieriaindustrial-usach.cl\/wp-content\/uploads\/2025\/12\/d1-1.jpg\",\"datePublished\":\"2025-12-03T16:41:57+00:00\",\"dateModified\":\"2025-12-03T16:42:20+00:00\",\"breadcrumb\":{\"@id\":\"https:\/\/www.ingenieriaindustrial-usach.cl\/noticias\/participacion-del-dr-juan-pedro-sepulveda-en-medios-de-comunicacion-octubre-y-noviembre\/#breadcrumb\"},\"inLanguage\":\"en-US\",\"potentialAction\":[{\"@type\":\"ReadAction\",\"target\":[\"https:\/\/www.ingenieriaindustrial-usach.cl\/noticias\/participacion-del-dr-juan-pedro-sepulveda-en-medios-de-comunicacion-octubre-y-noviembre\/\"]}]},{\"@type\":\"ImageObject\",\"inLanguage\":\"en-US\",\"@id\":\"https:\/\/www.ingenieriaindustrial-usach.cl\/noticias\/participacion-del-dr-juan-pedro-sepulveda-en-medios-de-comunicacion-octubre-y-noviembre\/#primaryimage\",\"url\":\"https:\/\/www.ingenieriaindustrial-usach.cl\/wp-content\/uploads\/2025\/12\/d1-1.jpg\",\"contentUrl\":\"https:\/\/www.ingenieriaindustrial-usach.cl\/wp-content\/uploads\/2025\/12\/d1-1.jpg\",\"width\":1600,\"height\":1200},{\"@type\":\"BreadcrumbList\",\"@id\":\"https:\/\/www.ingenieriaindustrial-usach.cl\/noticias\/participacion-del-dr-juan-pedro-sepulveda-en-medios-de-comunicacion-octubre-y-noviembre\/#breadcrumb\",\"itemListElement\":[{\"@type\":\"ListItem\",\"position\":1,\"name\":\"Portada\",\"item\":\"https:\/\/www.ingenieriaindustrial-usach.cl\/\"},{\"@type\":\"ListItem\",\"position\":2,\"name\":\"Participaci\u00f3n del Dr. Juan Pedro Sep\u00falveda en medios de comunicaci\u00f3n \u2013 Octubre y Noviembre\"}]},{\"@type\":\"WebSite\",\"@id\":\"https:\/\/www.ingenieriaindustrial-usach.cl\/#website\",\"url\":\"https:\/\/www.ingenieriaindustrial-usach.cl\/\",\"name\":\"Departamento de Ingenier\u00eda Industrial Universidad de Santiago\",\"description\":\"Otro sitio realizado con WordPress\",\"publisher\":{\"@id\":\"https:\/\/www.ingenieriaindustrial-usach.cl\/#organization\"},\"potentialAction\":[{\"@type\":\"SearchAction\",\"target\":{\"@type\":\"EntryPoint\",\"urlTemplate\":\"https:\/\/www.ingenieriaindustrial-usach.cl\/?s={search_term_string}\"},\"query-input\":\"required name=search_term_string\"}],\"inLanguage\":\"en-US\"},{\"@type\":\"Organization\",\"@id\":\"https:\/\/www.ingenieriaindustrial-usach.cl\/#organization\",\"name\":\"Departamento de Ingenier\u00eda Industrial Universidad de Santiago\",\"url\":\"https:\/\/www.ingenieriaindustrial-usach.cl\/\",\"logo\":{\"@type\":\"ImageObject\",\"inLanguage\":\"en-US\",\"@id\":\"https:\/\/www.ingenieriaindustrial-usach.cl\/#\/schema\/logo\/image\/\",\"url\":\"https:\/\/www.ingenieriaindustrial-usach.cl\/wp-content\/uploads\/2023\/11\/cropped-favicon_usach-01.png\",\"contentUrl\":\"https:\/\/www.ingenieriaindustrial-usach.cl\/wp-content\/uploads\/2023\/11\/cropped-favicon_usach-01.png\",\"width\":512,\"height\":512,\"caption\":\"Departamento de Ingenier\u00eda Industrial Universidad de Santiago\"},\"image\":{\"@id\":\"https:\/\/www.ingenieriaindustrial-usach.cl\/#\/schema\/logo\/image\/\"},\"sameAs\":[\"https:\/\/web.facebook.com\/Depto.Ingenieria.industrial.UdeSantiagodeChile?_rdc=1&_rdr\",\"https:\/\/www.linkedin.com\/in\/departamento-ingeniera-industrial-usach-94780711b\/\",\"https:\/\/www.instagram.com\/ingenieria_industrial_usach\/\"]},{\"@type\":\"Person\",\"@id\":\"https:\/\/www.ingenieriaindustrial-usach.cl\/#\/schema\/person\/2c3b5a1e7f7c844415eb926003bec7f0\",\"name\":\"Antonia Reyes Ferreira\",\"image\":{\"@type\":\"ImageObject\",\"inLanguage\":\"en-US\",\"@id\":\"https:\/\/www.ingenieriaindustrial-usach.cl\/#\/schema\/person\/image\/\",\"url\":\"https:\/\/www.ingenieriaindustrial-usach.cl\/wp-content\/litespeed\/avatar\/07b400358d4245baeb6cd734acfaceb8.jpg?ver=1776873691\",\"contentUrl\":\"https:\/\/www.ingenieriaindustrial-usach.cl\/wp-content\/litespeed\/avatar\/07b400358d4245baeb6cd734acfaceb8.jpg?ver=1776873691\",\"caption\":\"Antonia Reyes Ferreira\"},\"url\":\"https:\/\/www.ingenieriaindustrial-usach.cl\/en\/author\/antonia\/\"}]}<\/script>\n<!-- \/ Yoast SEO plugin. -->","yoast_head_json":{"title":"Participaci\u00f3n del Dr. Juan Pedro Sep\u00falveda en medios de comunicaci\u00f3n \u2013 Octubre y Noviembre - Departamento de Ingenier\u00eda Industrial Universidad de Santiago","robots":{"index":"index","follow":"follow","max-snippet":"max-snippet:-1","max-image-preview":"max-image-preview:large","max-video-preview":"max-video-preview:-1"},"canonical":"https:\/\/www.ingenieriaindustrial-usach.cl\/noticias\/participacion-del-dr-juan-pedro-sepulveda-en-medios-de-comunicacion-octubre-y-noviembre\/","og_locale":"en_US","og_type":"article","og_title":"Participaci\u00f3n del Dr. Juan Pedro Sep\u00falveda en medios de comunicaci\u00f3n \u2013 Octubre y Noviembre - Departamento de Ingenier\u00eda Industrial Universidad de Santiago","og_description":"Durante octubre y noviembre, el Dr. Juan Pedro Sep\u00falveda, acad\u00e9mico del Departamento de Ingenier\u00eda Industrial particip\u00f3 en diversos espacios informativos a nivel nacional, consolidando su rol como voz experta en temas de transporte, log\u00edstica e infraestructura. Sus intervenciones en noticieros de televisi\u00f3n y columnas de opini\u00f3n analizaron fen\u00f3menos actuales como &hellip; Seguir Leyendo &rarr;","og_url":"https:\/\/www.ingenieriaindustrial-usach.cl\/noticias\/participacion-del-dr-juan-pedro-sepulveda-en-medios-de-comunicacion-octubre-y-noviembre\/","og_site_name":"Departamento de Ingenier\u00eda Industrial Universidad de Santiago","article_publisher":"https:\/\/web.facebook.com\/Depto.Ingenieria.industrial.UdeSantiagodeChile?_rdc=1&_rdr","article_published_time":"2025-12-03T16:41:57+00:00","article_modified_time":"2025-12-03T16:42:20+00:00","og_image":[{"width":1600,"height":1200,"url":"https:\/\/www.ingenieriaindustrial-usach.cl\/wp-content\/uploads\/2025\/12\/d1-1.jpg","type":"image\/jpeg"}],"author":"Antonia Reyes Ferreira","twitter_card":"summary_large_image","twitter_misc":{"Written by":"Antonia Reyes Ferreira","Est. reading time":"1 minute"},"schema":{"@context":"https:\/\/schema.org","@graph":[{"@type":"Article","@id":"https:\/\/www.ingenieriaindustrial-usach.cl\/noticias\/participacion-del-dr-juan-pedro-sepulveda-en-medios-de-comunicacion-octubre-y-noviembre\/#article","isPartOf":{"@id":"https:\/\/www.ingenieriaindustrial-usach.cl\/noticias\/participacion-del-dr-juan-pedro-sepulveda-en-medios-de-comunicacion-octubre-y-noviembre\/"},"author":{"name":"Antonia Reyes Ferreira","@id":"https:\/\/www.ingenieriaindustrial-usach.cl\/#\/schema\/person\/2c3b5a1e7f7c844415eb926003bec7f0"},"headline":"Participaci\u00f3n del Dr. Juan Pedro Sep\u00falveda en medios de comunicaci\u00f3n \u2013 Octubre y Noviembre","datePublished":"2025-12-03T16:41:57+00:00","dateModified":"2025-12-03T16:42:20+00:00","mainEntityOfPage":{"@id":"https:\/\/www.ingenieriaindustrial-usach.cl\/noticias\/participacion-del-dr-juan-pedro-sepulveda-en-medios-de-comunicacion-octubre-y-noviembre\/"},"wordCount":231,"commentCount":0,"publisher":{"@id":"https:\/\/www.ingenieriaindustrial-usach.cl\/#organization"},"image":{"@id":"https:\/\/www.ingenieriaindustrial-usach.cl\/noticias\/participacion-del-dr-juan-pedro-sepulveda-en-medios-de-comunicacion-octubre-y-noviembre\/#primaryimage"},"thumbnailUrl":"https:\/\/www.ingenieriaindustrial-usach.cl\/wp-content\/uploads\/2025\/12\/d1-1.jpg","articleSection":["Destacadas","Noticias"],"inLanguage":"en-US","potentialAction":[{"@type":"CommentAction","name":"Comment","target":["https:\/\/www.ingenieriaindustrial-usach.cl\/noticias\/participacion-del-dr-juan-pedro-sepulveda-en-medios-de-comunicacion-octubre-y-noviembre\/#respond"]}]},{"@type":"WebPage","@id":"https:\/\/www.ingenieriaindustrial-usach.cl\/noticias\/participacion-del-dr-juan-pedro-sepulveda-en-medios-de-comunicacion-octubre-y-noviembre\/","url":"https:\/\/www.ingenieriaindustrial-usach.cl\/noticias\/participacion-del-dr-juan-pedro-sepulveda-en-medios-de-comunicacion-octubre-y-noviembre\/","name":"Participaci\u00f3n del Dr. Juan Pedro Sep\u00falveda en medios de comunicaci\u00f3n \u2013 Octubre y Noviembre - Departamento de Ingenier\u00eda Industrial Universidad de Santiago","isPartOf":{"@id":"https:\/\/www.ingenieriaindustrial-usach.cl\/#website"},"primaryImageOfPage":{"@id":"https:\/\/www.ingenieriaindustrial-usach.cl\/noticias\/participacion-del-dr-juan-pedro-sepulveda-en-medios-de-comunicacion-octubre-y-noviembre\/#primaryimage"},"image":{"@id":"https:\/\/www.ingenieriaindustrial-usach.cl\/noticias\/participacion-del-dr-juan-pedro-sepulveda-en-medios-de-comunicacion-octubre-y-noviembre\/#primaryimage"},"thumbnailUrl":"https:\/\/www.ingenieriaindustrial-usach.cl\/wp-content\/uploads\/2025\/12\/d1-1.jpg","datePublished":"2025-12-03T16:41:57+00:00","dateModified":"2025-12-03T16:42:20+00:00","breadcrumb":{"@id":"https:\/\/www.ingenieriaindustrial-usach.cl\/noticias\/participacion-del-dr-juan-pedro-sepulveda-en-medios-de-comunicacion-octubre-y-noviembre\/#breadcrumb"},"inLanguage":"en-US","potentialAction":[{"@type":"ReadAction","target":["https:\/\/www.ingenieriaindustrial-usach.cl\/noticias\/participacion-del-dr-juan-pedro-sepulveda-en-medios-de-comunicacion-octubre-y-noviembre\/"]}]},{"@type":"ImageObject","inLanguage":"en-US","@id":"https:\/\/www.ingenieriaindustrial-usach.cl\/noticias\/participacion-del-dr-juan-pedro-sepulveda-en-medios-de-comunicacion-octubre-y-noviembre\/#primaryimage","url":"https:\/\/www.ingenieriaindustrial-usach.cl\/wp-content\/uploads\/2025\/12\/d1-1.jpg","contentUrl":"https:\/\/www.ingenieriaindustrial-usach.cl\/wp-content\/uploads\/2025\/12\/d1-1.jpg","width":1600,"height":1200},{"@type":"BreadcrumbList","@id":"https:\/\/www.ingenieriaindustrial-usach.cl\/noticias\/participacion-del-dr-juan-pedro-sepulveda-en-medios-de-comunicacion-octubre-y-noviembre\/#breadcrumb","itemListElement":[{"@type":"ListItem","position":1,"name":"Portada","item":"https:\/\/www.ingenieriaindustrial-usach.cl\/"},{"@type":"ListItem","position":2,"name":"Participaci\u00f3n del Dr. Juan Pedro Sep\u00falveda en medios de comunicaci\u00f3n \u2013 Octubre y Noviembre"}]},{"@type":"WebSite","@id":"https:\/\/www.ingenieriaindustrial-usach.cl\/#website","url":"https:\/\/www.ingenieriaindustrial-usach.cl\/","name":"Departamento de Ingenier\u00eda Industrial Universidad de Santiago","description":"Otro sitio realizado con WordPress","publisher":{"@id":"https:\/\/www.ingenieriaindustrial-usach.cl\/#organization"},"potentialAction":[{"@type":"SearchAction","target":{"@type":"EntryPoint","urlTemplate":"https:\/\/www.ingenieriaindustrial-usach.cl\/?s={search_term_string}"},"query-input":"required name=search_term_string"}],"inLanguage":"en-US"},{"@type":"Organization","@id":"https:\/\/www.ingenieriaindustrial-usach.cl\/#organization","name":"Departamento de Ingenier\u00eda Industrial Universidad de Santiago","url":"https:\/\/www.ingenieriaindustrial-usach.cl\/","logo":{"@type":"ImageObject","inLanguage":"en-US","@id":"https:\/\/www.ingenieriaindustrial-usach.cl\/#\/schema\/logo\/image\/","url":"https:\/\/www.ingenieriaindustrial-usach.cl\/wp-content\/uploads\/2023\/11\/cropped-favicon_usach-01.png","contentUrl":"https:\/\/www.ingenieriaindustrial-usach.cl\/wp-content\/uploads\/2023\/11\/cropped-favicon_usach-01.png","width":512,"height":512,"caption":"Departamento de Ingenier\u00eda Industrial Universidad de Santiago"},"image":{"@id":"https:\/\/www.ingenieriaindustrial-usach.cl\/#\/schema\/logo\/image\/"},"sameAs":["https:\/\/web.facebook.com\/Depto.Ingenieria.industrial.UdeSantiagodeChile?_rdc=1&_rdr","https:\/\/www.linkedin.com\/in\/departamento-ingeniera-industrial-usach-94780711b\/","https:\/\/www.instagram.com\/ingenieria_industrial_usach\/"]},{"@type":"Person","@id":"https:\/\/www.ingenieriaindustrial-usach.cl\/#\/schema\/person\/2c3b5a1e7f7c844415eb926003bec7f0","name":"Antonia Reyes Ferreira","image":{"@type":"ImageObject","inLanguage":"en-US","@id":"https:\/\/www.ingenieriaindustrial-usach.cl\/#\/schema\/person\/image\/","url":"https:\/\/www.ingenieriaindustrial-usach.cl\/wp-content\/litespeed\/avatar\/07b400358d4245baeb6cd734acfaceb8.jpg?ver=1776873691","contentUrl":"https:\/\/www.ingenieriaindustrial-usach.cl\/wp-content\/litespeed\/avatar\/07b400358d4245baeb6cd734acfaceb8.jpg?ver=1776873691","caption":"Antonia Reyes Ferreira"},"url":"https:\/\/www.ingenieriaindustrial-usach.cl\/en\/author\/antonia\/"}]}},"_links":{"self":[{"href":"https:\/\/www.ingenieriaindustrial-usach.cl\/en\/wp-json\/wp\/v2\/posts\/22973"}],"collection":[{"href":"https:\/\/www.ingenieriaindustrial-usach.cl\/en\/wp-json\/wp\/v2\/posts"}],"about":[{"href":"https:\/\/www.ingenieriaindustrial-usach.cl\/en\/wp-json\/wp\/v2\/types\/post"}],"author":[{"embeddable":true,"href":"https:\/\/www.ingenieriaindustrial-usach.cl\/en\/wp-json\/wp\/v2\/users\/5881"}],"replies":[{"embeddable":true,"href":"https:\/\/www.ingenieriaindustrial-usach.cl\/en\/wp-json\/wp\/v2\/comments?post=22973"}],"version-history":[{"count":2,"href":"https:\/\/www.ingenieriaindustrial-usach.cl\/en\/wp-json\/wp\/v2\/posts\/22973\/revisions"}],"predecessor-version":[{"id":23001,"href":"https:\/\/www.ingenieriaindustrial-usach.cl\/en\/wp-json\/wp\/v2\/posts\/22973\/revisions\/23001"}],"wp:featuredmedia":[{"embeddable":true,"href":"https:\/\/www.ingenieriaindustrial-usach.cl\/en\/wp-json\/wp\/v2\/media\/22999"}],"wp:attachment":[{"href":"https:\/\/www.ingenieriaindustrial-usach.cl\/en\/wp-json\/wp\/v2\/media?parent=22973"}],"wp:term":[{"taxonomy":"category","embeddable":true,"href":"https:\/\/www.ingenieriaindustrial-usach.cl\/en\/wp-json\/wp\/v2\/categories?post=22973"},{"taxonomy":"post_tag","embeddable":true,"href":"https:\/\/www.ingenieriaindustrial-usach.cl\/en\/wp-json\/wp\/v2\/tags?post=22973"},{"taxonomy":"tipo","embeddable":true,"href":"https:\/\/www.ingenieriaindustrial-usach.cl\/en\/wp-json\/wp\/v2\/tipo?post=22973"}],"curies":[{"name":"wp","href":"https:\/\/api.w.org\/{rel}","templated":true}]}}