{"id":22641,"date":"2025-11-20T11:39:38","date_gmt":"2025-11-20T14:39:38","guid":{"rendered":"https:\/\/www.ingenieriaindustrial-usach.cl\/?p=22641"},"modified":"2025-11-26T11:45:50","modified_gmt":"2025-11-26T14:45:50","slug":"primer-dia-del-techtraplastice-en-el-departamento-de-ingenieria-industrial-marca-avances-en-colaboracion-internacional-2","status":"publish","type":"post","link":"https:\/\/www.ingenieriaindustrial-usach.cl\/en\/noticias\/primer-dia-del-techtraplastice-en-el-departamento-de-ingenieria-industrial-marca-avances-en-colaboracion-internacional-2\/","title":{"rendered":"Acad\u00e9micos del Departamento de Ingenier\u00eda Industrial buscan fortalecer el desarrollo sostenible en proyecto Anillo adjudicado sobre pol\u00edticas alimentarias"},"content":{"rendered":"<div class=\"article-content\">\n<p style=\"text-align: justify;\"><span style=\"font-family: helvetica; font-size: 16px; color: #000000;\">En calidad de investigadores principales, la Dra. Andrea Espinoza y El Dr. \u00d3scar C. V\u00e1squez, acad\u00e9micos del Departamento de Ingenier\u00eda Industrial de la Universidad de Santiago de Chile forman parte de un nuevo proyecto transdisciplinario ATE250058 titulado \u00abFood territories and government procurement: sustainability and socio-spatial justice\u00bb. El cual analizar\u00e1 los impactos ambientales, territoriales, sociales y nutricionales de diversas pol\u00edticas p\u00fablicas de alimentaci\u00f3n vigentes en el pa\u00eds. La iniciativa es liderada por la Universidad T\u00e9cnica Federico Santa Mar\u00eda y cuenta con la participaci\u00f3n de la Pontificia Universidad Cat\u00f3lica adem\u00e1s de nuestra instituci\u00f3n.<\/span><\/p>\n<p style=\"text-align: justify;\"><span style=\"font-family: helvetica; font-size: 16px; color: #000000;\">La acad\u00e9mica de nuestro Departamento, y Directora del Mag\u00edster en Ciencias de la Ingenier\u00eda menci\u00f3n Ingenier\u00eda Industrial, Dra. Andrea Espinoza, explic\u00f3 que el proyecto busca comprender c\u00f3mo las pol\u00edticas orientadas a la alimentaci\u00f3n, tales como programas escolares o la distribuci\u00f3n de productos por regi\u00f3n, est\u00e1n afectando a los territorios y a los peque\u00f1os productores. \u201cNecesitamos medir y entender qu\u00e9 est\u00e1 pasando realmente en cada territorio. Las pol\u00edticas deben ser justas con las comunidades, medioambientalmente responsables y coherentes con la econom\u00eda local\u201d, se\u00f1al\u00f3.<\/span><\/p>\n<p style=\"text-align: justify;\"><span style=\"font-family: helvetica; font-size: 16px; color: #000000;\">Uno de los focos centrales ser\u00e1 analizar la relaci\u00f3n entre estas pol\u00edticas y los peque\u00f1os productores, especialmente en territorios donde estos constituyen un pilar econ\u00f3mico importante. \u201cA trav\u00e9s de estas exigencias nutricionales y territoriales se podr\u00eda estar generando un mercado que idealmente debiera suplirse con peque\u00f1os negocios, pero no sabemos si est\u00e1 ocurriendo ni c\u00f3mo se conectan con instituciones como INDAP (Instituto de Desarrollo Agropecuario)\u201d, agreg\u00f3 la acad\u00e9mica.<\/span><\/p>\n<p style=\"text-align: justify;\"><span style=\"font-family: helvetica; font-size: 16px; color: #000000;\">El equipo evaluar\u00e1 tambi\u00e9n si existe justicia socioespacial en la implementaci\u00f3n de estos programas, integrando variables territoriales, nutricionales, ambientales y sociales. Desde la Ingenier\u00eda Industrial, nuestro Departamento aportar\u00e1 an\u00e1lisis de impacto ambiental y herramientas de optimizaci\u00f3n para proyectar escenarios posibles y proponer mejoras basadas en evidencia.<\/span><\/p>\n<p style=\"text-align: justify;\"><span style=\"font-family: helvetica; font-size: 16px; color: #000000;\">Con su participaci\u00f3n en este proyecto, nuestra unidad acad\u00e9mica reafirma su compromiso con la investigaci\u00f3n aplicada y con el desarrollo de soluciones que contribuyan a fortalecer la sostenibilidad alimentaria, el bienestar de las comunidades y el dise\u00f1o de pol\u00edticas p\u00fablicas m\u00e1s equitativas e integradas al territorio.<\/span><\/p>\n<\/div>\n<div class=\"article-meta-tag\" style=\"text-align: justify;\"><\/div>\n","protected":false},"excerpt":{"rendered":"<p>En calidad de investigadores principales, la Dra. Andrea Espinoza y El Dr. \u00d3scar C. V\u00e1squez, acad\u00e9micos del Departamento de Ingenier\u00eda Industrial de la Universidad de Santiago de Chile forman parte de un nuevo proyecto transdisciplinario ATE250058 titulado \u00abFood territories and government procurement: sustainability and socio-spatial justice\u00bb. El cual analizar\u00e1 los &hellip; <a class=\"readmore\" href=\"https:\/\/www.ingenieriaindustrial-usach.cl\/en\/noticias\/primer-dia-del-techtraplastice-en-el-departamento-de-ingenieria-industrial-marca-avances-en-colaboracion-internacional-2\/\">Seguir Leyendo <span class=\"meta-nav\">&rarr;<\/span><\/a><\/p>\n","protected":false},"author":3,"featured_media":22644,"comment_status":"open","ping_status":"open","sticky":false,"template":"","format":"standard","meta":{"footnotes":"","_links_to":"","_links_to_target":""},"categories":[3,1],"tags":[],"tipo":[],"yoast_head":"<!-- This site is optimized with the Yoast SEO plugin v23.0 - https:\/\/yoast.com\/wordpress\/plugins\/seo\/ -->\n<title>Acad\u00e9micos del Departamento de Ingenier\u00eda Industrial buscan fortalecer el desarrollo sostenible en proyecto Anillo adjudicado sobre pol\u00edticas alimentarias - Departamento de Ingenier\u00eda Industrial Universidad de Santiago<\/title>\n<meta name=\"robots\" content=\"index, follow, max-snippet:-1, max-image-preview:large, max-video-preview:-1\" \/>\n<link rel=\"canonical\" href=\"https:\/\/www.ingenieriaindustrial-usach.cl\/noticias\/primer-dia-del-techtraplastice-en-el-departamento-de-ingenieria-industrial-marca-avances-en-colaboracion-internacional-2\/\" \/>\n<meta property=\"og:locale\" content=\"en_US\" \/>\n<meta property=\"og:type\" content=\"article\" \/>\n<meta property=\"og:title\" content=\"Acad\u00e9micos del Departamento de Ingenier\u00eda Industrial buscan fortalecer el desarrollo sostenible en proyecto Anillo adjudicado sobre pol\u00edticas alimentarias - Departamento de Ingenier\u00eda Industrial Universidad de Santiago\" \/>\n<meta property=\"og:description\" content=\"En calidad de investigadores principales, la Dra. Andrea Espinoza y El Dr. \u00d3scar C. V\u00e1squez, acad\u00e9micos del Departamento de Ingenier\u00eda Industrial de la Universidad de Santiago de Chile forman parte de un nuevo proyecto transdisciplinario ATE250058 titulado \u00abFood territories and government procurement: sustainability and socio-spatial justice\u00bb. El cual analizar\u00e1 los &hellip; Seguir Leyendo &rarr;\" \/>\n<meta property=\"og:url\" content=\"https:\/\/www.ingenieriaindustrial-usach.cl\/noticias\/primer-dia-del-techtraplastice-en-el-departamento-de-ingenieria-industrial-marca-avances-en-colaboracion-internacional-2\/\" \/>\n<meta property=\"og:site_name\" content=\"Departamento de Ingenier\u00eda Industrial Universidad de Santiago\" \/>\n<meta property=\"article:publisher\" content=\"https:\/\/web.facebook.com\/Depto.Ingenieria.industrial.UdeSantiagodeChile?_rdc=1&amp;_rdr\" \/>\n<meta property=\"article:published_time\" content=\"2025-11-20T14:39:38+00:00\" \/>\n<meta property=\"article:modified_time\" content=\"2025-11-26T14:45:50+00:00\" \/>\n<meta property=\"og:image\" content=\"https:\/\/www.ingenieriaindustrial-usach.cl\/wp-content\/uploads\/2025\/11\/CEREMONIA-WEB-1.png\" \/>\n\t<meta property=\"og:image:width\" content=\"800\" \/>\n\t<meta property=\"og:image:height\" content=\"600\" \/>\n\t<meta property=\"og:image:type\" content=\"image\/png\" \/>\n<meta name=\"author\" content=\"Departamento Intenier\u00eda Industrial USACH\" \/>\n<meta name=\"twitter:card\" content=\"summary_large_image\" \/>\n<meta name=\"twitter:label1\" content=\"Written by\" \/>\n\t<meta name=\"twitter:data1\" content=\"Departamento Intenier\u00eda Industrial USACH\" \/>\n\t<meta name=\"twitter:label2\" content=\"Est. reading time\" \/>\n\t<meta name=\"twitter:data2\" content=\"2 minutes\" \/>\n<script type=\"application\/ld+json\" class=\"yoast-schema-graph\">{\"@context\":\"https:\/\/schema.org\",\"@graph\":[{\"@type\":\"Article\",\"@id\":\"https:\/\/www.ingenieriaindustrial-usach.cl\/noticias\/primer-dia-del-techtraplastice-en-el-departamento-de-ingenieria-industrial-marca-avances-en-colaboracion-internacional-2\/#article\",\"isPartOf\":{\"@id\":\"https:\/\/www.ingenieriaindustrial-usach.cl\/noticias\/primer-dia-del-techtraplastice-en-el-departamento-de-ingenieria-industrial-marca-avances-en-colaboracion-internacional-2\/\"},\"author\":{\"name\":\"Departamento Intenier\u00eda Industrial USACH\",\"@id\":\"https:\/\/www.ingenieriaindustrial-usach.cl\/#\/schema\/person\/427d4f95ef64457e2e16890ac3e62007\"},\"headline\":\"Acad\u00e9micos del Departamento de Ingenier\u00eda Industrial buscan fortalecer el desarrollo sostenible en proyecto Anillo adjudicado sobre pol\u00edticas alimentarias\",\"datePublished\":\"2025-11-20T14:39:38+00:00\",\"dateModified\":\"2025-11-26T14:45:50+00:00\",\"mainEntityOfPage\":{\"@id\":\"https:\/\/www.ingenieriaindustrial-usach.cl\/noticias\/primer-dia-del-techtraplastice-en-el-departamento-de-ingenieria-industrial-marca-avances-en-colaboracion-internacional-2\/\"},\"wordCount\":403,\"commentCount\":0,\"publisher\":{\"@id\":\"https:\/\/www.ingenieriaindustrial-usach.cl\/#organization\"},\"image\":{\"@id\":\"https:\/\/www.ingenieriaindustrial-usach.cl\/noticias\/primer-dia-del-techtraplastice-en-el-departamento-de-ingenieria-industrial-marca-avances-en-colaboracion-internacional-2\/#primaryimage\"},\"thumbnailUrl\":\"https:\/\/www.ingenieriaindustrial-usach.cl\/wp-content\/uploads\/2025\/11\/CEREMONIA-WEB-1.png\",\"articleSection\":[\"Destacadas\",\"Noticias\"],\"inLanguage\":\"en-US\",\"potentialAction\":[{\"@type\":\"CommentAction\",\"name\":\"Comment\",\"target\":[\"https:\/\/www.ingenieriaindustrial-usach.cl\/noticias\/primer-dia-del-techtraplastice-en-el-departamento-de-ingenieria-industrial-marca-avances-en-colaboracion-internacional-2\/#respond\"]}]},{\"@type\":\"WebPage\",\"@id\":\"https:\/\/www.ingenieriaindustrial-usach.cl\/noticias\/primer-dia-del-techtraplastice-en-el-departamento-de-ingenieria-industrial-marca-avances-en-colaboracion-internacional-2\/\",\"url\":\"https:\/\/www.ingenieriaindustrial-usach.cl\/noticias\/primer-dia-del-techtraplastice-en-el-departamento-de-ingenieria-industrial-marca-avances-en-colaboracion-internacional-2\/\",\"name\":\"Acad\u00e9micos del Departamento de Ingenier\u00eda Industrial buscan fortalecer el desarrollo sostenible en proyecto Anillo adjudicado sobre pol\u00edticas alimentarias - Departamento de Ingenier\u00eda Industrial Universidad de Santiago\",\"isPartOf\":{\"@id\":\"https:\/\/www.ingenieriaindustrial-usach.cl\/#website\"},\"primaryImageOfPage\":{\"@id\":\"https:\/\/www.ingenieriaindustrial-usach.cl\/noticias\/primer-dia-del-techtraplastice-en-el-departamento-de-ingenieria-industrial-marca-avances-en-colaboracion-internacional-2\/#primaryimage\"},\"image\":{\"@id\":\"https:\/\/www.ingenieriaindustrial-usach.cl\/noticias\/primer-dia-del-techtraplastice-en-el-departamento-de-ingenieria-industrial-marca-avances-en-colaboracion-internacional-2\/#primaryimage\"},\"thumbnailUrl\":\"https:\/\/www.ingenieriaindustrial-usach.cl\/wp-content\/uploads\/2025\/11\/CEREMONIA-WEB-1.png\",\"datePublished\":\"2025-11-20T14:39:38+00:00\",\"dateModified\":\"2025-11-26T14:45:50+00:00\",\"breadcrumb\":{\"@id\":\"https:\/\/www.ingenieriaindustrial-usach.cl\/noticias\/primer-dia-del-techtraplastice-en-el-departamento-de-ingenieria-industrial-marca-avances-en-colaboracion-internacional-2\/#breadcrumb\"},\"inLanguage\":\"en-US\",\"potentialAction\":[{\"@type\":\"ReadAction\",\"target\":[\"https:\/\/www.ingenieriaindustrial-usach.cl\/noticias\/primer-dia-del-techtraplastice-en-el-departamento-de-ingenieria-industrial-marca-avances-en-colaboracion-internacional-2\/\"]}]},{\"@type\":\"ImageObject\",\"inLanguage\":\"en-US\",\"@id\":\"https:\/\/www.ingenieriaindustrial-usach.cl\/noticias\/primer-dia-del-techtraplastice-en-el-departamento-de-ingenieria-industrial-marca-avances-en-colaboracion-internacional-2\/#primaryimage\",\"url\":\"https:\/\/www.ingenieriaindustrial-usach.cl\/wp-content\/uploads\/2025\/11\/CEREMONIA-WEB-1.png\",\"contentUrl\":\"https:\/\/www.ingenieriaindustrial-usach.cl\/wp-content\/uploads\/2025\/11\/CEREMONIA-WEB-1.png\",\"width\":800,\"height\":600},{\"@type\":\"BreadcrumbList\",\"@id\":\"https:\/\/www.ingenieriaindustrial-usach.cl\/noticias\/primer-dia-del-techtraplastice-en-el-departamento-de-ingenieria-industrial-marca-avances-en-colaboracion-internacional-2\/#breadcrumb\",\"itemListElement\":[{\"@type\":\"ListItem\",\"position\":1,\"name\":\"Portada\",\"item\":\"https:\/\/www.ingenieriaindustrial-usach.cl\/\"},{\"@type\":\"ListItem\",\"position\":2,\"name\":\"Acad\u00e9micos del Departamento de Ingenier\u00eda Industrial buscan fortalecer el desarrollo sostenible en proyecto Anillo adjudicado sobre pol\u00edticas alimentarias\"}]},{\"@type\":\"WebSite\",\"@id\":\"https:\/\/www.ingenieriaindustrial-usach.cl\/#website\",\"url\":\"https:\/\/www.ingenieriaindustrial-usach.cl\/\",\"name\":\"Departamento de Ingenier\u00eda Industrial Universidad de Santiago\",\"description\":\"Otro sitio realizado con WordPress\",\"publisher\":{\"@id\":\"https:\/\/www.ingenieriaindustrial-usach.cl\/#organization\"},\"potentialAction\":[{\"@type\":\"SearchAction\",\"target\":{\"@type\":\"EntryPoint\",\"urlTemplate\":\"https:\/\/www.ingenieriaindustrial-usach.cl\/?s={search_term_string}\"},\"query-input\":\"required name=search_term_string\"}],\"inLanguage\":\"en-US\"},{\"@type\":\"Organization\",\"@id\":\"https:\/\/www.ingenieriaindustrial-usach.cl\/#organization\",\"name\":\"Departamento de Ingenier\u00eda Industrial Universidad de Santiago\",\"url\":\"https:\/\/www.ingenieriaindustrial-usach.cl\/\",\"logo\":{\"@type\":\"ImageObject\",\"inLanguage\":\"en-US\",\"@id\":\"https:\/\/www.ingenieriaindustrial-usach.cl\/#\/schema\/logo\/image\/\",\"url\":\"https:\/\/www.ingenieriaindustrial-usach.cl\/wp-content\/uploads\/2023\/11\/cropped-favicon_usach-01.png\",\"contentUrl\":\"https:\/\/www.ingenieriaindustrial-usach.cl\/wp-content\/uploads\/2023\/11\/cropped-favicon_usach-01.png\",\"width\":512,\"height\":512,\"caption\":\"Departamento de Ingenier\u00eda Industrial Universidad de Santiago\"},\"image\":{\"@id\":\"https:\/\/www.ingenieriaindustrial-usach.cl\/#\/schema\/logo\/image\/\"},\"sameAs\":[\"https:\/\/web.facebook.com\/Depto.Ingenieria.industrial.UdeSantiagodeChile?_rdc=1&_rdr\",\"https:\/\/www.linkedin.com\/in\/departamento-ingeniera-industrial-usach-94780711b\/\",\"https:\/\/www.instagram.com\/ingenieria_industrial_usach\/\"]},{\"@type\":\"Person\",\"@id\":\"https:\/\/www.ingenieriaindustrial-usach.cl\/#\/schema\/person\/427d4f95ef64457e2e16890ac3e62007\",\"name\":\"Departamento Intenier\u00eda Industrial USACH\",\"image\":{\"@type\":\"ImageObject\",\"inLanguage\":\"en-US\",\"@id\":\"https:\/\/www.ingenieriaindustrial-usach.cl\/#\/schema\/person\/image\/\",\"url\":\"https:\/\/www.ingenieriaindustrial-usach.cl\/wp-content\/litespeed\/avatar\/c89373088fbc5a525fde67d81c2043ff.jpg?ver=1777477920\",\"contentUrl\":\"https:\/\/www.ingenieriaindustrial-usach.cl\/wp-content\/litespeed\/avatar\/c89373088fbc5a525fde67d81c2043ff.jpg?ver=1777477920\",\"caption\":\"Departamento Intenier\u00eda Industrial USACH\"},\"sameAs\":[\"http:\/\/www.usach.cl\"],\"url\":\"https:\/\/www.ingenieriaindustrial-usach.cl\/en\/author\/eduardo\/\"}]}<\/script>\n<!-- \/ Yoast SEO plugin. -->","yoast_head_json":{"title":"Acad\u00e9micos del Departamento de Ingenier\u00eda Industrial buscan fortalecer el desarrollo sostenible en proyecto Anillo adjudicado sobre pol\u00edticas alimentarias - Departamento de Ingenier\u00eda Industrial Universidad de Santiago","robots":{"index":"index","follow":"follow","max-snippet":"max-snippet:-1","max-image-preview":"max-image-preview:large","max-video-preview":"max-video-preview:-1"},"canonical":"https:\/\/www.ingenieriaindustrial-usach.cl\/noticias\/primer-dia-del-techtraplastice-en-el-departamento-de-ingenieria-industrial-marca-avances-en-colaboracion-internacional-2\/","og_locale":"en_US","og_type":"article","og_title":"Acad\u00e9micos del Departamento de Ingenier\u00eda Industrial buscan fortalecer el desarrollo sostenible en proyecto Anillo adjudicado sobre pol\u00edticas alimentarias - Departamento de Ingenier\u00eda Industrial Universidad de Santiago","og_description":"En calidad de investigadores principales, la Dra. Andrea Espinoza y El Dr. \u00d3scar C. V\u00e1squez, acad\u00e9micos del Departamento de Ingenier\u00eda Industrial de la Universidad de Santiago de Chile forman parte de un nuevo proyecto transdisciplinario ATE250058 titulado \u00abFood territories and government procurement: sustainability and socio-spatial justice\u00bb. El cual analizar\u00e1 los &hellip; Seguir Leyendo &rarr;","og_url":"https:\/\/www.ingenieriaindustrial-usach.cl\/noticias\/primer-dia-del-techtraplastice-en-el-departamento-de-ingenieria-industrial-marca-avances-en-colaboracion-internacional-2\/","og_site_name":"Departamento de Ingenier\u00eda Industrial Universidad de Santiago","article_publisher":"https:\/\/web.facebook.com\/Depto.Ingenieria.industrial.UdeSantiagodeChile?_rdc=1&_rdr","article_published_time":"2025-11-20T14:39:38+00:00","article_modified_time":"2025-11-26T14:45:50+00:00","og_image":[{"width":800,"height":600,"url":"https:\/\/www.ingenieriaindustrial-usach.cl\/wp-content\/uploads\/2025\/11\/CEREMONIA-WEB-1.png","type":"image\/png"}],"author":"Departamento Intenier\u00eda Industrial USACH","twitter_card":"summary_large_image","twitter_misc":{"Written by":"Departamento Intenier\u00eda Industrial USACH","Est. reading time":"2 minutes"},"schema":{"@context":"https:\/\/schema.org","@graph":[{"@type":"Article","@id":"https:\/\/www.ingenieriaindustrial-usach.cl\/noticias\/primer-dia-del-techtraplastice-en-el-departamento-de-ingenieria-industrial-marca-avances-en-colaboracion-internacional-2\/#article","isPartOf":{"@id":"https:\/\/www.ingenieriaindustrial-usach.cl\/noticias\/primer-dia-del-techtraplastice-en-el-departamento-de-ingenieria-industrial-marca-avances-en-colaboracion-internacional-2\/"},"author":{"name":"Departamento Intenier\u00eda Industrial USACH","@id":"https:\/\/www.ingenieriaindustrial-usach.cl\/#\/schema\/person\/427d4f95ef64457e2e16890ac3e62007"},"headline":"Acad\u00e9micos del Departamento de Ingenier\u00eda Industrial buscan fortalecer el desarrollo sostenible en proyecto Anillo adjudicado sobre pol\u00edticas alimentarias","datePublished":"2025-11-20T14:39:38+00:00","dateModified":"2025-11-26T14:45:50+00:00","mainEntityOfPage":{"@id":"https:\/\/www.ingenieriaindustrial-usach.cl\/noticias\/primer-dia-del-techtraplastice-en-el-departamento-de-ingenieria-industrial-marca-avances-en-colaboracion-internacional-2\/"},"wordCount":403,"commentCount":0,"publisher":{"@id":"https:\/\/www.ingenieriaindustrial-usach.cl\/#organization"},"image":{"@id":"https:\/\/www.ingenieriaindustrial-usach.cl\/noticias\/primer-dia-del-techtraplastice-en-el-departamento-de-ingenieria-industrial-marca-avances-en-colaboracion-internacional-2\/#primaryimage"},"thumbnailUrl":"https:\/\/www.ingenieriaindustrial-usach.cl\/wp-content\/uploads\/2025\/11\/CEREMONIA-WEB-1.png","articleSection":["Destacadas","Noticias"],"inLanguage":"en-US","potentialAction":[{"@type":"CommentAction","name":"Comment","target":["https:\/\/www.ingenieriaindustrial-usach.cl\/noticias\/primer-dia-del-techtraplastice-en-el-departamento-de-ingenieria-industrial-marca-avances-en-colaboracion-internacional-2\/#respond"]}]},{"@type":"WebPage","@id":"https:\/\/www.ingenieriaindustrial-usach.cl\/noticias\/primer-dia-del-techtraplastice-en-el-departamento-de-ingenieria-industrial-marca-avances-en-colaboracion-internacional-2\/","url":"https:\/\/www.ingenieriaindustrial-usach.cl\/noticias\/primer-dia-del-techtraplastice-en-el-departamento-de-ingenieria-industrial-marca-avances-en-colaboracion-internacional-2\/","name":"Acad\u00e9micos del Departamento de Ingenier\u00eda Industrial buscan fortalecer el desarrollo sostenible en proyecto Anillo adjudicado sobre pol\u00edticas alimentarias - Departamento de Ingenier\u00eda Industrial Universidad de Santiago","isPartOf":{"@id":"https:\/\/www.ingenieriaindustrial-usach.cl\/#website"},"primaryImageOfPage":{"@id":"https:\/\/www.ingenieriaindustrial-usach.cl\/noticias\/primer-dia-del-techtraplastice-en-el-departamento-de-ingenieria-industrial-marca-avances-en-colaboracion-internacional-2\/#primaryimage"},"image":{"@id":"https:\/\/www.ingenieriaindustrial-usach.cl\/noticias\/primer-dia-del-techtraplastice-en-el-departamento-de-ingenieria-industrial-marca-avances-en-colaboracion-internacional-2\/#primaryimage"},"thumbnailUrl":"https:\/\/www.ingenieriaindustrial-usach.cl\/wp-content\/uploads\/2025\/11\/CEREMONIA-WEB-1.png","datePublished":"2025-11-20T14:39:38+00:00","dateModified":"2025-11-26T14:45:50+00:00","breadcrumb":{"@id":"https:\/\/www.ingenieriaindustrial-usach.cl\/noticias\/primer-dia-del-techtraplastice-en-el-departamento-de-ingenieria-industrial-marca-avances-en-colaboracion-internacional-2\/#breadcrumb"},"inLanguage":"en-US","potentialAction":[{"@type":"ReadAction","target":["https:\/\/www.ingenieriaindustrial-usach.cl\/noticias\/primer-dia-del-techtraplastice-en-el-departamento-de-ingenieria-industrial-marca-avances-en-colaboracion-internacional-2\/"]}]},{"@type":"ImageObject","inLanguage":"en-US","@id":"https:\/\/www.ingenieriaindustrial-usach.cl\/noticias\/primer-dia-del-techtraplastice-en-el-departamento-de-ingenieria-industrial-marca-avances-en-colaboracion-internacional-2\/#primaryimage","url":"https:\/\/www.ingenieriaindustrial-usach.cl\/wp-content\/uploads\/2025\/11\/CEREMONIA-WEB-1.png","contentUrl":"https:\/\/www.ingenieriaindustrial-usach.cl\/wp-content\/uploads\/2025\/11\/CEREMONIA-WEB-1.png","width":800,"height":600},{"@type":"BreadcrumbList","@id":"https:\/\/www.ingenieriaindustrial-usach.cl\/noticias\/primer-dia-del-techtraplastice-en-el-departamento-de-ingenieria-industrial-marca-avances-en-colaboracion-internacional-2\/#breadcrumb","itemListElement":[{"@type":"ListItem","position":1,"name":"Portada","item":"https:\/\/www.ingenieriaindustrial-usach.cl\/"},{"@type":"ListItem","position":2,"name":"Acad\u00e9micos del Departamento de Ingenier\u00eda Industrial buscan fortalecer el desarrollo sostenible en proyecto Anillo adjudicado sobre pol\u00edticas alimentarias"}]},{"@type":"WebSite","@id":"https:\/\/www.ingenieriaindustrial-usach.cl\/#website","url":"https:\/\/www.ingenieriaindustrial-usach.cl\/","name":"Departamento de Ingenier\u00eda Industrial Universidad de Santiago","description":"Otro sitio realizado con WordPress","publisher":{"@id":"https:\/\/www.ingenieriaindustrial-usach.cl\/#organization"},"potentialAction":[{"@type":"SearchAction","target":{"@type":"EntryPoint","urlTemplate":"https:\/\/www.ingenieriaindustrial-usach.cl\/?s={search_term_string}"},"query-input":"required name=search_term_string"}],"inLanguage":"en-US"},{"@type":"Organization","@id":"https:\/\/www.ingenieriaindustrial-usach.cl\/#organization","name":"Departamento de Ingenier\u00eda Industrial Universidad de Santiago","url":"https:\/\/www.ingenieriaindustrial-usach.cl\/","logo":{"@type":"ImageObject","inLanguage":"en-US","@id":"https:\/\/www.ingenieriaindustrial-usach.cl\/#\/schema\/logo\/image\/","url":"https:\/\/www.ingenieriaindustrial-usach.cl\/wp-content\/uploads\/2023\/11\/cropped-favicon_usach-01.png","contentUrl":"https:\/\/www.ingenieriaindustrial-usach.cl\/wp-content\/uploads\/2023\/11\/cropped-favicon_usach-01.png","width":512,"height":512,"caption":"Departamento de Ingenier\u00eda Industrial Universidad de Santiago"},"image":{"@id":"https:\/\/www.ingenieriaindustrial-usach.cl\/#\/schema\/logo\/image\/"},"sameAs":["https:\/\/web.facebook.com\/Depto.Ingenieria.industrial.UdeSantiagodeChile?_rdc=1&_rdr","https:\/\/www.linkedin.com\/in\/departamento-ingeniera-industrial-usach-94780711b\/","https:\/\/www.instagram.com\/ingenieria_industrial_usach\/"]},{"@type":"Person","@id":"https:\/\/www.ingenieriaindustrial-usach.cl\/#\/schema\/person\/427d4f95ef64457e2e16890ac3e62007","name":"Departamento Intenier\u00eda Industrial USACH","image":{"@type":"ImageObject","inLanguage":"en-US","@id":"https:\/\/www.ingenieriaindustrial-usach.cl\/#\/schema\/person\/image\/","url":"https:\/\/www.ingenieriaindustrial-usach.cl\/wp-content\/litespeed\/avatar\/c89373088fbc5a525fde67d81c2043ff.jpg?ver=1777477920","contentUrl":"https:\/\/www.ingenieriaindustrial-usach.cl\/wp-content\/litespeed\/avatar\/c89373088fbc5a525fde67d81c2043ff.jpg?ver=1777477920","caption":"Departamento Intenier\u00eda Industrial USACH"},"sameAs":["http:\/\/www.usach.cl"],"url":"https:\/\/www.ingenieriaindustrial-usach.cl\/en\/author\/eduardo\/"}]}},"_links":{"self":[{"href":"https:\/\/www.ingenieriaindustrial-usach.cl\/en\/wp-json\/wp\/v2\/posts\/22641"}],"collection":[{"href":"https:\/\/www.ingenieriaindustrial-usach.cl\/en\/wp-json\/wp\/v2\/posts"}],"about":[{"href":"https:\/\/www.ingenieriaindustrial-usach.cl\/en\/wp-json\/wp\/v2\/types\/post"}],"author":[{"embeddable":true,"href":"https:\/\/www.ingenieriaindustrial-usach.cl\/en\/wp-json\/wp\/v2\/users\/3"}],"replies":[{"embeddable":true,"href":"https:\/\/www.ingenieriaindustrial-usach.cl\/en\/wp-json\/wp\/v2\/comments?post=22641"}],"version-history":[{"count":1,"href":"https:\/\/www.ingenieriaindustrial-usach.cl\/en\/wp-json\/wp\/v2\/posts\/22641\/revisions"}],"predecessor-version":[{"id":22643,"href":"https:\/\/www.ingenieriaindustrial-usach.cl\/en\/wp-json\/wp\/v2\/posts\/22641\/revisions\/22643"}],"wp:featuredmedia":[{"embeddable":true,"href":"https:\/\/www.ingenieriaindustrial-usach.cl\/en\/wp-json\/wp\/v2\/media\/22644"}],"wp:attachment":[{"href":"https:\/\/www.ingenieriaindustrial-usach.cl\/en\/wp-json\/wp\/v2\/media?parent=22641"}],"wp:term":[{"taxonomy":"category","embeddable":true,"href":"https:\/\/www.ingenieriaindustrial-usach.cl\/en\/wp-json\/wp\/v2\/categories?post=22641"},{"taxonomy":"post_tag","embeddable":true,"href":"https:\/\/www.ingenieriaindustrial-usach.cl\/en\/wp-json\/wp\/v2\/tags?post=22641"},{"taxonomy":"tipo","embeddable":true,"href":"https:\/\/www.ingenieriaindustrial-usach.cl\/en\/wp-json\/wp\/v2\/tipo?post=22641"}],"curies":[{"name":"wp","href":"https:\/\/api.w.org\/{rel}","templated":true}]}}