{"id":21183,"date":"2025-09-01T09:55:14","date_gmt":"2025-09-01T13:55:14","guid":{"rendered":"https:\/\/www.ingenieriaindustrial-usach.cl\/?p=21183"},"modified":"2025-09-01T09:55:14","modified_gmt":"2025-09-01T13:55:14","slug":"dr-miguel-alfaro-marchant-dio-a-conocer-la-gestion-del-departamento-de-ingenieria-industrial-en-su-cuenta-publica","status":"publish","type":"post","link":"https:\/\/www.ingenieriaindustrial-usach.cl\/en\/noticias\/dr-miguel-alfaro-marchant-dio-a-conocer-la-gestion-del-departamento-de-ingenieria-industrial-en-su-cuenta-publica\/","title":{"rendered":"Dr. Miguel Alfaro Marchant dio a conocer la gesti\u00f3n del Departamento de Ingenier\u00eda Industrial en su Cuenta P\u00fablica"},"content":{"rendered":"<p style=\"text-align: justify;\"><span style=\"font-weight: 400; font-family: helvetica; font-size: 17px; color: #000000;\">El martes 26 de agosto, en el auditorio del Departamento de Ingenier\u00eda Industrial, el Director del Departamento, Dr. Miguel Alfaro Marchant present\u00f3 la cuenta p\u00fablica de su mandato (2023-2025), instancia en la que comparti\u00f3 con la comunidad acad\u00e9mica y estudiantil los principales avances alcanzados durante estos \u00faltimos 2 a\u00f1os.\u00a0<\/span><\/p>\n<p style=\"text-align: justify;\"><span style=\"font-weight: 400; font-family: helvetica; font-size: 17px; color: #000000;\">En su exposici\u00f3n, destac\u00f3 la implementaci\u00f3n de nuevas mallas de estudio para las carreras de prosecuci\u00f3n, lo que ha permitido el aumento de las matr\u00edculas superior al 40%, fortaleciendo la formaci\u00f3n profesional y abriendo mayores oportunidades de acceso.<\/span><\/p>\n<p style=\"text-align: justify;\"><span style=\"font-weight: 400; font-family: helvetica; font-size: 17px; color: #000000;\">Otro de los logros relevantes fue la acreditaci\u00f3n del Mag\u00edster de Ingenier\u00eda Industrial y del Mag\u00edster en Sistemas de Gesti\u00f3n Integrados, hitos que consolidan la calidad de la oferta de posgrado del Departamento y refuerzan su compromiso con la excelencia acad\u00e9mica.\u00a0<\/span><\/p>\n<p style=\"text-align: justify;\"><span style=\"font-weight: 400; font-family: helvetica; font-size: 17px; color: #000000;\">En materia de investigaci\u00f3n, el Dr. Alfaro subray\u00f3 el incremento sostenido en las publicaciones WoS por acad\u00e9mico por a\u00f1o, con especial foco en los cuartiles Q1 y Q2, lo que refleja el impacto y la pertinencia del trabajo cient\u00edfico desarrollado por nuestra unidad.\u00a0<\/span><\/p>\n<p style=\"text-align: justify;\"><span style=\"font-weight: 400; font-family: helvetica; font-size: 17px; color: #000000;\">La gesti\u00f3n tambi\u00e9n ha considerado mejoras en infraestructura y espacios comunes. Espec\u00edficamente, se habilit\u00f3 el hall central con nuevo mobiliario, tales como sillones, mesas, sillas\u00a0 y pizarras m\u00f3viles, esto con la finalidad de fomentar la interacci\u00f3n y el trabajo colaborativo. Asimismo, se instal\u00f3 piso flotante en las oficinas de bibliotecas, logias y coordinaci\u00f3n docente.\u00a0<\/span><\/p>\n<p style=\"text-align: justify;\"><span style=\"font-weight: 400; font-family: helvetica; font-size: 17px; color: #000000;\">Al cierre de su presentaci\u00f3n, el Director, destac\u00f3 que estos avances son fruto de un trabajo colectivo y reafirm\u00f3 el compromiso de la unidad con el fortalecimiento de la docencia, la investigaci\u00f3n y la vinculaci\u00f3n con el medio.\u00a0<\/span><\/p>\n","protected":false},"excerpt":{"rendered":"<p>El martes 26 de agosto, en el auditorio del Departamento de Ingenier\u00eda Industrial, el Director del Departamento, Dr. Miguel Alfaro Marchant present\u00f3 la cuenta p\u00fablica de su mandato (2023-2025), instancia en la que comparti\u00f3 con la comunidad acad\u00e9mica y estudiantil los principales avances alcanzados durante estos \u00faltimos 2 a\u00f1os.\u00a0 En &hellip; <a class=\"readmore\" href=\"https:\/\/www.ingenieriaindustrial-usach.cl\/en\/noticias\/dr-miguel-alfaro-marchant-dio-a-conocer-la-gestion-del-departamento-de-ingenieria-industrial-en-su-cuenta-publica\/\">Seguir Leyendo <span class=\"meta-nav\">&rarr;<\/span><\/a><\/p>\n","protected":false},"author":5881,"featured_media":21184,"comment_status":"open","ping_status":"open","sticky":false,"template":"","format":"standard","meta":{"footnotes":"","_links_to":"","_links_to_target":""},"categories":[3,1],"tags":[],"tipo":[],"yoast_head":"<!-- This site is optimized with the Yoast SEO plugin v23.0 - https:\/\/yoast.com\/wordpress\/plugins\/seo\/ -->\n<title>Dr. Miguel Alfaro Marchant dio a conocer la gesti\u00f3n del Departamento de Ingenier\u00eda Industrial en su Cuenta P\u00fablica - Departamento de Ingenier\u00eda Industrial Universidad de Santiago<\/title>\n<meta name=\"robots\" content=\"index, follow, max-snippet:-1, max-image-preview:large, max-video-preview:-1\" \/>\n<link rel=\"canonical\" href=\"https:\/\/www.ingenieriaindustrial-usach.cl\/noticias\/dr-miguel-alfaro-marchant-dio-a-conocer-la-gestion-del-departamento-de-ingenieria-industrial-en-su-cuenta-publica\/\" \/>\n<meta property=\"og:locale\" content=\"en_US\" \/>\n<meta property=\"og:type\" content=\"article\" \/>\n<meta property=\"og:title\" content=\"Dr. Miguel Alfaro Marchant dio a conocer la gesti\u00f3n del Departamento de Ingenier\u00eda Industrial en su Cuenta P\u00fablica - Departamento de Ingenier\u00eda Industrial Universidad de Santiago\" \/>\n<meta property=\"og:description\" content=\"El martes 26 de agosto, en el auditorio del Departamento de Ingenier\u00eda Industrial, el Director del Departamento, Dr. Miguel Alfaro Marchant present\u00f3 la cuenta p\u00fablica de su mandato (2023-2025), instancia en la que comparti\u00f3 con la comunidad acad\u00e9mica y estudiantil los principales avances alcanzados durante estos \u00faltimos 2 a\u00f1os.\u00a0 En &hellip; Seguir Leyendo &rarr;\" \/>\n<meta property=\"og:url\" content=\"https:\/\/www.ingenieriaindustrial-usach.cl\/noticias\/dr-miguel-alfaro-marchant-dio-a-conocer-la-gestion-del-departamento-de-ingenieria-industrial-en-su-cuenta-publica\/\" \/>\n<meta property=\"og:site_name\" content=\"Departamento de Ingenier\u00eda Industrial Universidad de Santiago\" \/>\n<meta property=\"article:publisher\" content=\"https:\/\/web.facebook.com\/Depto.Ingenieria.industrial.UdeSantiagodeChile?_rdc=1&amp;_rdr\" \/>\n<meta property=\"article:published_time\" content=\"2025-09-01T13:55:14+00:00\" \/>\n<meta property=\"og:image\" content=\"https:\/\/www.ingenieriaindustrial-usach.cl\/wp-content\/uploads\/2025\/09\/3-1024x683.png\" \/>\n\t<meta property=\"og:image:width\" content=\"1024\" \/>\n\t<meta property=\"og:image:height\" content=\"683\" \/>\n\t<meta property=\"og:image:type\" content=\"image\/png\" \/>\n<meta name=\"author\" content=\"Antonia Reyes Ferreira\" \/>\n<meta name=\"twitter:card\" content=\"summary_large_image\" \/>\n<meta name=\"twitter:label1\" content=\"Written by\" \/>\n\t<meta name=\"twitter:data1\" content=\"Antonia Reyes Ferreira\" \/>\n\t<meta name=\"twitter:label2\" content=\"Est. reading time\" \/>\n\t<meta name=\"twitter:data2\" content=\"2 minutes\" \/>\n<script type=\"application\/ld+json\" class=\"yoast-schema-graph\">{\"@context\":\"https:\/\/schema.org\",\"@graph\":[{\"@type\":\"Article\",\"@id\":\"https:\/\/www.ingenieriaindustrial-usach.cl\/noticias\/dr-miguel-alfaro-marchant-dio-a-conocer-la-gestion-del-departamento-de-ingenieria-industrial-en-su-cuenta-publica\/#article\",\"isPartOf\":{\"@id\":\"https:\/\/www.ingenieriaindustrial-usach.cl\/noticias\/dr-miguel-alfaro-marchant-dio-a-conocer-la-gestion-del-departamento-de-ingenieria-industrial-en-su-cuenta-publica\/\"},\"author\":{\"name\":\"Antonia Reyes Ferreira\",\"@id\":\"https:\/\/www.ingenieriaindustrial-usach.cl\/#\/schema\/person\/2c3b5a1e7f7c844415eb926003bec7f0\"},\"headline\":\"Dr. Miguel Alfaro Marchant dio a conocer la gesti\u00f3n del Departamento de Ingenier\u00eda Industrial en su Cuenta P\u00fablica\",\"datePublished\":\"2025-09-01T13:55:14+00:00\",\"dateModified\":\"2025-09-01T13:55:14+00:00\",\"mainEntityOfPage\":{\"@id\":\"https:\/\/www.ingenieriaindustrial-usach.cl\/noticias\/dr-miguel-alfaro-marchant-dio-a-conocer-la-gestion-del-departamento-de-ingenieria-industrial-en-su-cuenta-publica\/\"},\"wordCount\":309,\"commentCount\":0,\"publisher\":{\"@id\":\"https:\/\/www.ingenieriaindustrial-usach.cl\/#organization\"},\"image\":{\"@id\":\"https:\/\/www.ingenieriaindustrial-usach.cl\/noticias\/dr-miguel-alfaro-marchant-dio-a-conocer-la-gestion-del-departamento-de-ingenieria-industrial-en-su-cuenta-publica\/#primaryimage\"},\"thumbnailUrl\":\"https:\/\/www.ingenieriaindustrial-usach.cl\/wp-content\/uploads\/2025\/09\/3.png\",\"articleSection\":[\"Destacadas\",\"Noticias\"],\"inLanguage\":\"en-US\",\"potentialAction\":[{\"@type\":\"CommentAction\",\"name\":\"Comment\",\"target\":[\"https:\/\/www.ingenieriaindustrial-usach.cl\/noticias\/dr-miguel-alfaro-marchant-dio-a-conocer-la-gestion-del-departamento-de-ingenieria-industrial-en-su-cuenta-publica\/#respond\"]}]},{\"@type\":\"WebPage\",\"@id\":\"https:\/\/www.ingenieriaindustrial-usach.cl\/noticias\/dr-miguel-alfaro-marchant-dio-a-conocer-la-gestion-del-departamento-de-ingenieria-industrial-en-su-cuenta-publica\/\",\"url\":\"https:\/\/www.ingenieriaindustrial-usach.cl\/noticias\/dr-miguel-alfaro-marchant-dio-a-conocer-la-gestion-del-departamento-de-ingenieria-industrial-en-su-cuenta-publica\/\",\"name\":\"Dr. Miguel Alfaro Marchant dio a conocer la gesti\u00f3n del Departamento de Ingenier\u00eda Industrial en su Cuenta P\u00fablica - Departamento de Ingenier\u00eda Industrial Universidad de Santiago\",\"isPartOf\":{\"@id\":\"https:\/\/www.ingenieriaindustrial-usach.cl\/#website\"},\"primaryImageOfPage\":{\"@id\":\"https:\/\/www.ingenieriaindustrial-usach.cl\/noticias\/dr-miguel-alfaro-marchant-dio-a-conocer-la-gestion-del-departamento-de-ingenieria-industrial-en-su-cuenta-publica\/#primaryimage\"},\"image\":{\"@id\":\"https:\/\/www.ingenieriaindustrial-usach.cl\/noticias\/dr-miguel-alfaro-marchant-dio-a-conocer-la-gestion-del-departamento-de-ingenieria-industrial-en-su-cuenta-publica\/#primaryimage\"},\"thumbnailUrl\":\"https:\/\/www.ingenieriaindustrial-usach.cl\/wp-content\/uploads\/2025\/09\/3.png\",\"datePublished\":\"2025-09-01T13:55:14+00:00\",\"dateModified\":\"2025-09-01T13:55:14+00:00\",\"breadcrumb\":{\"@id\":\"https:\/\/www.ingenieriaindustrial-usach.cl\/noticias\/dr-miguel-alfaro-marchant-dio-a-conocer-la-gestion-del-departamento-de-ingenieria-industrial-en-su-cuenta-publica\/#breadcrumb\"},\"inLanguage\":\"en-US\",\"potentialAction\":[{\"@type\":\"ReadAction\",\"target\":[\"https:\/\/www.ingenieriaindustrial-usach.cl\/noticias\/dr-miguel-alfaro-marchant-dio-a-conocer-la-gestion-del-departamento-de-ingenieria-industrial-en-su-cuenta-publica\/\"]}]},{\"@type\":\"ImageObject\",\"inLanguage\":\"en-US\",\"@id\":\"https:\/\/www.ingenieriaindustrial-usach.cl\/noticias\/dr-miguel-alfaro-marchant-dio-a-conocer-la-gestion-del-departamento-de-ingenieria-industrial-en-su-cuenta-publica\/#primaryimage\",\"url\":\"https:\/\/www.ingenieriaindustrial-usach.cl\/wp-content\/uploads\/2025\/09\/3.png\",\"contentUrl\":\"https:\/\/www.ingenieriaindustrial-usach.cl\/wp-content\/uploads\/2025\/09\/3.png\",\"width\":2048,\"height\":1365},{\"@type\":\"BreadcrumbList\",\"@id\":\"https:\/\/www.ingenieriaindustrial-usach.cl\/noticias\/dr-miguel-alfaro-marchant-dio-a-conocer-la-gestion-del-departamento-de-ingenieria-industrial-en-su-cuenta-publica\/#breadcrumb\",\"itemListElement\":[{\"@type\":\"ListItem\",\"position\":1,\"name\":\"Portada\",\"item\":\"https:\/\/www.ingenieriaindustrial-usach.cl\/\"},{\"@type\":\"ListItem\",\"position\":2,\"name\":\"Dr. Miguel Alfaro Marchant dio a conocer la gesti\u00f3n del Departamento de Ingenier\u00eda Industrial en su Cuenta P\u00fablica\"}]},{\"@type\":\"WebSite\",\"@id\":\"https:\/\/www.ingenieriaindustrial-usach.cl\/#website\",\"url\":\"https:\/\/www.ingenieriaindustrial-usach.cl\/\",\"name\":\"Departamento de Ingenier\u00eda Industrial Universidad de Santiago\",\"description\":\"Otro sitio realizado con WordPress\",\"publisher\":{\"@id\":\"https:\/\/www.ingenieriaindustrial-usach.cl\/#organization\"},\"potentialAction\":[{\"@type\":\"SearchAction\",\"target\":{\"@type\":\"EntryPoint\",\"urlTemplate\":\"https:\/\/www.ingenieriaindustrial-usach.cl\/?s={search_term_string}\"},\"query-input\":\"required name=search_term_string\"}],\"inLanguage\":\"en-US\"},{\"@type\":\"Organization\",\"@id\":\"https:\/\/www.ingenieriaindustrial-usach.cl\/#organization\",\"name\":\"Departamento de Ingenier\u00eda Industrial Universidad de Santiago\",\"url\":\"https:\/\/www.ingenieriaindustrial-usach.cl\/\",\"logo\":{\"@type\":\"ImageObject\",\"inLanguage\":\"en-US\",\"@id\":\"https:\/\/www.ingenieriaindustrial-usach.cl\/#\/schema\/logo\/image\/\",\"url\":\"https:\/\/www.ingenieriaindustrial-usach.cl\/wp-content\/uploads\/2023\/11\/cropped-favicon_usach-01.png\",\"contentUrl\":\"https:\/\/www.ingenieriaindustrial-usach.cl\/wp-content\/uploads\/2023\/11\/cropped-favicon_usach-01.png\",\"width\":512,\"height\":512,\"caption\":\"Departamento de Ingenier\u00eda Industrial Universidad de Santiago\"},\"image\":{\"@id\":\"https:\/\/www.ingenieriaindustrial-usach.cl\/#\/schema\/logo\/image\/\"},\"sameAs\":[\"https:\/\/web.facebook.com\/Depto.Ingenieria.industrial.UdeSantiagodeChile?_rdc=1&_rdr\",\"https:\/\/www.linkedin.com\/in\/departamento-ingeniera-industrial-usach-94780711b\/\",\"https:\/\/www.instagram.com\/ingenieria_industrial_usach\/\"]},{\"@type\":\"Person\",\"@id\":\"https:\/\/www.ingenieriaindustrial-usach.cl\/#\/schema\/person\/2c3b5a1e7f7c844415eb926003bec7f0\",\"name\":\"Antonia Reyes Ferreira\",\"image\":{\"@type\":\"ImageObject\",\"inLanguage\":\"en-US\",\"@id\":\"https:\/\/www.ingenieriaindustrial-usach.cl\/#\/schema\/person\/image\/\",\"url\":\"https:\/\/www.ingenieriaindustrial-usach.cl\/wp-content\/litespeed\/avatar\/07b400358d4245baeb6cd734acfaceb8.jpg?ver=1777478510\",\"contentUrl\":\"https:\/\/www.ingenieriaindustrial-usach.cl\/wp-content\/litespeed\/avatar\/07b400358d4245baeb6cd734acfaceb8.jpg?ver=1777478510\",\"caption\":\"Antonia Reyes Ferreira\"},\"url\":\"https:\/\/www.ingenieriaindustrial-usach.cl\/en\/author\/antonia\/\"}]}<\/script>\n<!-- \/ Yoast SEO plugin. -->","yoast_head_json":{"title":"Dr. Miguel Alfaro Marchant dio a conocer la gesti\u00f3n del Departamento de Ingenier\u00eda Industrial en su Cuenta P\u00fablica - Departamento de Ingenier\u00eda Industrial Universidad de Santiago","robots":{"index":"index","follow":"follow","max-snippet":"max-snippet:-1","max-image-preview":"max-image-preview:large","max-video-preview":"max-video-preview:-1"},"canonical":"https:\/\/www.ingenieriaindustrial-usach.cl\/noticias\/dr-miguel-alfaro-marchant-dio-a-conocer-la-gestion-del-departamento-de-ingenieria-industrial-en-su-cuenta-publica\/","og_locale":"en_US","og_type":"article","og_title":"Dr. Miguel Alfaro Marchant dio a conocer la gesti\u00f3n del Departamento de Ingenier\u00eda Industrial en su Cuenta P\u00fablica - Departamento de Ingenier\u00eda Industrial Universidad de Santiago","og_description":"El martes 26 de agosto, en el auditorio del Departamento de Ingenier\u00eda Industrial, el Director del Departamento, Dr. Miguel Alfaro Marchant present\u00f3 la cuenta p\u00fablica de su mandato (2023-2025), instancia en la que comparti\u00f3 con la comunidad acad\u00e9mica y estudiantil los principales avances alcanzados durante estos \u00faltimos 2 a\u00f1os.\u00a0 En &hellip; Seguir Leyendo &rarr;","og_url":"https:\/\/www.ingenieriaindustrial-usach.cl\/noticias\/dr-miguel-alfaro-marchant-dio-a-conocer-la-gestion-del-departamento-de-ingenieria-industrial-en-su-cuenta-publica\/","og_site_name":"Departamento de Ingenier\u00eda Industrial Universidad de Santiago","article_publisher":"https:\/\/web.facebook.com\/Depto.Ingenieria.industrial.UdeSantiagodeChile?_rdc=1&_rdr","article_published_time":"2025-09-01T13:55:14+00:00","og_image":[{"width":1024,"height":683,"url":"https:\/\/www.ingenieriaindustrial-usach.cl\/wp-content\/uploads\/2025\/09\/3-1024x683.png","type":"image\/png"}],"author":"Antonia Reyes Ferreira","twitter_card":"summary_large_image","twitter_misc":{"Written by":"Antonia Reyes Ferreira","Est. reading time":"2 minutes"},"schema":{"@context":"https:\/\/schema.org","@graph":[{"@type":"Article","@id":"https:\/\/www.ingenieriaindustrial-usach.cl\/noticias\/dr-miguel-alfaro-marchant-dio-a-conocer-la-gestion-del-departamento-de-ingenieria-industrial-en-su-cuenta-publica\/#article","isPartOf":{"@id":"https:\/\/www.ingenieriaindustrial-usach.cl\/noticias\/dr-miguel-alfaro-marchant-dio-a-conocer-la-gestion-del-departamento-de-ingenieria-industrial-en-su-cuenta-publica\/"},"author":{"name":"Antonia Reyes Ferreira","@id":"https:\/\/www.ingenieriaindustrial-usach.cl\/#\/schema\/person\/2c3b5a1e7f7c844415eb926003bec7f0"},"headline":"Dr. Miguel Alfaro Marchant dio a conocer la gesti\u00f3n del Departamento de Ingenier\u00eda Industrial en su Cuenta P\u00fablica","datePublished":"2025-09-01T13:55:14+00:00","dateModified":"2025-09-01T13:55:14+00:00","mainEntityOfPage":{"@id":"https:\/\/www.ingenieriaindustrial-usach.cl\/noticias\/dr-miguel-alfaro-marchant-dio-a-conocer-la-gestion-del-departamento-de-ingenieria-industrial-en-su-cuenta-publica\/"},"wordCount":309,"commentCount":0,"publisher":{"@id":"https:\/\/www.ingenieriaindustrial-usach.cl\/#organization"},"image":{"@id":"https:\/\/www.ingenieriaindustrial-usach.cl\/noticias\/dr-miguel-alfaro-marchant-dio-a-conocer-la-gestion-del-departamento-de-ingenieria-industrial-en-su-cuenta-publica\/#primaryimage"},"thumbnailUrl":"https:\/\/www.ingenieriaindustrial-usach.cl\/wp-content\/uploads\/2025\/09\/3.png","articleSection":["Destacadas","Noticias"],"inLanguage":"en-US","potentialAction":[{"@type":"CommentAction","name":"Comment","target":["https:\/\/www.ingenieriaindustrial-usach.cl\/noticias\/dr-miguel-alfaro-marchant-dio-a-conocer-la-gestion-del-departamento-de-ingenieria-industrial-en-su-cuenta-publica\/#respond"]}]},{"@type":"WebPage","@id":"https:\/\/www.ingenieriaindustrial-usach.cl\/noticias\/dr-miguel-alfaro-marchant-dio-a-conocer-la-gestion-del-departamento-de-ingenieria-industrial-en-su-cuenta-publica\/","url":"https:\/\/www.ingenieriaindustrial-usach.cl\/noticias\/dr-miguel-alfaro-marchant-dio-a-conocer-la-gestion-del-departamento-de-ingenieria-industrial-en-su-cuenta-publica\/","name":"Dr. Miguel Alfaro Marchant dio a conocer la gesti\u00f3n del Departamento de Ingenier\u00eda Industrial en su Cuenta P\u00fablica - Departamento de Ingenier\u00eda Industrial Universidad de Santiago","isPartOf":{"@id":"https:\/\/www.ingenieriaindustrial-usach.cl\/#website"},"primaryImageOfPage":{"@id":"https:\/\/www.ingenieriaindustrial-usach.cl\/noticias\/dr-miguel-alfaro-marchant-dio-a-conocer-la-gestion-del-departamento-de-ingenieria-industrial-en-su-cuenta-publica\/#primaryimage"},"image":{"@id":"https:\/\/www.ingenieriaindustrial-usach.cl\/noticias\/dr-miguel-alfaro-marchant-dio-a-conocer-la-gestion-del-departamento-de-ingenieria-industrial-en-su-cuenta-publica\/#primaryimage"},"thumbnailUrl":"https:\/\/www.ingenieriaindustrial-usach.cl\/wp-content\/uploads\/2025\/09\/3.png","datePublished":"2025-09-01T13:55:14+00:00","dateModified":"2025-09-01T13:55:14+00:00","breadcrumb":{"@id":"https:\/\/www.ingenieriaindustrial-usach.cl\/noticias\/dr-miguel-alfaro-marchant-dio-a-conocer-la-gestion-del-departamento-de-ingenieria-industrial-en-su-cuenta-publica\/#breadcrumb"},"inLanguage":"en-US","potentialAction":[{"@type":"ReadAction","target":["https:\/\/www.ingenieriaindustrial-usach.cl\/noticias\/dr-miguel-alfaro-marchant-dio-a-conocer-la-gestion-del-departamento-de-ingenieria-industrial-en-su-cuenta-publica\/"]}]},{"@type":"ImageObject","inLanguage":"en-US","@id":"https:\/\/www.ingenieriaindustrial-usach.cl\/noticias\/dr-miguel-alfaro-marchant-dio-a-conocer-la-gestion-del-departamento-de-ingenieria-industrial-en-su-cuenta-publica\/#primaryimage","url":"https:\/\/www.ingenieriaindustrial-usach.cl\/wp-content\/uploads\/2025\/09\/3.png","contentUrl":"https:\/\/www.ingenieriaindustrial-usach.cl\/wp-content\/uploads\/2025\/09\/3.png","width":2048,"height":1365},{"@type":"BreadcrumbList","@id":"https:\/\/www.ingenieriaindustrial-usach.cl\/noticias\/dr-miguel-alfaro-marchant-dio-a-conocer-la-gestion-del-departamento-de-ingenieria-industrial-en-su-cuenta-publica\/#breadcrumb","itemListElement":[{"@type":"ListItem","position":1,"name":"Portada","item":"https:\/\/www.ingenieriaindustrial-usach.cl\/"},{"@type":"ListItem","position":2,"name":"Dr. Miguel Alfaro Marchant dio a conocer la gesti\u00f3n del Departamento de Ingenier\u00eda Industrial en su Cuenta P\u00fablica"}]},{"@type":"WebSite","@id":"https:\/\/www.ingenieriaindustrial-usach.cl\/#website","url":"https:\/\/www.ingenieriaindustrial-usach.cl\/","name":"Departamento de Ingenier\u00eda Industrial Universidad de Santiago","description":"Otro sitio realizado con WordPress","publisher":{"@id":"https:\/\/www.ingenieriaindustrial-usach.cl\/#organization"},"potentialAction":[{"@type":"SearchAction","target":{"@type":"EntryPoint","urlTemplate":"https:\/\/www.ingenieriaindustrial-usach.cl\/?s={search_term_string}"},"query-input":"required name=search_term_string"}],"inLanguage":"en-US"},{"@type":"Organization","@id":"https:\/\/www.ingenieriaindustrial-usach.cl\/#organization","name":"Departamento de Ingenier\u00eda Industrial Universidad de Santiago","url":"https:\/\/www.ingenieriaindustrial-usach.cl\/","logo":{"@type":"ImageObject","inLanguage":"en-US","@id":"https:\/\/www.ingenieriaindustrial-usach.cl\/#\/schema\/logo\/image\/","url":"https:\/\/www.ingenieriaindustrial-usach.cl\/wp-content\/uploads\/2023\/11\/cropped-favicon_usach-01.png","contentUrl":"https:\/\/www.ingenieriaindustrial-usach.cl\/wp-content\/uploads\/2023\/11\/cropped-favicon_usach-01.png","width":512,"height":512,"caption":"Departamento de Ingenier\u00eda Industrial Universidad de Santiago"},"image":{"@id":"https:\/\/www.ingenieriaindustrial-usach.cl\/#\/schema\/logo\/image\/"},"sameAs":["https:\/\/web.facebook.com\/Depto.Ingenieria.industrial.UdeSantiagodeChile?_rdc=1&_rdr","https:\/\/www.linkedin.com\/in\/departamento-ingeniera-industrial-usach-94780711b\/","https:\/\/www.instagram.com\/ingenieria_industrial_usach\/"]},{"@type":"Person","@id":"https:\/\/www.ingenieriaindustrial-usach.cl\/#\/schema\/person\/2c3b5a1e7f7c844415eb926003bec7f0","name":"Antonia Reyes Ferreira","image":{"@type":"ImageObject","inLanguage":"en-US","@id":"https:\/\/www.ingenieriaindustrial-usach.cl\/#\/schema\/person\/image\/","url":"https:\/\/www.ingenieriaindustrial-usach.cl\/wp-content\/litespeed\/avatar\/07b400358d4245baeb6cd734acfaceb8.jpg?ver=1777478510","contentUrl":"https:\/\/www.ingenieriaindustrial-usach.cl\/wp-content\/litespeed\/avatar\/07b400358d4245baeb6cd734acfaceb8.jpg?ver=1777478510","caption":"Antonia Reyes Ferreira"},"url":"https:\/\/www.ingenieriaindustrial-usach.cl\/en\/author\/antonia\/"}]}},"_links":{"self":[{"href":"https:\/\/www.ingenieriaindustrial-usach.cl\/en\/wp-json\/wp\/v2\/posts\/21183"}],"collection":[{"href":"https:\/\/www.ingenieriaindustrial-usach.cl\/en\/wp-json\/wp\/v2\/posts"}],"about":[{"href":"https:\/\/www.ingenieriaindustrial-usach.cl\/en\/wp-json\/wp\/v2\/types\/post"}],"author":[{"embeddable":true,"href":"https:\/\/www.ingenieriaindustrial-usach.cl\/en\/wp-json\/wp\/v2\/users\/5881"}],"replies":[{"embeddable":true,"href":"https:\/\/www.ingenieriaindustrial-usach.cl\/en\/wp-json\/wp\/v2\/comments?post=21183"}],"version-history":[{"count":1,"href":"https:\/\/www.ingenieriaindustrial-usach.cl\/en\/wp-json\/wp\/v2\/posts\/21183\/revisions"}],"predecessor-version":[{"id":21189,"href":"https:\/\/www.ingenieriaindustrial-usach.cl\/en\/wp-json\/wp\/v2\/posts\/21183\/revisions\/21189"}],"wp:featuredmedia":[{"embeddable":true,"href":"https:\/\/www.ingenieriaindustrial-usach.cl\/en\/wp-json\/wp\/v2\/media\/21184"}],"wp:attachment":[{"href":"https:\/\/www.ingenieriaindustrial-usach.cl\/en\/wp-json\/wp\/v2\/media?parent=21183"}],"wp:term":[{"taxonomy":"category","embeddable":true,"href":"https:\/\/www.ingenieriaindustrial-usach.cl\/en\/wp-json\/wp\/v2\/categories?post=21183"},{"taxonomy":"post_tag","embeddable":true,"href":"https:\/\/www.ingenieriaindustrial-usach.cl\/en\/wp-json\/wp\/v2\/tags?post=21183"},{"taxonomy":"tipo","embeddable":true,"href":"https:\/\/www.ingenieriaindustrial-usach.cl\/en\/wp-json\/wp\/v2\/tipo?post=21183"}],"curies":[{"name":"wp","href":"https:\/\/api.w.org\/{rel}","templated":true}]}}