{"id":19794,"date":"2025-07-10T14:47:33","date_gmt":"2025-07-10T18:47:33","guid":{"rendered":"https:\/\/www.ingenieriaindustrial-usach.cl\/?p=19794"},"modified":"2025-07-10T14:47:33","modified_gmt":"2025-07-10T18:47:33","slug":"oferta-de-practica-profesional-analista-rrhh","status":"publish","type":"post","link":"https:\/\/www.ingenieriaindustrial-usach.cl\/en\/ofertas-de-practica\/oferta-de-practica-profesional-analista-rrhh\/","title":{"rendered":"OFERTA DE PR\u00c1CTICA PROFESIONAL \u2013 ANALISTA RRHH"},"content":{"rendered":"<p><\/p>\n<p style=\"text-align: justify;\"><span style=\"font-family: helvetica; font-size: 17px; color: #000000;\"><b>Newrest Chile | Postulaciones abiertas hasta el 30 de septiembre de 2025<\/b><b><br \/>\n<\/b> <b>Ubicaci\u00f3n:<\/b><span style=\"font-weight: 400;\"> Presencial \u2013 Jornada completa<\/span><span style=\"font-weight: 400;\"><br \/>\n<\/span> <b>Recepci\u00f3n de CV:<\/b><span style=\"font-weight: 400;\"> isidora.pokluda@newrest.eu<\/span><\/span><\/p>\n<p style=\"text-align: justify;\">\n<h3 style=\"text-align: justify;\"><span style=\"font-family: helvetica; font-size: 17px; color: #000000;\"><b>\u00a0Descripci\u00f3n de la pr\u00e1ctica:<\/b><\/span><\/h3>\n<p style=\"text-align: justify;\"><span style=\"font-family: helvetica; font-size: 17px; color: #000000;\"><span style=\"font-weight: 400;\">El\/la practicante apoyar\u00e1 tareas administrativas y de coordinaci\u00f3n en el \u00e1rea de <\/span><b>Calidad de Vida y Compensaciones<\/b><span style=\"font-weight: 400;\">, participando en mejoras de procesos internos y en la gesti\u00f3n con proveedores.<\/span><\/span><\/p>\n<h3 style=\"text-align: justify;\"><span style=\"font-family: helvetica; font-size: 17px; color: #000000;\"><b>\u00a0Principales tareas:<\/b><\/span><\/h3>\n<ul style=\"text-align: justify;\">\n<li style=\"font-weight: 400;\" aria-level=\"1\"><span style=\"font-family: helvetica; font-size: 17px; color: #000000;\"><span style=\"font-weight: 400;\">Coordinaci\u00f3n de actividades de calidad de vida internas y con proveedores.<\/span><span style=\"font-weight: 400;\">\n<p><\/span><\/span><\/li>\n<li style=\"font-weight: 400;\" aria-level=\"1\"><span style=\"font-family: helvetica; font-size: 17px; color: #000000;\"><span style=\"font-weight: 400;\">Mejora de descripciones de cargos.<\/span><span style=\"font-weight: 400;\">\n<p><\/span><\/span><\/li>\n<li style=\"font-weight: 400;\" aria-level=\"1\"><span style=\"font-family: helvetica; font-size: 17px; color: #000000;\"><span style=\"font-weight: 400;\">Optimizaci\u00f3n de procesos administrativos realizados en Excel.<\/span><span style=\"font-weight: 400;\">\n<p><\/span><\/span><\/li>\n<\/ul>\n<h3 style=\"text-align: justify;\"><span style=\"font-family: helvetica; font-size: 17px; color: #000000;\"><b>\u00a0Requisitos:<\/b><\/span><\/h3>\n<ul style=\"text-align: justify;\">\n<li style=\"font-weight: 400;\" aria-level=\"1\"><span style=\"font-family: helvetica; font-size: 17px; color: #000000;\"><span style=\"font-weight: 400;\">Estudiante de <\/span><b>Ingenier\u00eda Civil Industrial<\/b><span style=\"font-weight: 400;\">.<\/span><span style=\"font-weight: 400;\">\n<p><\/span><\/span><\/li>\n<li style=\"font-weight: 400;\" aria-level=\"1\"><span style=\"font-family: helvetica; font-size: 17px; color: #000000;\"><span style=\"font-weight: 400;\">Perfil anal\u00edtico, ordenado, proactivo y con buenas habilidades de relacionamiento.<\/span><span style=\"font-weight: 400;\">\n<p><\/span><\/span><\/li>\n<\/ul>\n<h3 style=\"text-align: justify;\"><span style=\"font-family: helvetica; font-size: 17px; color: #000000;\"><b>\u00a0Beneficios:<\/b><\/span><\/h3>\n<ul style=\"text-align: justify;\">\n<li style=\"font-weight: 400;\" aria-level=\"1\"><span style=\"font-family: helvetica; font-size: 17px; color: #000000;\"><b>Remuneraci\u00f3n pr\u00e1ctica:<\/b><span style=\"font-weight: 400;\"> $200.000 l\u00edquidos mensuales.<\/span><span style=\"font-weight: 400;\">\n<p><\/span><\/span><\/li>\n<li style=\"font-weight: 400;\" aria-level=\"1\"><span style=\"font-family: helvetica; font-size: 17px; color: #000000;\"><span style=\"font-weight: 400;\">Almuerzo en casino de la empresa de lunes a viernes.<\/span><span style=\"font-weight: 400;\">\n<p><\/span><\/span><\/li>\n<\/ul>\n<p style=\"text-align: justify;\"><span style=\"font-family: helvetica; font-size: 17px; color: #000000;\"><b>\u00a1Postula hasta el 30 de septiembre de 2025!<\/b><b><br \/>\n<\/b><span style=\"font-weight: 400;\"> &#x1f4e7; Env\u00eda tu CV a: isidora.pokluda@newrest.eu<\/span><\/span><\/p>\n<p><\/p>","protected":false},"excerpt":{"rendered":"<p>Newrest Chile | Postulaciones abiertas hasta el 30 de septiembre de 2025 Ubicaci\u00f3n: Presencial \u2013 Jornada completa Recepci\u00f3n de CV: isidora.pokluda@newrest.eu \u00a0Descripci\u00f3n de la pr\u00e1ctica: El\/la practicante apoyar\u00e1 tareas administrativas y de coordinaci\u00f3n en el \u00e1rea de Calidad de Vida y Compensaciones, participando en mejoras de procesos internos y en &hellip; <a class=\"readmore\" href=\"https:\/\/www.ingenieriaindustrial-usach.cl\/en\/ofertas-de-practica\/oferta-de-practica-profesional-analista-rrhh\/\">Seguir Leyendo <span class=\"meta-nav\">&rarr;<\/span><\/a><\/p>\n","protected":false},"author":5881,"featured_media":19795,"comment_status":"open","ping_status":"open","sticky":false,"template":"","format":"standard","meta":{"footnotes":"","_links_to":"","_links_to_target":""},"categories":[14],"tags":[],"tipo":[],"yoast_head":"<!-- This site is optimized with the Yoast SEO plugin v23.0 - https:\/\/yoast.com\/wordpress\/plugins\/seo\/ -->\n<title>OFERTA DE PR\u00c1CTICA PROFESIONAL \u2013 ANALISTA RRHH - Departamento de Ingenier\u00eda Industrial Universidad de Santiago<\/title>\n<meta name=\"robots\" content=\"index, follow, max-snippet:-1, max-image-preview:large, max-video-preview:-1\" \/>\n<link rel=\"canonical\" href=\"https:\/\/www.ingenieriaindustrial-usach.cl\/ofertas-de-practica\/oferta-de-practica-profesional-analista-rrhh\/\" \/>\n<meta property=\"og:locale\" content=\"en_US\" \/>\n<meta property=\"og:type\" content=\"article\" \/>\n<meta property=\"og:title\" content=\"OFERTA DE PR\u00c1CTICA PROFESIONAL \u2013 ANALISTA RRHH - Departamento de Ingenier\u00eda Industrial Universidad de Santiago\" \/>\n<meta property=\"og:description\" content=\"Newrest Chile | Postulaciones abiertas hasta el 30 de septiembre de 2025 Ubicaci\u00f3n: Presencial \u2013 Jornada completa Recepci\u00f3n de CV: isidora.pokluda@newrest.eu \u00a0Descripci\u00f3n de la pr\u00e1ctica: El\/la practicante apoyar\u00e1 tareas administrativas y de coordinaci\u00f3n en el \u00e1rea de Calidad de Vida y Compensaciones, participando en mejoras de procesos internos y en &hellip; Seguir Leyendo &rarr;\" \/>\n<meta property=\"og:url\" content=\"https:\/\/www.ingenieriaindustrial-usach.cl\/ofertas-de-practica\/oferta-de-practica-profesional-analista-rrhh\/\" \/>\n<meta property=\"og:site_name\" content=\"Departamento de Ingenier\u00eda Industrial Universidad de Santiago\" \/>\n<meta property=\"article:publisher\" content=\"https:\/\/web.facebook.com\/Depto.Ingenieria.industrial.UdeSantiagodeChile?_rdc=1&amp;_rdr\" \/>\n<meta property=\"article:published_time\" content=\"2025-07-10T18:47:33+00:00\" \/>\n<meta property=\"og:image\" content=\"https:\/\/www.ingenieriaindustrial-usach.cl\/wp-content\/uploads\/2025\/07\/descarga.jpg\" \/>\n\t<meta property=\"og:image:width\" content=\"118\" \/>\n\t<meta property=\"og:image:height\" content=\"111\" \/>\n\t<meta property=\"og:image:type\" content=\"image\/jpeg\" \/>\n<meta name=\"author\" content=\"Antonia Reyes Ferreira\" \/>\n<meta name=\"twitter:card\" content=\"summary_large_image\" \/>\n<meta name=\"twitter:label1\" content=\"Written by\" \/>\n\t<meta name=\"twitter:data1\" content=\"Antonia Reyes Ferreira\" \/>\n\t<meta name=\"twitter:label2\" content=\"Est. reading time\" \/>\n\t<meta name=\"twitter:data2\" content=\"1 minute\" \/>\n<script type=\"application\/ld+json\" class=\"yoast-schema-graph\">{\"@context\":\"https:\/\/schema.org\",\"@graph\":[{\"@type\":\"Article\",\"@id\":\"https:\/\/www.ingenieriaindustrial-usach.cl\/ofertas-de-practica\/oferta-de-practica-profesional-analista-rrhh\/#article\",\"isPartOf\":{\"@id\":\"https:\/\/www.ingenieriaindustrial-usach.cl\/ofertas-de-practica\/oferta-de-practica-profesional-analista-rrhh\/\"},\"author\":{\"name\":\"Antonia Reyes Ferreira\",\"@id\":\"https:\/\/www.ingenieriaindustrial-usach.cl\/#\/schema\/person\/2c3b5a1e7f7c844415eb926003bec7f0\"},\"headline\":\"OFERTA DE PR\u00c1CTICA PROFESIONAL \u2013 ANALISTA RRHH\",\"datePublished\":\"2025-07-10T18:47:33+00:00\",\"dateModified\":\"2025-07-10T18:47:33+00:00\",\"mainEntityOfPage\":{\"@id\":\"https:\/\/www.ingenieriaindustrial-usach.cl\/ofertas-de-practica\/oferta-de-practica-profesional-analista-rrhh\/\"},\"wordCount\":298,\"commentCount\":0,\"publisher\":{\"@id\":\"https:\/\/www.ingenieriaindustrial-usach.cl\/#organization\"},\"image\":{\"@id\":\"https:\/\/www.ingenieriaindustrial-usach.cl\/ofertas-de-practica\/oferta-de-practica-profesional-analista-rrhh\/#primaryimage\"},\"thumbnailUrl\":\"https:\/\/www.ingenieriaindustrial-usach.cl\/wp-content\/uploads\/2025\/07\/descarga.jpg\",\"articleSection\":[\"Ofertas de Pr\u00e1ctica\"],\"inLanguage\":\"en-US\",\"potentialAction\":[{\"@type\":\"CommentAction\",\"name\":\"Comment\",\"target\":[\"https:\/\/www.ingenieriaindustrial-usach.cl\/ofertas-de-practica\/oferta-de-practica-profesional-analista-rrhh\/#respond\"]}]},{\"@type\":\"WebPage\",\"@id\":\"https:\/\/www.ingenieriaindustrial-usach.cl\/ofertas-de-practica\/oferta-de-practica-profesional-analista-rrhh\/\",\"url\":\"https:\/\/www.ingenieriaindustrial-usach.cl\/ofertas-de-practica\/oferta-de-practica-profesional-analista-rrhh\/\",\"name\":\"OFERTA DE PR\u00c1CTICA PROFESIONAL \u2013 ANALISTA RRHH - Departamento de Ingenier\u00eda Industrial Universidad de Santiago\",\"isPartOf\":{\"@id\":\"https:\/\/www.ingenieriaindustrial-usach.cl\/#website\"},\"primaryImageOfPage\":{\"@id\":\"https:\/\/www.ingenieriaindustrial-usach.cl\/ofertas-de-practica\/oferta-de-practica-profesional-analista-rrhh\/#primaryimage\"},\"image\":{\"@id\":\"https:\/\/www.ingenieriaindustrial-usach.cl\/ofertas-de-practica\/oferta-de-practica-profesional-analista-rrhh\/#primaryimage\"},\"thumbnailUrl\":\"https:\/\/www.ingenieriaindustrial-usach.cl\/wp-content\/uploads\/2025\/07\/descarga.jpg\",\"datePublished\":\"2025-07-10T18:47:33+00:00\",\"dateModified\":\"2025-07-10T18:47:33+00:00\",\"breadcrumb\":{\"@id\":\"https:\/\/www.ingenieriaindustrial-usach.cl\/ofertas-de-practica\/oferta-de-practica-profesional-analista-rrhh\/#breadcrumb\"},\"inLanguage\":\"en-US\",\"potentialAction\":[{\"@type\":\"ReadAction\",\"target\":[\"https:\/\/www.ingenieriaindustrial-usach.cl\/ofertas-de-practica\/oferta-de-practica-profesional-analista-rrhh\/\"]}]},{\"@type\":\"ImageObject\",\"inLanguage\":\"en-US\",\"@id\":\"https:\/\/www.ingenieriaindustrial-usach.cl\/ofertas-de-practica\/oferta-de-practica-profesional-analista-rrhh\/#primaryimage\",\"url\":\"https:\/\/www.ingenieriaindustrial-usach.cl\/wp-content\/uploads\/2025\/07\/descarga.jpg\",\"contentUrl\":\"https:\/\/www.ingenieriaindustrial-usach.cl\/wp-content\/uploads\/2025\/07\/descarga.jpg\",\"width\":118,\"height\":111},{\"@type\":\"BreadcrumbList\",\"@id\":\"https:\/\/www.ingenieriaindustrial-usach.cl\/ofertas-de-practica\/oferta-de-practica-profesional-analista-rrhh\/#breadcrumb\",\"itemListElement\":[{\"@type\":\"ListItem\",\"position\":1,\"name\":\"Portada\",\"item\":\"https:\/\/www.ingenieriaindustrial-usach.cl\/\"},{\"@type\":\"ListItem\",\"position\":2,\"name\":\"OFERTA DE PR\u00c1CTICA PROFESIONAL \u2013 ANALISTA RRHH\"}]},{\"@type\":\"WebSite\",\"@id\":\"https:\/\/www.ingenieriaindustrial-usach.cl\/#website\",\"url\":\"https:\/\/www.ingenieriaindustrial-usach.cl\/\",\"name\":\"Departamento de Ingenier\u00eda Industrial Universidad de Santiago\",\"description\":\"Otro sitio realizado con WordPress\",\"publisher\":{\"@id\":\"https:\/\/www.ingenieriaindustrial-usach.cl\/#organization\"},\"potentialAction\":[{\"@type\":\"SearchAction\",\"target\":{\"@type\":\"EntryPoint\",\"urlTemplate\":\"https:\/\/www.ingenieriaindustrial-usach.cl\/?s={search_term_string}\"},\"query-input\":\"required name=search_term_string\"}],\"inLanguage\":\"en-US\"},{\"@type\":\"Organization\",\"@id\":\"https:\/\/www.ingenieriaindustrial-usach.cl\/#organization\",\"name\":\"Departamento de Ingenier\u00eda Industrial Universidad de Santiago\",\"url\":\"https:\/\/www.ingenieriaindustrial-usach.cl\/\",\"logo\":{\"@type\":\"ImageObject\",\"inLanguage\":\"en-US\",\"@id\":\"https:\/\/www.ingenieriaindustrial-usach.cl\/#\/schema\/logo\/image\/\",\"url\":\"https:\/\/www.ingenieriaindustrial-usach.cl\/wp-content\/uploads\/2023\/11\/cropped-favicon_usach-01.png\",\"contentUrl\":\"https:\/\/www.ingenieriaindustrial-usach.cl\/wp-content\/uploads\/2023\/11\/cropped-favicon_usach-01.png\",\"width\":512,\"height\":512,\"caption\":\"Departamento de Ingenier\u00eda Industrial Universidad de Santiago\"},\"image\":{\"@id\":\"https:\/\/www.ingenieriaindustrial-usach.cl\/#\/schema\/logo\/image\/\"},\"sameAs\":[\"https:\/\/web.facebook.com\/Depto.Ingenieria.industrial.UdeSantiagodeChile?_rdc=1&_rdr\",\"https:\/\/www.linkedin.com\/in\/departamento-ingeniera-industrial-usach-94780711b\/\",\"https:\/\/www.instagram.com\/ingenieria_industrial_usach\/\"]},{\"@type\":\"Person\",\"@id\":\"https:\/\/www.ingenieriaindustrial-usach.cl\/#\/schema\/person\/2c3b5a1e7f7c844415eb926003bec7f0\",\"name\":\"Antonia Reyes Ferreira\",\"image\":{\"@type\":\"ImageObject\",\"inLanguage\":\"en-US\",\"@id\":\"https:\/\/www.ingenieriaindustrial-usach.cl\/#\/schema\/person\/image\/\",\"url\":\"https:\/\/www.ingenieriaindustrial-usach.cl\/wp-content\/litespeed\/avatar\/07b400358d4245baeb6cd734acfaceb8.jpg?ver=1777478510\",\"contentUrl\":\"https:\/\/www.ingenieriaindustrial-usach.cl\/wp-content\/litespeed\/avatar\/07b400358d4245baeb6cd734acfaceb8.jpg?ver=1777478510\",\"caption\":\"Antonia Reyes Ferreira\"},\"url\":\"https:\/\/www.ingenieriaindustrial-usach.cl\/en\/author\/antonia\/\"}]}<\/script>\n<!-- \/ Yoast SEO plugin. -->","yoast_head_json":{"title":"OFERTA DE PR\u00c1CTICA PROFESIONAL \u2013 ANALISTA RRHH - Departamento de Ingenier\u00eda Industrial Universidad de Santiago","robots":{"index":"index","follow":"follow","max-snippet":"max-snippet:-1","max-image-preview":"max-image-preview:large","max-video-preview":"max-video-preview:-1"},"canonical":"https:\/\/www.ingenieriaindustrial-usach.cl\/ofertas-de-practica\/oferta-de-practica-profesional-analista-rrhh\/","og_locale":"en_US","og_type":"article","og_title":"OFERTA DE PR\u00c1CTICA PROFESIONAL \u2013 ANALISTA RRHH - Departamento de Ingenier\u00eda Industrial Universidad de Santiago","og_description":"Newrest Chile | Postulaciones abiertas hasta el 30 de septiembre de 2025 Ubicaci\u00f3n: Presencial \u2013 Jornada completa Recepci\u00f3n de CV: isidora.pokluda@newrest.eu \u00a0Descripci\u00f3n de la pr\u00e1ctica: El\/la practicante apoyar\u00e1 tareas administrativas y de coordinaci\u00f3n en el \u00e1rea de Calidad de Vida y Compensaciones, participando en mejoras de procesos internos y en &hellip; Seguir Leyendo &rarr;","og_url":"https:\/\/www.ingenieriaindustrial-usach.cl\/ofertas-de-practica\/oferta-de-practica-profesional-analista-rrhh\/","og_site_name":"Departamento de Ingenier\u00eda Industrial Universidad de Santiago","article_publisher":"https:\/\/web.facebook.com\/Depto.Ingenieria.industrial.UdeSantiagodeChile?_rdc=1&_rdr","article_published_time":"2025-07-10T18:47:33+00:00","og_image":[{"width":118,"height":111,"url":"https:\/\/www.ingenieriaindustrial-usach.cl\/wp-content\/uploads\/2025\/07\/descarga.jpg","type":"image\/jpeg"}],"author":"Antonia Reyes Ferreira","twitter_card":"summary_large_image","twitter_misc":{"Written by":"Antonia Reyes Ferreira","Est. reading time":"1 minute"},"schema":{"@context":"https:\/\/schema.org","@graph":[{"@type":"Article","@id":"https:\/\/www.ingenieriaindustrial-usach.cl\/ofertas-de-practica\/oferta-de-practica-profesional-analista-rrhh\/#article","isPartOf":{"@id":"https:\/\/www.ingenieriaindustrial-usach.cl\/ofertas-de-practica\/oferta-de-practica-profesional-analista-rrhh\/"},"author":{"name":"Antonia Reyes Ferreira","@id":"https:\/\/www.ingenieriaindustrial-usach.cl\/#\/schema\/person\/2c3b5a1e7f7c844415eb926003bec7f0"},"headline":"OFERTA DE PR\u00c1CTICA PROFESIONAL \u2013 ANALISTA RRHH","datePublished":"2025-07-10T18:47:33+00:00","dateModified":"2025-07-10T18:47:33+00:00","mainEntityOfPage":{"@id":"https:\/\/www.ingenieriaindustrial-usach.cl\/ofertas-de-practica\/oferta-de-practica-profesional-analista-rrhh\/"},"wordCount":298,"commentCount":0,"publisher":{"@id":"https:\/\/www.ingenieriaindustrial-usach.cl\/#organization"},"image":{"@id":"https:\/\/www.ingenieriaindustrial-usach.cl\/ofertas-de-practica\/oferta-de-practica-profesional-analista-rrhh\/#primaryimage"},"thumbnailUrl":"https:\/\/www.ingenieriaindustrial-usach.cl\/wp-content\/uploads\/2025\/07\/descarga.jpg","articleSection":["Ofertas de Pr\u00e1ctica"],"inLanguage":"en-US","potentialAction":[{"@type":"CommentAction","name":"Comment","target":["https:\/\/www.ingenieriaindustrial-usach.cl\/ofertas-de-practica\/oferta-de-practica-profesional-analista-rrhh\/#respond"]}]},{"@type":"WebPage","@id":"https:\/\/www.ingenieriaindustrial-usach.cl\/ofertas-de-practica\/oferta-de-practica-profesional-analista-rrhh\/","url":"https:\/\/www.ingenieriaindustrial-usach.cl\/ofertas-de-practica\/oferta-de-practica-profesional-analista-rrhh\/","name":"OFERTA DE PR\u00c1CTICA PROFESIONAL \u2013 ANALISTA RRHH - Departamento de Ingenier\u00eda Industrial Universidad de Santiago","isPartOf":{"@id":"https:\/\/www.ingenieriaindustrial-usach.cl\/#website"},"primaryImageOfPage":{"@id":"https:\/\/www.ingenieriaindustrial-usach.cl\/ofertas-de-practica\/oferta-de-practica-profesional-analista-rrhh\/#primaryimage"},"image":{"@id":"https:\/\/www.ingenieriaindustrial-usach.cl\/ofertas-de-practica\/oferta-de-practica-profesional-analista-rrhh\/#primaryimage"},"thumbnailUrl":"https:\/\/www.ingenieriaindustrial-usach.cl\/wp-content\/uploads\/2025\/07\/descarga.jpg","datePublished":"2025-07-10T18:47:33+00:00","dateModified":"2025-07-10T18:47:33+00:00","breadcrumb":{"@id":"https:\/\/www.ingenieriaindustrial-usach.cl\/ofertas-de-practica\/oferta-de-practica-profesional-analista-rrhh\/#breadcrumb"},"inLanguage":"en-US","potentialAction":[{"@type":"ReadAction","target":["https:\/\/www.ingenieriaindustrial-usach.cl\/ofertas-de-practica\/oferta-de-practica-profesional-analista-rrhh\/"]}]},{"@type":"ImageObject","inLanguage":"en-US","@id":"https:\/\/www.ingenieriaindustrial-usach.cl\/ofertas-de-practica\/oferta-de-practica-profesional-analista-rrhh\/#primaryimage","url":"https:\/\/www.ingenieriaindustrial-usach.cl\/wp-content\/uploads\/2025\/07\/descarga.jpg","contentUrl":"https:\/\/www.ingenieriaindustrial-usach.cl\/wp-content\/uploads\/2025\/07\/descarga.jpg","width":118,"height":111},{"@type":"BreadcrumbList","@id":"https:\/\/www.ingenieriaindustrial-usach.cl\/ofertas-de-practica\/oferta-de-practica-profesional-analista-rrhh\/#breadcrumb","itemListElement":[{"@type":"ListItem","position":1,"name":"Portada","item":"https:\/\/www.ingenieriaindustrial-usach.cl\/"},{"@type":"ListItem","position":2,"name":"OFERTA DE PR\u00c1CTICA PROFESIONAL \u2013 ANALISTA RRHH"}]},{"@type":"WebSite","@id":"https:\/\/www.ingenieriaindustrial-usach.cl\/#website","url":"https:\/\/www.ingenieriaindustrial-usach.cl\/","name":"Departamento de Ingenier\u00eda Industrial Universidad de Santiago","description":"Otro sitio realizado con WordPress","publisher":{"@id":"https:\/\/www.ingenieriaindustrial-usach.cl\/#organization"},"potentialAction":[{"@type":"SearchAction","target":{"@type":"EntryPoint","urlTemplate":"https:\/\/www.ingenieriaindustrial-usach.cl\/?s={search_term_string}"},"query-input":"required name=search_term_string"}],"inLanguage":"en-US"},{"@type":"Organization","@id":"https:\/\/www.ingenieriaindustrial-usach.cl\/#organization","name":"Departamento de Ingenier\u00eda Industrial Universidad de Santiago","url":"https:\/\/www.ingenieriaindustrial-usach.cl\/","logo":{"@type":"ImageObject","inLanguage":"en-US","@id":"https:\/\/www.ingenieriaindustrial-usach.cl\/#\/schema\/logo\/image\/","url":"https:\/\/www.ingenieriaindustrial-usach.cl\/wp-content\/uploads\/2023\/11\/cropped-favicon_usach-01.png","contentUrl":"https:\/\/www.ingenieriaindustrial-usach.cl\/wp-content\/uploads\/2023\/11\/cropped-favicon_usach-01.png","width":512,"height":512,"caption":"Departamento de Ingenier\u00eda Industrial Universidad de Santiago"},"image":{"@id":"https:\/\/www.ingenieriaindustrial-usach.cl\/#\/schema\/logo\/image\/"},"sameAs":["https:\/\/web.facebook.com\/Depto.Ingenieria.industrial.UdeSantiagodeChile?_rdc=1&_rdr","https:\/\/www.linkedin.com\/in\/departamento-ingeniera-industrial-usach-94780711b\/","https:\/\/www.instagram.com\/ingenieria_industrial_usach\/"]},{"@type":"Person","@id":"https:\/\/www.ingenieriaindustrial-usach.cl\/#\/schema\/person\/2c3b5a1e7f7c844415eb926003bec7f0","name":"Antonia Reyes Ferreira","image":{"@type":"ImageObject","inLanguage":"en-US","@id":"https:\/\/www.ingenieriaindustrial-usach.cl\/#\/schema\/person\/image\/","url":"https:\/\/www.ingenieriaindustrial-usach.cl\/wp-content\/litespeed\/avatar\/07b400358d4245baeb6cd734acfaceb8.jpg?ver=1777478510","contentUrl":"https:\/\/www.ingenieriaindustrial-usach.cl\/wp-content\/litespeed\/avatar\/07b400358d4245baeb6cd734acfaceb8.jpg?ver=1777478510","caption":"Antonia Reyes Ferreira"},"url":"https:\/\/www.ingenieriaindustrial-usach.cl\/en\/author\/antonia\/"}]}},"_links":{"self":[{"href":"https:\/\/www.ingenieriaindustrial-usach.cl\/en\/wp-json\/wp\/v2\/posts\/19794"}],"collection":[{"href":"https:\/\/www.ingenieriaindustrial-usach.cl\/en\/wp-json\/wp\/v2\/posts"}],"about":[{"href":"https:\/\/www.ingenieriaindustrial-usach.cl\/en\/wp-json\/wp\/v2\/types\/post"}],"author":[{"embeddable":true,"href":"https:\/\/www.ingenieriaindustrial-usach.cl\/en\/wp-json\/wp\/v2\/users\/5881"}],"replies":[{"embeddable":true,"href":"https:\/\/www.ingenieriaindustrial-usach.cl\/en\/wp-json\/wp\/v2\/comments?post=19794"}],"version-history":[{"count":1,"href":"https:\/\/www.ingenieriaindustrial-usach.cl\/en\/wp-json\/wp\/v2\/posts\/19794\/revisions"}],"predecessor-version":[{"id":19796,"href":"https:\/\/www.ingenieriaindustrial-usach.cl\/en\/wp-json\/wp\/v2\/posts\/19794\/revisions\/19796"}],"wp:featuredmedia":[{"embeddable":true,"href":"https:\/\/www.ingenieriaindustrial-usach.cl\/en\/wp-json\/wp\/v2\/media\/19795"}],"wp:attachment":[{"href":"https:\/\/www.ingenieriaindustrial-usach.cl\/en\/wp-json\/wp\/v2\/media?parent=19794"}],"wp:term":[{"taxonomy":"category","embeddable":true,"href":"https:\/\/www.ingenieriaindustrial-usach.cl\/en\/wp-json\/wp\/v2\/categories?post=19794"},{"taxonomy":"post_tag","embeddable":true,"href":"https:\/\/www.ingenieriaindustrial-usach.cl\/en\/wp-json\/wp\/v2\/tags?post=19794"},{"taxonomy":"tipo","embeddable":true,"href":"https:\/\/www.ingenieriaindustrial-usach.cl\/en\/wp-json\/wp\/v2\/tipo?post=19794"}],"curies":[{"name":"wp","href":"https:\/\/api.w.org\/{rel}","templated":true}]}}