{"id":17597,"date":"2025-04-24T13:54:00","date_gmt":"2025-04-24T17:54:00","guid":{"rendered":"https:\/\/www.ingenieriaindustrial-usach.cl\/?p=17597"},"modified":"2025-04-24T14:02:02","modified_gmt":"2025-04-24T18:02:02","slug":"oferta-laboral-asistente-de-coordinacion","status":"publish","type":"post","link":"https:\/\/www.ingenieriaindustrial-usach.cl\/en\/ofertas-laborales\/oferta-laboral-asistente-de-coordinacion\/","title":{"rendered":"OFERTA LABORAL \u2013 ASISTENTE DE COORDINACI\u00d3N"},"content":{"rendered":"<p><span style=\"font-family: helvetica; font-size: 17px;\">&#x1f539; Empresa: Bignotti Hnos. S.A.<\/span><br \/>\n<span style=\"font-family: helvetica; font-size: 17px;\">&#x1f539; Postula hasta: 2 de mayo de 2025<\/span><br \/>\n<span style=\"font-family: helvetica; font-size: 17px;\">&#x1f539; Jornada: Completa<\/span><br \/>\n<span style=\"font-family: helvetica; font-size: 17px;\">&#x1f539; Modalidad: Presencial<\/span><br \/>\n<span style=\"font-family: helvetica; font-size: 17px;\">&#x1f539; Contacto: Lisbeth Riquelme, Jefa de Coordinaci\u00f3n<\/span><br \/>\n<span style=\"font-family: helvetica; font-size: 17px;\">&#x1f4e7; Correo: lriquelme@bignottihnos.cl<\/span><br \/>\n<span style=\"font-family: helvetica; font-size: 17px;\">&#x1f4de; Tel\u00e9fono: +56 9 4483 9047<\/span><\/p>\n<p>&nbsp;<\/p>\n<p><span style=\"font-family: helvetica; font-size: 17px;\">Descripci\u00f3n del cargo:<\/span><br \/>\n<span style=\"font-family: helvetica; font-size: 17px;\">Bignotti Hnos. S.A. busca incorporar a su equipo un\/a Asistente de Coordinaci\u00f3n que apoye la gesti\u00f3n operativa y administrativa del \u00e1rea. La persona seleccionada ser\u00e1 clave para asegurar el cumplimiento de las \u00f3rdenes de trabajo y metas planificadas, coordinando materiales, recursos y reportes de seguimiento para las distintas \u00e1reas de la empresa.<\/span><\/p>\n<p><span style=\"font-family: helvetica; font-size: 17px;\">Principales funciones:<\/span><br \/>\n<span style=\"font-family: helvetica; font-size: 17px;\">Apoyar la coordinaci\u00f3n de trabajos en planta o terreno.<\/span><br \/>\n<span style=\"font-family: helvetica; font-size: 17px;\">Hacer seguimiento de materiales y recursos para la ejecuci\u00f3n de OT.<\/span><br \/>\n<span style=\"font-family: helvetica; font-size: 17px;\">Verificar cumplimiento de planificaci\u00f3n y generar reportes.<\/span><br \/>\n<span style=\"font-family: helvetica; font-size: 17px;\">Elaborar cartas Gantt, informes de avance y reportes de desviaciones.<\/span><br \/>\n<span style=\"font-family: helvetica; font-size: 17px;\">Coordinar con \u00e1reas como ventas, producci\u00f3n y log\u00edstica.<\/span><br \/>\n<span style=\"font-family: helvetica; font-size: 17px;\">Proponer mejoras en procesos de planificaci\u00f3n y control.<\/span><\/p>\n<p>&nbsp;<\/p>\n<p><span style=\"font-family: helvetica; font-size: 17px;\">Requisitos:<\/span><br \/>\n<span style=\"font-family: helvetica; font-size: 17px;\">Titulado\/a en Ingenier\u00eda de Ejecuci\u00f3n, Ingenier\u00eda Civil Industrial o Ingenier\u00eda Industrial.<\/span><br \/>\n<span style=\"font-family: helvetica; font-size: 17px;\">Manejo avanzado de Excel y herramientas de planificaci\u00f3n.<\/span><br \/>\n<span style=\"font-family: helvetica; font-size: 17px;\">Alta capacidad organizativa, atenci\u00f3n al detalle.<\/span><br \/>\n<span style=\"font-family: helvetica; font-size: 17px;\">Buenas habilidades comunicacionales y capacidad para trabajar en equipo.<\/span><\/p>\n<p>&nbsp;<\/p>\n<p><span style=\"font-family: helvetica; font-size: 17px;\">Beneficios:<\/span><br \/>\n<span style=\"font-family: helvetica; font-size: 17px;\">Bono de movilizaci\u00f3n.<\/span><br \/>\n<span style=\"font-family: helvetica; font-size: 17px;\">Colaci\u00f3n.<\/span><\/p>\n<p><span style=\"font-family: helvetica; font-size: 17px;\">&#x1f4e8; Interesados\/as enviar CV y documentaci\u00f3n a: lriquelme@bignottihnos.cl<\/span><\/p>","protected":false},"excerpt":{"rendered":"<p>&#x1f539; Empresa: Bignotti Hnos. S.A. &#x1f539; Postula hasta: 2 de mayo de 2025 &#x1f539; Jornada: Completa &#x1f539; Modalidad: Presencial &#x1f539; Contacto: Lisbeth Riquelme, Jefa de Coordinaci\u00f3n &#x1f4e7; Correo: lriquelme@bignottihnos.cl &#x1f4de; Tel\u00e9fono: +56 9 4483 9047 &nbsp; Descripci\u00f3n del cargo: Bignotti Hnos. S.A. busca incorporar a su equipo un\/a Asistente de &hellip; <a class=\"readmore\" href=\"https:\/\/www.ingenieriaindustrial-usach.cl\/en\/ofertas-laborales\/oferta-laboral-asistente-de-coordinacion\/\">Seguir Leyendo <span class=\"meta-nav\">&rarr;<\/span><\/a><\/p>\n","protected":false},"author":5881,"featured_media":17599,"comment_status":"open","ping_status":"open","sticky":false,"template":"","format":"standard","meta":{"footnotes":"","_links_to":"","_links_to_target":""},"categories":[13],"tags":[],"tipo":[],"yoast_head":"<!-- This site is optimized with the Yoast SEO plugin v23.0 - https:\/\/yoast.com\/wordpress\/plugins\/seo\/ -->\n<title>OFERTA LABORAL \u2013 ASISTENTE DE COORDINACI\u00d3N - Departamento de Ingenier\u00eda Industrial Universidad de Santiago<\/title>\n<meta name=\"robots\" content=\"index, follow, max-snippet:-1, max-image-preview:large, max-video-preview:-1\" \/>\n<link rel=\"canonical\" href=\"https:\/\/www.ingenieriaindustrial-usach.cl\/ofertas-laborales\/oferta-laboral-asistente-de-coordinacion\/\" \/>\n<meta property=\"og:locale\" content=\"en_US\" \/>\n<meta property=\"og:type\" content=\"article\" \/>\n<meta property=\"og:title\" content=\"OFERTA LABORAL \u2013 ASISTENTE DE COORDINACI\u00d3N - Departamento de Ingenier\u00eda Industrial Universidad de Santiago\" \/>\n<meta property=\"og:description\" content=\"&#x1f539; Empresa: Bignotti Hnos. S.A. &#x1f539; Postula hasta: 2 de mayo de 2025 &#x1f539; Jornada: Completa &#x1f539; Modalidad: Presencial &#x1f539; Contacto: Lisbeth Riquelme, Jefa de Coordinaci\u00f3n &#x1f4e7; Correo: lriquelme@bignottihnos.cl &#x1f4de; Tel\u00e9fono: +56 9 4483 9047 &nbsp; Descripci\u00f3n del cargo: Bignotti Hnos. S.A. busca incorporar a su equipo un\/a Asistente de &hellip; Seguir Leyendo &rarr;\" \/>\n<meta property=\"og:url\" content=\"https:\/\/www.ingenieriaindustrial-usach.cl\/ofertas-laborales\/oferta-laboral-asistente-de-coordinacion\/\" \/>\n<meta property=\"og:site_name\" content=\"Departamento de Ingenier\u00eda Industrial Universidad de Santiago\" \/>\n<meta property=\"article:publisher\" content=\"https:\/\/web.facebook.com\/Depto.Ingenieria.industrial.UdeSantiagodeChile?_rdc=1&amp;_rdr\" \/>\n<meta property=\"article:published_time\" content=\"2025-04-24T17:54:00+00:00\" \/>\n<meta property=\"article:modified_time\" content=\"2025-04-24T18:02:02+00:00\" \/>\n<meta property=\"og:image\" content=\"https:\/\/www.ingenieriaindustrial-usach.cl\/wp-content\/uploads\/2025\/04\/EwvhkILAABYPsOfXobeoxXoZvmbAqSXbHOEzQzobnegurXJVKkRycoHQtPeYrZXV.png\" \/>\n\t<meta property=\"og:image:width\" content=\"314\" \/>\n\t<meta property=\"og:image:height\" content=\"98\" \/>\n\t<meta property=\"og:image:type\" content=\"image\/png\" \/>\n<meta name=\"author\" content=\"Antonia Reyes Ferreira\" \/>\n<meta name=\"twitter:card\" content=\"summary_large_image\" \/>\n<meta name=\"twitter:label1\" content=\"Written by\" \/>\n\t<meta name=\"twitter:data1\" content=\"Antonia Reyes Ferreira\" \/>\n\t<meta name=\"twitter:label2\" content=\"Est. reading time\" \/>\n\t<meta name=\"twitter:data2\" content=\"2 minutes\" \/>\n<script type=\"application\/ld+json\" class=\"yoast-schema-graph\">{\"@context\":\"https:\/\/schema.org\",\"@graph\":[{\"@type\":\"Article\",\"@id\":\"https:\/\/www.ingenieriaindustrial-usach.cl\/ofertas-laborales\/oferta-laboral-asistente-de-coordinacion\/#article\",\"isPartOf\":{\"@id\":\"https:\/\/www.ingenieriaindustrial-usach.cl\/ofertas-laborales\/oferta-laboral-asistente-de-coordinacion\/\"},\"author\":{\"name\":\"Antonia Reyes Ferreira\",\"@id\":\"https:\/\/www.ingenieriaindustrial-usach.cl\/#\/schema\/person\/2c3b5a1e7f7c844415eb926003bec7f0\"},\"headline\":\"OFERTA LABORAL \u2013 ASISTENTE DE COORDINACI\u00d3N\",\"datePublished\":\"2025-04-24T17:54:00+00:00\",\"dateModified\":\"2025-04-24T18:02:02+00:00\",\"mainEntityOfPage\":{\"@id\":\"https:\/\/www.ingenieriaindustrial-usach.cl\/ofertas-laborales\/oferta-laboral-asistente-de-coordinacion\/\"},\"wordCount\":466,\"commentCount\":0,\"publisher\":{\"@id\":\"https:\/\/www.ingenieriaindustrial-usach.cl\/#organization\"},\"image\":{\"@id\":\"https:\/\/www.ingenieriaindustrial-usach.cl\/ofertas-laborales\/oferta-laboral-asistente-de-coordinacion\/#primaryimage\"},\"thumbnailUrl\":\"https:\/\/www.ingenieriaindustrial-usach.cl\/wp-content\/uploads\/2025\/04\/EwvhkILAABYPsOfXobeoxXoZvmbAqSXbHOEzQzobnegurXJVKkRycoHQtPeYrZXV.png\",\"articleSection\":[\"Ofertas Laborales\"],\"inLanguage\":\"en-US\",\"potentialAction\":[{\"@type\":\"CommentAction\",\"name\":\"Comment\",\"target\":[\"https:\/\/www.ingenieriaindustrial-usach.cl\/ofertas-laborales\/oferta-laboral-asistente-de-coordinacion\/#respond\"]}]},{\"@type\":\"WebPage\",\"@id\":\"https:\/\/www.ingenieriaindustrial-usach.cl\/ofertas-laborales\/oferta-laboral-asistente-de-coordinacion\/\",\"url\":\"https:\/\/www.ingenieriaindustrial-usach.cl\/ofertas-laborales\/oferta-laboral-asistente-de-coordinacion\/\",\"name\":\"OFERTA LABORAL \u2013 ASISTENTE DE COORDINACI\u00d3N - Departamento de Ingenier\u00eda Industrial Universidad de Santiago\",\"isPartOf\":{\"@id\":\"https:\/\/www.ingenieriaindustrial-usach.cl\/#website\"},\"primaryImageOfPage\":{\"@id\":\"https:\/\/www.ingenieriaindustrial-usach.cl\/ofertas-laborales\/oferta-laboral-asistente-de-coordinacion\/#primaryimage\"},\"image\":{\"@id\":\"https:\/\/www.ingenieriaindustrial-usach.cl\/ofertas-laborales\/oferta-laboral-asistente-de-coordinacion\/#primaryimage\"},\"thumbnailUrl\":\"https:\/\/www.ingenieriaindustrial-usach.cl\/wp-content\/uploads\/2025\/04\/EwvhkILAABYPsOfXobeoxXoZvmbAqSXbHOEzQzobnegurXJVKkRycoHQtPeYrZXV.png\",\"datePublished\":\"2025-04-24T17:54:00+00:00\",\"dateModified\":\"2025-04-24T18:02:02+00:00\",\"breadcrumb\":{\"@id\":\"https:\/\/www.ingenieriaindustrial-usach.cl\/ofertas-laborales\/oferta-laboral-asistente-de-coordinacion\/#breadcrumb\"},\"inLanguage\":\"en-US\",\"potentialAction\":[{\"@type\":\"ReadAction\",\"target\":[\"https:\/\/www.ingenieriaindustrial-usach.cl\/ofertas-laborales\/oferta-laboral-asistente-de-coordinacion\/\"]}]},{\"@type\":\"ImageObject\",\"inLanguage\":\"en-US\",\"@id\":\"https:\/\/www.ingenieriaindustrial-usach.cl\/ofertas-laborales\/oferta-laboral-asistente-de-coordinacion\/#primaryimage\",\"url\":\"https:\/\/www.ingenieriaindustrial-usach.cl\/wp-content\/uploads\/2025\/04\/EwvhkILAABYPsOfXobeoxXoZvmbAqSXbHOEzQzobnegurXJVKkRycoHQtPeYrZXV.png\",\"contentUrl\":\"https:\/\/www.ingenieriaindustrial-usach.cl\/wp-content\/uploads\/2025\/04\/EwvhkILAABYPsOfXobeoxXoZvmbAqSXbHOEzQzobnegurXJVKkRycoHQtPeYrZXV.png\",\"width\":314,\"height\":98},{\"@type\":\"BreadcrumbList\",\"@id\":\"https:\/\/www.ingenieriaindustrial-usach.cl\/ofertas-laborales\/oferta-laboral-asistente-de-coordinacion\/#breadcrumb\",\"itemListElement\":[{\"@type\":\"ListItem\",\"position\":1,\"name\":\"Portada\",\"item\":\"https:\/\/www.ingenieriaindustrial-usach.cl\/\"},{\"@type\":\"ListItem\",\"position\":2,\"name\":\"OFERTA LABORAL \u2013 ASISTENTE DE COORDINACI\u00d3N\"}]},{\"@type\":\"WebSite\",\"@id\":\"https:\/\/www.ingenieriaindustrial-usach.cl\/#website\",\"url\":\"https:\/\/www.ingenieriaindustrial-usach.cl\/\",\"name\":\"Departamento de Ingenier\u00eda Industrial Universidad de Santiago\",\"description\":\"Otro sitio realizado con WordPress\",\"publisher\":{\"@id\":\"https:\/\/www.ingenieriaindustrial-usach.cl\/#organization\"},\"potentialAction\":[{\"@type\":\"SearchAction\",\"target\":{\"@type\":\"EntryPoint\",\"urlTemplate\":\"https:\/\/www.ingenieriaindustrial-usach.cl\/?s={search_term_string}\"},\"query-input\":\"required name=search_term_string\"}],\"inLanguage\":\"en-US\"},{\"@type\":\"Organization\",\"@id\":\"https:\/\/www.ingenieriaindustrial-usach.cl\/#organization\",\"name\":\"Departamento de Ingenier\u00eda Industrial Universidad de Santiago\",\"url\":\"https:\/\/www.ingenieriaindustrial-usach.cl\/\",\"logo\":{\"@type\":\"ImageObject\",\"inLanguage\":\"en-US\",\"@id\":\"https:\/\/www.ingenieriaindustrial-usach.cl\/#\/schema\/logo\/image\/\",\"url\":\"https:\/\/www.ingenieriaindustrial-usach.cl\/wp-content\/uploads\/2023\/11\/cropped-favicon_usach-01.png\",\"contentUrl\":\"https:\/\/www.ingenieriaindustrial-usach.cl\/wp-content\/uploads\/2023\/11\/cropped-favicon_usach-01.png\",\"width\":512,\"height\":512,\"caption\":\"Departamento de Ingenier\u00eda Industrial Universidad de Santiago\"},\"image\":{\"@id\":\"https:\/\/www.ingenieriaindustrial-usach.cl\/#\/schema\/logo\/image\/\"},\"sameAs\":[\"https:\/\/web.facebook.com\/Depto.Ingenieria.industrial.UdeSantiagodeChile?_rdc=1&_rdr\",\"https:\/\/www.linkedin.com\/in\/departamento-ingeniera-industrial-usach-94780711b\/\",\"https:\/\/www.instagram.com\/ingenieria_industrial_usach\/\"]},{\"@type\":\"Person\",\"@id\":\"https:\/\/www.ingenieriaindustrial-usach.cl\/#\/schema\/person\/2c3b5a1e7f7c844415eb926003bec7f0\",\"name\":\"Antonia Reyes Ferreira\",\"image\":{\"@type\":\"ImageObject\",\"inLanguage\":\"en-US\",\"@id\":\"https:\/\/www.ingenieriaindustrial-usach.cl\/#\/schema\/person\/image\/\",\"url\":\"https:\/\/www.ingenieriaindustrial-usach.cl\/wp-content\/litespeed\/avatar\/07b400358d4245baeb6cd734acfaceb8.jpg?ver=1777478510\",\"contentUrl\":\"https:\/\/www.ingenieriaindustrial-usach.cl\/wp-content\/litespeed\/avatar\/07b400358d4245baeb6cd734acfaceb8.jpg?ver=1777478510\",\"caption\":\"Antonia Reyes Ferreira\"},\"url\":\"https:\/\/www.ingenieriaindustrial-usach.cl\/en\/author\/antonia\/\"}]}<\/script>\n<!-- \/ Yoast SEO plugin. -->","yoast_head_json":{"title":"OFERTA LABORAL \u2013 ASISTENTE DE COORDINACI\u00d3N - Departamento de Ingenier\u00eda Industrial Universidad de Santiago","robots":{"index":"index","follow":"follow","max-snippet":"max-snippet:-1","max-image-preview":"max-image-preview:large","max-video-preview":"max-video-preview:-1"},"canonical":"https:\/\/www.ingenieriaindustrial-usach.cl\/ofertas-laborales\/oferta-laboral-asistente-de-coordinacion\/","og_locale":"en_US","og_type":"article","og_title":"OFERTA LABORAL \u2013 ASISTENTE DE COORDINACI\u00d3N - Departamento de Ingenier\u00eda Industrial Universidad de Santiago","og_description":"&#x1f539; Empresa: Bignotti Hnos. S.A. &#x1f539; Postula hasta: 2 de mayo de 2025 &#x1f539; Jornada: Completa &#x1f539; Modalidad: Presencial &#x1f539; Contacto: Lisbeth Riquelme, Jefa de Coordinaci\u00f3n &#x1f4e7; Correo: lriquelme@bignottihnos.cl &#x1f4de; Tel\u00e9fono: +56 9 4483 9047 &nbsp; Descripci\u00f3n del cargo: Bignotti Hnos. S.A. busca incorporar a su equipo un\/a Asistente de &hellip; Seguir Leyendo &rarr;","og_url":"https:\/\/www.ingenieriaindustrial-usach.cl\/ofertas-laborales\/oferta-laboral-asistente-de-coordinacion\/","og_site_name":"Departamento de Ingenier\u00eda Industrial Universidad de Santiago","article_publisher":"https:\/\/web.facebook.com\/Depto.Ingenieria.industrial.UdeSantiagodeChile?_rdc=1&_rdr","article_published_time":"2025-04-24T17:54:00+00:00","article_modified_time":"2025-04-24T18:02:02+00:00","og_image":[{"width":314,"height":98,"url":"https:\/\/www.ingenieriaindustrial-usach.cl\/wp-content\/uploads\/2025\/04\/EwvhkILAABYPsOfXobeoxXoZvmbAqSXbHOEzQzobnegurXJVKkRycoHQtPeYrZXV.png","type":"image\/png"}],"author":"Antonia Reyes Ferreira","twitter_card":"summary_large_image","twitter_misc":{"Written by":"Antonia Reyes Ferreira","Est. reading time":"2 minutes"},"schema":{"@context":"https:\/\/schema.org","@graph":[{"@type":"Article","@id":"https:\/\/www.ingenieriaindustrial-usach.cl\/ofertas-laborales\/oferta-laboral-asistente-de-coordinacion\/#article","isPartOf":{"@id":"https:\/\/www.ingenieriaindustrial-usach.cl\/ofertas-laborales\/oferta-laboral-asistente-de-coordinacion\/"},"author":{"name":"Antonia Reyes Ferreira","@id":"https:\/\/www.ingenieriaindustrial-usach.cl\/#\/schema\/person\/2c3b5a1e7f7c844415eb926003bec7f0"},"headline":"OFERTA LABORAL \u2013 ASISTENTE DE COORDINACI\u00d3N","datePublished":"2025-04-24T17:54:00+00:00","dateModified":"2025-04-24T18:02:02+00:00","mainEntityOfPage":{"@id":"https:\/\/www.ingenieriaindustrial-usach.cl\/ofertas-laborales\/oferta-laboral-asistente-de-coordinacion\/"},"wordCount":466,"commentCount":0,"publisher":{"@id":"https:\/\/www.ingenieriaindustrial-usach.cl\/#organization"},"image":{"@id":"https:\/\/www.ingenieriaindustrial-usach.cl\/ofertas-laborales\/oferta-laboral-asistente-de-coordinacion\/#primaryimage"},"thumbnailUrl":"https:\/\/www.ingenieriaindustrial-usach.cl\/wp-content\/uploads\/2025\/04\/EwvhkILAABYPsOfXobeoxXoZvmbAqSXbHOEzQzobnegurXJVKkRycoHQtPeYrZXV.png","articleSection":["Ofertas Laborales"],"inLanguage":"en-US","potentialAction":[{"@type":"CommentAction","name":"Comment","target":["https:\/\/www.ingenieriaindustrial-usach.cl\/ofertas-laborales\/oferta-laboral-asistente-de-coordinacion\/#respond"]}]},{"@type":"WebPage","@id":"https:\/\/www.ingenieriaindustrial-usach.cl\/ofertas-laborales\/oferta-laboral-asistente-de-coordinacion\/","url":"https:\/\/www.ingenieriaindustrial-usach.cl\/ofertas-laborales\/oferta-laboral-asistente-de-coordinacion\/","name":"OFERTA LABORAL \u2013 ASISTENTE DE COORDINACI\u00d3N - Departamento de Ingenier\u00eda Industrial Universidad de Santiago","isPartOf":{"@id":"https:\/\/www.ingenieriaindustrial-usach.cl\/#website"},"primaryImageOfPage":{"@id":"https:\/\/www.ingenieriaindustrial-usach.cl\/ofertas-laborales\/oferta-laboral-asistente-de-coordinacion\/#primaryimage"},"image":{"@id":"https:\/\/www.ingenieriaindustrial-usach.cl\/ofertas-laborales\/oferta-laboral-asistente-de-coordinacion\/#primaryimage"},"thumbnailUrl":"https:\/\/www.ingenieriaindustrial-usach.cl\/wp-content\/uploads\/2025\/04\/EwvhkILAABYPsOfXobeoxXoZvmbAqSXbHOEzQzobnegurXJVKkRycoHQtPeYrZXV.png","datePublished":"2025-04-24T17:54:00+00:00","dateModified":"2025-04-24T18:02:02+00:00","breadcrumb":{"@id":"https:\/\/www.ingenieriaindustrial-usach.cl\/ofertas-laborales\/oferta-laboral-asistente-de-coordinacion\/#breadcrumb"},"inLanguage":"en-US","potentialAction":[{"@type":"ReadAction","target":["https:\/\/www.ingenieriaindustrial-usach.cl\/ofertas-laborales\/oferta-laboral-asistente-de-coordinacion\/"]}]},{"@type":"ImageObject","inLanguage":"en-US","@id":"https:\/\/www.ingenieriaindustrial-usach.cl\/ofertas-laborales\/oferta-laboral-asistente-de-coordinacion\/#primaryimage","url":"https:\/\/www.ingenieriaindustrial-usach.cl\/wp-content\/uploads\/2025\/04\/EwvhkILAABYPsOfXobeoxXoZvmbAqSXbHOEzQzobnegurXJVKkRycoHQtPeYrZXV.png","contentUrl":"https:\/\/www.ingenieriaindustrial-usach.cl\/wp-content\/uploads\/2025\/04\/EwvhkILAABYPsOfXobeoxXoZvmbAqSXbHOEzQzobnegurXJVKkRycoHQtPeYrZXV.png","width":314,"height":98},{"@type":"BreadcrumbList","@id":"https:\/\/www.ingenieriaindustrial-usach.cl\/ofertas-laborales\/oferta-laboral-asistente-de-coordinacion\/#breadcrumb","itemListElement":[{"@type":"ListItem","position":1,"name":"Portada","item":"https:\/\/www.ingenieriaindustrial-usach.cl\/"},{"@type":"ListItem","position":2,"name":"OFERTA LABORAL \u2013 ASISTENTE DE COORDINACI\u00d3N"}]},{"@type":"WebSite","@id":"https:\/\/www.ingenieriaindustrial-usach.cl\/#website","url":"https:\/\/www.ingenieriaindustrial-usach.cl\/","name":"Departamento de Ingenier\u00eda Industrial Universidad de Santiago","description":"Otro sitio realizado con WordPress","publisher":{"@id":"https:\/\/www.ingenieriaindustrial-usach.cl\/#organization"},"potentialAction":[{"@type":"SearchAction","target":{"@type":"EntryPoint","urlTemplate":"https:\/\/www.ingenieriaindustrial-usach.cl\/?s={search_term_string}"},"query-input":"required name=search_term_string"}],"inLanguage":"en-US"},{"@type":"Organization","@id":"https:\/\/www.ingenieriaindustrial-usach.cl\/#organization","name":"Departamento de Ingenier\u00eda Industrial Universidad de Santiago","url":"https:\/\/www.ingenieriaindustrial-usach.cl\/","logo":{"@type":"ImageObject","inLanguage":"en-US","@id":"https:\/\/www.ingenieriaindustrial-usach.cl\/#\/schema\/logo\/image\/","url":"https:\/\/www.ingenieriaindustrial-usach.cl\/wp-content\/uploads\/2023\/11\/cropped-favicon_usach-01.png","contentUrl":"https:\/\/www.ingenieriaindustrial-usach.cl\/wp-content\/uploads\/2023\/11\/cropped-favicon_usach-01.png","width":512,"height":512,"caption":"Departamento de Ingenier\u00eda Industrial Universidad de Santiago"},"image":{"@id":"https:\/\/www.ingenieriaindustrial-usach.cl\/#\/schema\/logo\/image\/"},"sameAs":["https:\/\/web.facebook.com\/Depto.Ingenieria.industrial.UdeSantiagodeChile?_rdc=1&_rdr","https:\/\/www.linkedin.com\/in\/departamento-ingeniera-industrial-usach-94780711b\/","https:\/\/www.instagram.com\/ingenieria_industrial_usach\/"]},{"@type":"Person","@id":"https:\/\/www.ingenieriaindustrial-usach.cl\/#\/schema\/person\/2c3b5a1e7f7c844415eb926003bec7f0","name":"Antonia Reyes Ferreira","image":{"@type":"ImageObject","inLanguage":"en-US","@id":"https:\/\/www.ingenieriaindustrial-usach.cl\/#\/schema\/person\/image\/","url":"https:\/\/www.ingenieriaindustrial-usach.cl\/wp-content\/litespeed\/avatar\/07b400358d4245baeb6cd734acfaceb8.jpg?ver=1777478510","contentUrl":"https:\/\/www.ingenieriaindustrial-usach.cl\/wp-content\/litespeed\/avatar\/07b400358d4245baeb6cd734acfaceb8.jpg?ver=1777478510","caption":"Antonia Reyes Ferreira"},"url":"https:\/\/www.ingenieriaindustrial-usach.cl\/en\/author\/antonia\/"}]}},"_links":{"self":[{"href":"https:\/\/www.ingenieriaindustrial-usach.cl\/en\/wp-json\/wp\/v2\/posts\/17597"}],"collection":[{"href":"https:\/\/www.ingenieriaindustrial-usach.cl\/en\/wp-json\/wp\/v2\/posts"}],"about":[{"href":"https:\/\/www.ingenieriaindustrial-usach.cl\/en\/wp-json\/wp\/v2\/types\/post"}],"author":[{"embeddable":true,"href":"https:\/\/www.ingenieriaindustrial-usach.cl\/en\/wp-json\/wp\/v2\/users\/5881"}],"replies":[{"embeddable":true,"href":"https:\/\/www.ingenieriaindustrial-usach.cl\/en\/wp-json\/wp\/v2\/comments?post=17597"}],"version-history":[{"count":2,"href":"https:\/\/www.ingenieriaindustrial-usach.cl\/en\/wp-json\/wp\/v2\/posts\/17597\/revisions"}],"predecessor-version":[{"id":17601,"href":"https:\/\/www.ingenieriaindustrial-usach.cl\/en\/wp-json\/wp\/v2\/posts\/17597\/revisions\/17601"}],"wp:featuredmedia":[{"embeddable":true,"href":"https:\/\/www.ingenieriaindustrial-usach.cl\/en\/wp-json\/wp\/v2\/media\/17599"}],"wp:attachment":[{"href":"https:\/\/www.ingenieriaindustrial-usach.cl\/en\/wp-json\/wp\/v2\/media?parent=17597"}],"wp:term":[{"taxonomy":"category","embeddable":true,"href":"https:\/\/www.ingenieriaindustrial-usach.cl\/en\/wp-json\/wp\/v2\/categories?post=17597"},{"taxonomy":"post_tag","embeddable":true,"href":"https:\/\/www.ingenieriaindustrial-usach.cl\/en\/wp-json\/wp\/v2\/tags?post=17597"},{"taxonomy":"tipo","embeddable":true,"href":"https:\/\/www.ingenieriaindustrial-usach.cl\/en\/wp-json\/wp\/v2\/tipo?post=17597"}],"curies":[{"name":"wp","href":"https:\/\/api.w.org\/{rel}","templated":true}]}}